{"id":36582,"date":"2025-10-01T10:00:52","date_gmt":"2025-10-01T13:00:52","guid":{"rendered":"https:\/\/explora.cl\/aricayparinacota\/?p=36582"},"modified":"2025-10-01T11:59:44","modified_gmt":"2025-10-01T14:59:44","slug":"36582-2","status":"publish","type":"post","link":"https:\/\/explora.cl\/aricayparinacota\/36582-2\/","title":{"rendered":"Postula a Explora en Movimiento 2025 con la actividad \u201cAprendo en Movimiento\u201d"},"content":{"rendered":"<p style=\"text-align: center\"><strong>\u00a1Invitaci\u00f3n a la comunidad de educaci\u00f3n parvularia!<\/strong><\/p>\n<p>El Proyecto Explora Arica y Parinacota, ejecutado por la Universidad de Tarapac\u00e1 y financiado por el Ministerio de Ciencia, Tecnolog\u00eda, Conocimiento e Innovaci\u00f3n, abre su convocatoria para que educadoras y equipos pedag\u00f3gicos de educaci\u00f3n parvularia participen en la iniciativa regional Explora en Movimiento: Matem\u00e1ticas F\u00edsicamente Activas (MAF).<\/p>\n<p><!--more--><\/p>\n<p><strong>\u00bfCu\u00e1l es su objetivo?<\/strong><\/p>\n<p>Aprendo en Movimiento es una propuesta que invita a ni\u00f1as y ni\u00f1os a aprender matem\u00e1ticas jugando y bailando, reforzando contenidos como n\u00fameros naturales, posici\u00f3n y letras a trav\u00e9s de coreograf\u00edas y m\u00fasica.<\/p>\n<p>El equipo Explora entregar\u00e1 videos de apoyo, recursos audiovisuales y acompa\u00f1amiento pedag\u00f3gico (presencial y remoto) para que cada equipo pueda implementar la actividad en su jard\u00edn infantil o establecimiento.<\/p>\n<p>La experiencia culminar\u00e1 con una presentaci\u00f3n final, donde los estudiantes compartir\u00e1n su coreograf\u00eda ante su comunidad educativa o en un espacio p\u00fablico.<\/p>\n<p>&nbsp;<\/p>\n<p><strong>\u00bfQui\u00e9nes pueden participar?<\/strong><\/p>\n<p>Pueden postular educadoras de p\u00e1rvulos y sus equipos pedag\u00f3gicos (t\u00e9cnicos\/as, asistentes u otros profesionales) de establecimientos de la Regi\u00f3n de Arica y Parinacota con v\u00ednculo formal reconocido por el Ministerio de Educaci\u00f3n.<\/p>\n<p>&nbsp;<\/p>\n<p>Beneficios para los equipos seleccionados<\/p>\n<p>Recursos y materiales audiovisuales para implementar la actividad.<\/p>\n<p>Dos acompa\u00f1amientos del equipo Explora durante el proceso.<\/p>\n<p>Certificados de participaci\u00f3n para educadoras\/es y estudiantes.<\/p>\n<p>&nbsp;<\/p>\n<p><strong>Fechas clave<\/strong><\/p>\n<p>Inicio de postulaciones: 22 de septiembre<\/p>\n<p>Cierre de postulaciones: 13 de octubre<\/p>\n<p>Presentaciones finales: 27 de octubre al 30 de noviembre<\/p>\n<p>&nbsp;<\/p>\n<p><strong>\u00a1Postula aqu\u00ed!<\/strong><\/p>\n<ul>\n<li><a href=\"https:\/\/docs.google.com\/forms\/d\/e\/1FAIpQLSd6fAWXrp5DAvQakKo-VZWP7LROnKXXyQKe9eT4w9NmVBp3pw\/viewform?usp=dialog\" target=\"_blank\" rel=\"noopener\">Completa el formulario de postulaci\u00f3n<\/a><\/li>\n<\/ul>\n<p>&nbsp;<\/p>\n<p>Para m\u00e1s informaci\u00f3n, descarga las bases de la convocatoria<\/p>\n<p>y revisa todos los requisitos.<\/p>\n<p><strong>Insp\u00edrate!!<\/strong><\/p>\n<p>Te invitamos a <a href=\"https:\/\/www.youtube.com\/watch?v=k_ZRf80wJiI\" target=\"_blank\" rel=\"noopener\">ver el video<\/a> de presentaci\u00f3n para conocer c\u00f3mo se vive la experiencia de Aprendo en Movimiento.<\/p>\n","protected":false},"excerpt":{"rendered":"<p>\u00a1Invitaci\u00f3n a la comunidad de educaci\u00f3n parvularia! El Proyecto Explora Arica y Parinacota, ejecutado por la Universidad de Tarapac\u00e1 y financiado por el Ministerio de Ciencia, Tecnolog\u00eda, Conocimiento e Innovaci\u00f3n, abre su convocatoria para que educadoras y equipos pedag\u00f3gicos de educaci\u00f3n parvularia participen en la iniciativa regional Explora en Movimiento: Matem\u00e1ticas F\u00edsicamente Activas (MAF).<\/p>\n","protected":false},"author":17,"featured_media":36587,"comment_status":"open","ping_status":"open","sticky":false,"template":"","format":"standard","meta":{"_acf_changed":false,"_exactmetrics_skip_tracking":false,"_exactmetrics_sitenote_active":false,"_exactmetrics_sitenote_note":"","_exactmetrics_sitenote_category":0,"footnotes":"","_links_to":"","_links_to_target":""},"categories":[151,4],"tags":[],"class_list":["post-36582","post","type-post","status-publish","format-standard","has-post-thumbnail","hentry","category-banner","category-noticias"],"acf":[],"yoast_head":"<!-- This site is optimized with the Yoast SEO plugin v26.9 - https:\/\/yoast.com\/product\/yoast-seo-wordpress\/ -->\n<title>Postula a Explora en Movimiento 2025 con la actividad \u201cAprendo en Movimiento\u201d - Arica y Parinacota<\/title>\n<meta name=\"robots\" content=\"index, follow, max-snippet:-1, max-image-preview:large, max-video-preview:-1\" \/>\n<link rel=\"canonical\" href=\"https:\/\/explora.cl\/aricayparinacota\/36582-2\/\" class=\"yoast-seo-meta-tag\" \/>\n<meta property=\"og:locale\" content=\"es_ES\" class=\"yoast-seo-meta-tag\" \/>\n<meta property=\"og:type\" content=\"article\" class=\"yoast-seo-meta-tag\" \/>\n<meta property=\"og:title\" content=\"Postula a Explora en Movimiento 2025 con la actividad \u201cAprendo en Movimiento\u201d - Arica y Parinacota\" class=\"yoast-seo-meta-tag\" \/>\n<meta property=\"og:description\" content=\"\u00a1Invitaci\u00f3n a la comunidad de educaci\u00f3n parvularia! El Proyecto Explora Arica y Parinacota, ejecutado por la Universidad de Tarapac\u00e1 y financiado por el Ministerio de Ciencia, Tecnolog\u00eda, Conocimiento e Innovaci\u00f3n, abre su convocatoria para que educadoras y equipos pedag\u00f3gicos de educaci\u00f3n parvularia participen en la iniciativa regional Explora en Movimiento: Matem\u00e1ticas F\u00edsicamente Activas (MAF).\" class=\"yoast-seo-meta-tag\" \/>\n<meta property=\"og:url\" content=\"https:\/\/explora.cl\/aricayparinacota\/36582-2\/\" class=\"yoast-seo-meta-tag\" \/>\n<meta property=\"og:site_name\" content=\"Arica y Parinacota\" class=\"yoast-seo-meta-tag\" \/>\n<meta property=\"article:published_time\" content=\"2025-10-01T13:00:52+00:00\" class=\"yoast-seo-meta-tag\" \/>\n<meta property=\"article:modified_time\" content=\"2025-10-01T14:59:44+00:00\" class=\"yoast-seo-meta-tag\" \/>\n<meta property=\"og:image\" content=\"https:\/\/explora.cl\/aricayparinacota\/wp-content\/uploads\/sites\/2\/2025\/09\/banner_web_gymkhana_matematica_convocatoria-1-1024x548.png\" class=\"yoast-seo-meta-tag\" \/>\n\t<meta property=\"og:image:width\" content=\"1024\" class=\"yoast-seo-meta-tag\" \/>\n\t<meta property=\"og:image:height\" content=\"548\" class=\"yoast-seo-meta-tag\" \/>\n\t<meta property=\"og:image:type\" content=\"image\/png\" class=\"yoast-seo-meta-tag\" \/>\n<meta name=\"author\" content=\"saracena\" class=\"yoast-seo-meta-tag\" \/>\n<meta name=\"twitter:card\" content=\"summary_large_image\" class=\"yoast-seo-meta-tag\" \/>\n<meta name=\"twitter:label1\" content=\"Escrito por\" class=\"yoast-seo-meta-tag\" \/>\n\t<meta name=\"twitter:data1\" content=\"saracena\" class=\"yoast-seo-meta-tag\" \/>\n\t<meta name=\"twitter:label2\" content=\"Tiempo estimado de lectura\" class=\"yoast-seo-meta-tag\" \/>\n\t<meta name=\"twitter:data2\" content=\"2 minutos\" class=\"yoast-seo-meta-tag\" \/>\n<script type=\"application\/ld+json\" class=\"yoast-schema-graph\">{\"@context\":\"https:\/\/schema.org\",\"@graph\":[{\"@type\":\"Article\",\"@id\":\"https:\/\/explora.cl\/aricayparinacota\/36582-2\/#article\",\"isPartOf\":{\"@id\":\"https:\/\/explora.cl\/aricayparinacota\/36582-2\/\"},\"author\":{\"name\":\"saracena\",\"@id\":\"https:\/\/explora.cl\/aricayparinacota\/#\/schema\/person\/0372c8c9d6b6d58d9dc5036ff9d41a7e\"},\"headline\":\"Postula a Explora en Movimiento 2025 con la actividad \u201cAprendo en Movimiento\u201d\",\"datePublished\":\"2025-10-01T13:00:52+00:00\",\"dateModified\":\"2025-10-01T14:59:44+00:00\",\"mainEntityOfPage\":{\"@id\":\"https:\/\/explora.cl\/aricayparinacota\/36582-2\/\"},\"wordCount\":321,\"commentCount\":0,\"publisher\":{\"@id\":\"https:\/\/explora.cl\/aricayparinacota\/#organization\"},\"image\":{\"@id\":\"https:\/\/explora.cl\/aricayparinacota\/36582-2\/#primaryimage\"},\"thumbnailUrl\":\"https:\/\/explora.cl\/aricayparinacota\/wp-content\/uploads\/sites\/2\/2025\/09\/banner_web_gymkhana_matematica_convocatoria-1-scaled.png\",\"articleSection\":[\"Banner\",\"Noticias\"],\"inLanguage\":\"es-CL\",\"potentialAction\":[{\"@type\":\"CommentAction\",\"name\":\"Comment\",\"target\":[\"https:\/\/explora.cl\/aricayparinacota\/36582-2\/#respond\"]}]},{\"@type\":\"WebPage\",\"@id\":\"https:\/\/explora.cl\/aricayparinacota\/36582-2\/\",\"url\":\"https:\/\/explora.cl\/aricayparinacota\/36582-2\/\",\"name\":\"Postula a Explora en Movimiento 2025 con la actividad \u201cAprendo en Movimiento\u201d - Arica y Parinacota\",\"isPartOf\":{\"@id\":\"https:\/\/explora.cl\/aricayparinacota\/#website\"},\"primaryImageOfPage\":{\"@id\":\"https:\/\/explora.cl\/aricayparinacota\/36582-2\/#primaryimage\"},\"image\":{\"@id\":\"https:\/\/explora.cl\/aricayparinacota\/36582-2\/#primaryimage\"},\"thumbnailUrl\":\"https:\/\/explora.cl\/aricayparinacota\/wp-content\/uploads\/sites\/2\/2025\/09\/banner_web_gymkhana_matematica_convocatoria-1-scaled.png\",\"datePublished\":\"2025-10-01T13:00:52+00:00\",\"dateModified\":\"2025-10-01T14:59:44+00:00\",\"breadcrumb\":{\"@id\":\"https:\/\/explora.cl\/aricayparinacota\/36582-2\/#breadcrumb\"},\"inLanguage\":\"es-CL\",\"potentialAction\":[{\"@type\":\"ReadAction\",\"target\":[\"https:\/\/explora.cl\/aricayparinacota\/36582-2\/\"]}]},{\"@type\":\"ImageObject\",\"inLanguage\":\"es-CL\",\"@id\":\"https:\/\/explora.cl\/aricayparinacota\/36582-2\/#primaryimage\",\"url\":\"https:\/\/explora.cl\/aricayparinacota\/wp-content\/uploads\/sites\/2\/2025\/09\/banner_web_gymkhana_matematica_convocatoria-1-scaled.png\",\"contentUrl\":\"https:\/\/explora.cl\/aricayparinacota\/wp-content\/uploads\/sites\/2\/2025\/09\/banner_web_gymkhana_matematica_convocatoria-1-scaled.png\",\"width\":2560,\"height\":1371},{\"@type\":\"BreadcrumbList\",\"@id\":\"https:\/\/explora.cl\/aricayparinacota\/36582-2\/#breadcrumb\",\"itemListElement\":[{\"@type\":\"ListItem\",\"position\":1,\"name\":\"Portada\",\"item\":\"https:\/\/explora.cl\/aricayparinacota\/\"},{\"@type\":\"ListItem\",\"position\":2,\"name\":\"Postula a Explora en Movimiento 2025 con la actividad \u201cAprendo en Movimiento\u201d\"}]},{\"@type\":\"WebSite\",\"@id\":\"https:\/\/explora.cl\/aricayparinacota\/#website\",\"url\":\"https:\/\/explora.cl\/aricayparinacota\/\",\"name\":\"Arica y Parinacota\",\"description\":\"Otro sitio m\u00e1s de explora.cl\",\"publisher\":{\"@id\":\"https:\/\/explora.cl\/aricayparinacota\/#organization\"},\"potentialAction\":[{\"@type\":\"SearchAction\",\"target\":{\"@type\":\"EntryPoint\",\"urlTemplate\":\"https:\/\/explora.cl\/aricayparinacota\/?s={search_term_string}\"},\"query-input\":{\"@type\":\"PropertyValueSpecification\",\"valueRequired\":true,\"valueName\":\"search_term_string\"}}],\"inLanguage\":\"es-CL\"},{\"@type\":\"Organization\",\"@id\":\"https:\/\/explora.cl\/aricayparinacota\/#organization\",\"name\":\"Arica y Parinacota\",\"url\":\"https:\/\/explora.cl\/aricayparinacota\/\",\"logo\":{\"@type\":\"ImageObject\",\"inLanguage\":\"es-CL\",\"@id\":\"https:\/\/explora.cl\/aricayparinacota\/#\/schema\/logo\/image\/\",\"url\":\"https:\/\/explora.cl\/aricayparinacota\/wp-content\/uploads\/sites\/2\/2020\/08\/cropped-nuevosa-logos-11.png\",\"contentUrl\":\"https:\/\/explora.cl\/aricayparinacota\/wp-content\/uploads\/sites\/2\/2020\/08\/cropped-nuevosa-logos-11.png\",\"width\":812,\"height\":937,\"caption\":\"Arica y Parinacota\"},\"image\":{\"@id\":\"https:\/\/explora.cl\/aricayparinacota\/#\/schema\/logo\/image\/\"}},{\"@type\":\"Person\",\"@id\":\"https:\/\/explora.cl\/aricayparinacota\/#\/schema\/person\/0372c8c9d6b6d58d9dc5036ff9d41a7e\",\"name\":\"saracena\",\"image\":{\"@type\":\"ImageObject\",\"inLanguage\":\"es-CL\",\"@id\":\"https:\/\/explora.cl\/aricayparinacota\/#\/schema\/person\/image\/\",\"url\":\"https:\/\/secure.gravatar.com\/avatar\/b5a50ce5104811995c55568a5df56789f4f7c071d5ab9a4c8345d33225022e41?s=96&d=mm&r=g\",\"contentUrl\":\"https:\/\/secure.gravatar.com\/avatar\/b5a50ce5104811995c55568a5df56789f4f7c071d5ab9a4c8345d33225022e41?s=96&d=mm&r=g\",\"caption\":\"saracena\"},\"url\":\"https:\/\/explora.cl\/aricayparinacota\/author\/saracena\/\"}]}<\/script>\n<!-- \/ Yoast SEO plugin. -->","yoast_head_json":{"title":"Postula a Explora en Movimiento 2025 con la actividad \u201cAprendo en Movimiento\u201d - Arica y Parinacota","robots":{"index":"index","follow":"follow","max-snippet":"max-snippet:-1","max-image-preview":"max-image-preview:large","max-video-preview":"max-video-preview:-1"},"canonical":"https:\/\/explora.cl\/aricayparinacota\/36582-2\/","og_locale":"es_ES","og_type":"article","og_title":"Postula a Explora en Movimiento 2025 con la actividad \u201cAprendo en Movimiento\u201d - Arica y Parinacota","og_description":"\u00a1Invitaci\u00f3n a la comunidad de educaci\u00f3n parvularia! El Proyecto Explora Arica y Parinacota, ejecutado por la Universidad de Tarapac\u00e1 y financiado por el Ministerio de Ciencia, Tecnolog\u00eda, Conocimiento e Innovaci\u00f3n, abre su convocatoria para que educadoras y equipos pedag\u00f3gicos de educaci\u00f3n parvularia participen en la iniciativa regional Explora en Movimiento: Matem\u00e1ticas F\u00edsicamente Activas (MAF).","og_url":"https:\/\/explora.cl\/aricayparinacota\/36582-2\/","og_site_name":"Arica y Parinacota","article_published_time":"2025-10-01T13:00:52+00:00","article_modified_time":"2025-10-01T14:59:44+00:00","og_image":[{"width":1024,"height":548,"url":"https:\/\/explora.cl\/aricayparinacota\/wp-content\/uploads\/sites\/2\/2025\/09\/banner_web_gymkhana_matematica_convocatoria-1-1024x548.png","type":"image\/png"}],"author":"saracena","twitter_card":"summary_large_image","twitter_misc":{"Escrito por":"saracena","Tiempo estimado de lectura":"2 minutos"},"schema":{"@context":"https:\/\/schema.org","@graph":[{"@type":"Article","@id":"https:\/\/explora.cl\/aricayparinacota\/36582-2\/#article","isPartOf":{"@id":"https:\/\/explora.cl\/aricayparinacota\/36582-2\/"},"author":{"name":"saracena","@id":"https:\/\/explora.cl\/aricayparinacota\/#\/schema\/person\/0372c8c9d6b6d58d9dc5036ff9d41a7e"},"headline":"Postula a Explora en Movimiento 2025 con la actividad \u201cAprendo en Movimiento\u201d","datePublished":"2025-10-01T13:00:52+00:00","dateModified":"2025-10-01T14:59:44+00:00","mainEntityOfPage":{"@id":"https:\/\/explora.cl\/aricayparinacota\/36582-2\/"},"wordCount":321,"commentCount":0,"publisher":{"@id":"https:\/\/explora.cl\/aricayparinacota\/#organization"},"image":{"@id":"https:\/\/explora.cl\/aricayparinacota\/36582-2\/#primaryimage"},"thumbnailUrl":"https:\/\/explora.cl\/aricayparinacota\/wp-content\/uploads\/sites\/2\/2025\/09\/banner_web_gymkhana_matematica_convocatoria-1-scaled.png","articleSection":["Banner","Noticias"],"inLanguage":"es-CL","potentialAction":[{"@type":"CommentAction","name":"Comment","target":["https:\/\/explora.cl\/aricayparinacota\/36582-2\/#respond"]}]},{"@type":"WebPage","@id":"https:\/\/explora.cl\/aricayparinacota\/36582-2\/","url":"https:\/\/explora.cl\/aricayparinacota\/36582-2\/","name":"Postula a Explora en Movimiento 2025 con la actividad \u201cAprendo en Movimiento\u201d - Arica y Parinacota","isPartOf":{"@id":"https:\/\/explora.cl\/aricayparinacota\/#website"},"primaryImageOfPage":{"@id":"https:\/\/explora.cl\/aricayparinacota\/36582-2\/#primaryimage"},"image":{"@id":"https:\/\/explora.cl\/aricayparinacota\/36582-2\/#primaryimage"},"thumbnailUrl":"https:\/\/explora.cl\/aricayparinacota\/wp-content\/uploads\/sites\/2\/2025\/09\/banner_web_gymkhana_matematica_convocatoria-1-scaled.png","datePublished":"2025-10-01T13:00:52+00:00","dateModified":"2025-10-01T14:59:44+00:00","breadcrumb":{"@id":"https:\/\/explora.cl\/aricayparinacota\/36582-2\/#breadcrumb"},"inLanguage":"es-CL","potentialAction":[{"@type":"ReadAction","target":["https:\/\/explora.cl\/aricayparinacota\/36582-2\/"]}]},{"@type":"ImageObject","inLanguage":"es-CL","@id":"https:\/\/explora.cl\/aricayparinacota\/36582-2\/#primaryimage","url":"https:\/\/explora.cl\/aricayparinacota\/wp-content\/uploads\/sites\/2\/2025\/09\/banner_web_gymkhana_matematica_convocatoria-1-scaled.png","contentUrl":"https:\/\/explora.cl\/aricayparinacota\/wp-content\/uploads\/sites\/2\/2025\/09\/banner_web_gymkhana_matematica_convocatoria-1-scaled.png","width":2560,"height":1371},{"@type":"BreadcrumbList","@id":"https:\/\/explora.cl\/aricayparinacota\/36582-2\/#breadcrumb","itemListElement":[{"@type":"ListItem","position":1,"name":"Portada","item":"https:\/\/explora.cl\/aricayparinacota\/"},{"@type":"ListItem","position":2,"name":"Postula a Explora en Movimiento 2025 con la actividad \u201cAprendo en Movimiento\u201d"}]},{"@type":"WebSite","@id":"https:\/\/explora.cl\/aricayparinacota\/#website","url":"https:\/\/explora.cl\/aricayparinacota\/","name":"Arica y Parinacota","description":"Otro sitio m\u00e1s de explora.cl","publisher":{"@id":"https:\/\/explora.cl\/aricayparinacota\/#organization"},"potentialAction":[{"@type":"SearchAction","target":{"@type":"EntryPoint","urlTemplate":"https:\/\/explora.cl\/aricayparinacota\/?s={search_term_string}"},"query-input":{"@type":"PropertyValueSpecification","valueRequired":true,"valueName":"search_term_string"}}],"inLanguage":"es-CL"},{"@type":"Organization","@id":"https:\/\/explora.cl\/aricayparinacota\/#organization","name":"Arica y Parinacota","url":"https:\/\/explora.cl\/aricayparinacota\/","logo":{"@type":"ImageObject","inLanguage":"es-CL","@id":"https:\/\/explora.cl\/aricayparinacota\/#\/schema\/logo\/image\/","url":"https:\/\/explora.cl\/aricayparinacota\/wp-content\/uploads\/sites\/2\/2020\/08\/cropped-nuevosa-logos-11.png","contentUrl":"https:\/\/explora.cl\/aricayparinacota\/wp-content\/uploads\/sites\/2\/2020\/08\/cropped-nuevosa-logos-11.png","width":812,"height":937,"caption":"Arica y Parinacota"},"image":{"@id":"https:\/\/explora.cl\/aricayparinacota\/#\/schema\/logo\/image\/"}},{"@type":"Person","@id":"https:\/\/explora.cl\/aricayparinacota\/#\/schema\/person\/0372c8c9d6b6d58d9dc5036ff9d41a7e","name":"saracena","image":{"@type":"ImageObject","inLanguage":"es-CL","@id":"https:\/\/explora.cl\/aricayparinacota\/#\/schema\/person\/image\/","url":"https:\/\/secure.gravatar.com\/avatar\/b5a50ce5104811995c55568a5df56789f4f7c071d5ab9a4c8345d33225022e41?s=96&d=mm&r=g","contentUrl":"https:\/\/secure.gravatar.com\/avatar\/b5a50ce5104811995c55568a5df56789f4f7c071d5ab9a4c8345d33225022e41?s=96&d=mm&r=g","caption":"saracena"},"url":"https:\/\/explora.cl\/aricayparinacota\/author\/saracena\/"}]}},"_links":{"self":[{"href":"https:\/\/explora.cl\/aricayparinacota\/wp-json\/wp\/v2\/posts\/36582","targetHints":{"allow":["GET"]}}],"collection":[{"href":"https:\/\/explora.cl\/aricayparinacota\/wp-json\/wp\/v2\/posts"}],"about":[{"href":"https:\/\/explora.cl\/aricayparinacota\/wp-json\/wp\/v2\/types\/post"}],"author":[{"embeddable":true,"href":"https:\/\/explora.cl\/aricayparinacota\/wp-json\/wp\/v2\/users\/17"}],"replies":[{"embeddable":true,"href":"https:\/\/explora.cl\/aricayparinacota\/wp-json\/wp\/v2\/comments?post=36582"}],"version-history":[{"count":12,"href":"https:\/\/explora.cl\/aricayparinacota\/wp-json\/wp\/v2\/posts\/36582\/revisions"}],"predecessor-version":[{"id":36614,"href":"https:\/\/explora.cl\/aricayparinacota\/wp-json\/wp\/v2\/posts\/36582\/revisions\/36614"}],"wp:featuredmedia":[{"embeddable":true,"href":"https:\/\/explora.cl\/aricayparinacota\/wp-json\/wp\/v2\/media\/36587"}],"wp:attachment":[{"href":"https:\/\/explora.cl\/aricayparinacota\/wp-json\/wp\/v2\/media?parent=36582"}],"wp:term":[{"taxonomy":"category","embeddable":true,"href":"https:\/\/explora.cl\/aricayparinacota\/wp-json\/wp\/v2\/categories?post=36582"},{"taxonomy":"post_tag","embeddable":true,"href":"https:\/\/explora.cl\/aricayparinacota\/wp-json\/wp\/v2\/tags?post=36582"}],"curies":[{"name":"wp","href":"https:\/\/api.w.org\/{rel}","templated":true}]}}