{"id":815,"date":"2015-04-22T00:00:00","date_gmt":"2015-04-22T04:00:00","guid":{"rendered":"https:\/\/explora.cl\/araucania\/blog\/2015\/04\/22\/colegio-emprender-de-temuco-celebra-el-dia-de-la-tierra-con-charla-sobre-vida-silvestre\/"},"modified":"2015-04-22T00:00:00","modified_gmt":"2015-04-22T04:00:00","slug":"colegio-emprender-de-temuco-celebra-el-dia-de-la-tierra-con-charla-sobre-vida-silvestre","status":"publish","type":"post","link":"https:\/\/explora.cl\/araucania\/colegio-emprender-de-temuco-celebra-el-dia-de-la-tierra-con-charla-sobre-vida-silvestre\/","title":{"rendered":"Colegio Emprender de Temuco celebra el D\u00eda de la Tierra con charla sobre vida silvestre"},"content":{"rendered":"<p><img fetchpriority=\"high\" decoding=\"async\" class=\" size-full wp-image-10336\" src=\"http:\/\/ec2-34-218-253-251.us-west-2.compute.amazonaws.com\/wp-content\/uploads\/2015\/04\/86d6466d8b891f45551a27bfe9d0cfa5.jpg\" alt=\"\" width=\"3008\" height=\"2000\" \/><\/p>\n<p style=\"text-align: center\"><em>En la ocasi\u00f3n, el Dr. Juan Carlos Ram\u00edrez comparti\u00f3 la exposici\u00f3n \u201cVida silvestre: el d\u00eda despu\u00e9s de ma\u00f1ana\u201d con 80 estudiantes del establecimiento.<\/em><\/p>\n<p>Con motivo de la celebraci\u00f3n del D\u00eda de la Tierra, el Dr. Juan Carlos Ram\u00edrez, acad\u00e9mico de la Universidad de La Frontera y encargado de contenidos cient\u00edficos del PAR EXPLORA Araucan\u00eda, dict\u00f3 la charla \u201cVida silvestre: el d\u00eda despu\u00e9s de ma\u00f1ana\u201d, ante 80 estudiantes del Colegio Emprender de Temuco.<\/p>\n<p>En la ocasi\u00f3n, el Dr. Ram\u00edrez destac\u00f3 la importancia de las \u00e1reas silvestres no s\u00f3lo en la recreaci\u00f3n de las personas, sino fundamentalmente en la conservaci\u00f3n de la biodiversidad y en los procesos ecol\u00f3gicos.<\/p>\n<p>\u201cLas \u00e1reas silvestres son el salvavidas de la Tierra, un salvavidas que representa lo \u00faltimo que es capaz de mantener los procesos naturales. Ellas mantienen la biodiversidad del planeta, que es realmente impresionante. Se cree que podr\u00edan existir m\u00e1s de 30 millones de especies y se estima que cada d\u00eda desaparecen 150 de ellas, principalmente por acciones del ser humano\u201d, asegur\u00f3 el acad\u00e9mico.<\/p>\n<p>De esta manera, el Dr. Ram\u00edrez invit\u00f3 a los j\u00f3venes a reflexionar respecto a la importancia del cuidado del ecosistema, mostrando que ello involucra actividades e iniciativas tanto a nivel social, como tambi\u00e9n individual.<\/p>\n<p>\u201cEn Chile falta un cambio cultural y es la gente joven, como ustedes, lo que est\u00e1n llamados a hacer este cambio. Y para eso podemos hacer varias cosas, como respetar las normas cuando visitemos un Parque Nacional, participar en las campa\u00f1as de cuidado del medioambiente y educar a las personas sobre el respeto a nuestro entorno\u201d, concluy\u00f3.<\/p>\n<p>Cabe destacar que el D\u00eda de la Tierra se celebra desde el a\u00f1o 1970, con el prop\u00f3sito de crear conciencia en la ciudadan\u00eda sobre la importancia de cuidar nuestro planeta y con ello promover un cambio de paradigma en la sociedad, que apunte a un desarrollo sustentable y amigable con el medioambiente.<\/p>\n<p><strong>La charla seg\u00fan los estudiantes<\/strong><\/p>\n<p><img decoding=\"async\" class=\" alignleft size-full wp-image-10337\" src=\"http:\/\/ec2-34-218-253-251.us-west-2.compute.amazonaws.com\/wp-content\/uploads\/2015\/04\/Charlas-Colegio-Emprender-2015-9.jpg\" border=\"0\" alt=\"\" align=\"left\" width=\"90\" height=\"90\" \/>\u201cLa charla fue muy entretenida porque nos mostr\u00f3 c\u00f3mo funciona el medioambiente y c\u00f3mo podemos cuidarlo. Una de las cosas que m\u00e1s me llam\u00f3 la atenci\u00f3n fue la diferencia que existe entre la conservaci\u00f3n y la preservaci\u00f3n\u2026 yo no sab\u00eda que eran diferentes. Creo que esto nos ayuda a tomar conciencia y nos motiva a hacer cosas para cuidar la Tierra\u201d.<\/p>\n<p>Sebasti\u00e1n Miqueles, estudiante de segundo medio.<\/p>\n<p><img decoding=\"async\" class=\" alignleft size-full wp-image-10338\" src=\"http:\/\/ec2-34-218-253-251.us-west-2.compute.amazonaws.com\/wp-content\/uploads\/2015\/04\/Charlas-Colegio-Emprender-2015-10.jpg\" border=\"0\" alt=\"\" align=\"left\" style=\"font-size: 12.1599998474121px;line-height: 1.3em\" width=\"90\" height=\"90\" \/><\/p>\n<p>\u201cA m\u00ed me gust\u00f3 harto la exposici\u00f3n del profesor porque nos dio harta informaci\u00f3n sobre c\u00f3mo cuidar nuestro planeta e impedir que se siga da\u00f1ando. Me parece s\u00faper bueno que vengan cient\u00edficos y nos ayuden a crear m\u00e1s conciencia sobre estos temas que son muy importantes\u201d.<\/p>\n<p>Constanza Saavedra, estudiante de octavo b\u00e1sico.<\/p>\n<p style=\"text-align: center\"><a href=\"https:\/\/www.facebook.com\/media\/set\/?set=a.1613483158869730.1073742042.1388936647991050&amp;type=1\" target=\"_blank\" rel=\"noopener noreferrer\">\u00a1Haz click aqu\u00ed para ver la galer\u00eda de im\u00e1genes!<\/a><\/p>\n<p style=\"text-align: justify\">Periodista: Carolina Nahuelpi \u00c1lvarez \/ Fotograf\u00eda: Arturo Rubio Navarro.<\/p>\n","protected":false},"excerpt":{"rendered":"<p>En la ocasi\u00f3n, el Dr. Juan Carlos Ram\u00edrez comparti\u00f3 la exposici\u00f3n \u201cVida silvestre: el d\u00eda despu\u00e9s de ma\u00f1ana\u201d con 80 estudiantes del establecimiento. Con motivo de la celebraci\u00f3n del D\u00eda de la Tierra, el Dr. Juan Carlos Ram\u00edrez, acad\u00e9mico de la Universidad de La Frontera y encargado de contenidos cient\u00edficos del PAR EXPLORA Araucan\u00eda, dict\u00f3 [&hellip;]<\/p>\n","protected":false},"author":2,"featured_media":816,"comment_status":"open","ping_status":"open","sticky":false,"template":"","format":"standard","meta":{"_acf_changed":false,"_exactmetrics_skip_tracking":false,"_exactmetrics_sitenote_active":false,"_exactmetrics_sitenote_note":"","_exactmetrics_sitenote_category":0,"footnotes":"","_links_to":"","_links_to_target":""},"categories":[1],"tags":[],"class_list":["post-815","post","type-post","status-publish","format-standard","has-post-thumbnail","hentry","category-sin-categoria"],"acf":[],"yoast_head":"<!-- This site is optimized with the Yoast SEO plugin v26.9 - https:\/\/yoast.com\/product\/yoast-seo-wordpress\/ -->\n<title>Colegio Emprender de Temuco celebra el D\u00eda de la Tierra con charla sobre vida silvestre - Araucan\u00eda<\/title>\n<meta name=\"robots\" content=\"index, follow, max-snippet:-1, max-image-preview:large, max-video-preview:-1\" \/>\n<link rel=\"canonical\" href=\"https:\/\/explora.cl\/araucania\/colegio-emprender-de-temuco-celebra-el-dia-de-la-tierra-con-charla-sobre-vida-silvestre\/\" class=\"yoast-seo-meta-tag\" \/>\n<meta property=\"og:locale\" content=\"es_ES\" class=\"yoast-seo-meta-tag\" \/>\n<meta property=\"og:type\" content=\"article\" class=\"yoast-seo-meta-tag\" \/>\n<meta property=\"og:title\" content=\"Colegio Emprender de Temuco celebra el D\u00eda de la Tierra con charla sobre vida silvestre - Araucan\u00eda\" class=\"yoast-seo-meta-tag\" \/>\n<meta property=\"og:description\" content=\"En la ocasi\u00f3n, el Dr. Juan Carlos Ram\u00edrez comparti\u00f3 la exposici\u00f3n \u201cVida silvestre: el d\u00eda despu\u00e9s de ma\u00f1ana\u201d con 80 estudiantes del establecimiento. Con motivo de la celebraci\u00f3n del D\u00eda de la Tierra, el Dr. Juan Carlos Ram\u00edrez, acad\u00e9mico de la Universidad de La Frontera y encargado de contenidos cient\u00edficos del PAR EXPLORA Araucan\u00eda, dict\u00f3 [&hellip;]\" class=\"yoast-seo-meta-tag\" \/>\n<meta property=\"og:url\" content=\"https:\/\/explora.cl\/araucania\/colegio-emprender-de-temuco-celebra-el-dia-de-la-tierra-con-charla-sobre-vida-silvestre\/\" class=\"yoast-seo-meta-tag\" \/>\n<meta property=\"og:site_name\" content=\"Araucan\u00eda\" class=\"yoast-seo-meta-tag\" \/>\n<meta property=\"article:published_time\" content=\"2015-04-22T04:00:00+00:00\" class=\"yoast-seo-meta-tag\" \/>\n<meta property=\"og:image\" content=\"https:\/\/explora.cl\/araucania\/wp-content\/uploads\/sites\/15\/2018\/06\/86d6466d8b891f45551a27bfe9d0cfa5-1024x681.jpg\" class=\"yoast-seo-meta-tag\" \/>\n\t<meta property=\"og:image:width\" content=\"1024\" class=\"yoast-seo-meta-tag\" \/>\n\t<meta property=\"og:image:height\" content=\"681\" class=\"yoast-seo-meta-tag\" \/>\n\t<meta property=\"og:image:type\" content=\"image\/jpeg\" class=\"yoast-seo-meta-tag\" \/>\n<meta name=\"author\" content=\"webman\" class=\"yoast-seo-meta-tag\" \/>\n<meta name=\"twitter:card\" content=\"summary_large_image\" class=\"yoast-seo-meta-tag\" \/>\n<meta name=\"twitter:label1\" content=\"Escrito por\" class=\"yoast-seo-meta-tag\" \/>\n\t<meta name=\"twitter:data1\" content=\"webman\" class=\"yoast-seo-meta-tag\" \/>\n\t<meta name=\"twitter:label2\" content=\"Tiempo estimado de lectura\" class=\"yoast-seo-meta-tag\" \/>\n\t<meta name=\"twitter:data2\" content=\"3 minutos\" class=\"yoast-seo-meta-tag\" \/>\n<script type=\"application\/ld+json\" class=\"yoast-schema-graph\">{\"@context\":\"https:\/\/schema.org\",\"@graph\":[{\"@type\":\"Article\",\"@id\":\"https:\/\/explora.cl\/araucania\/colegio-emprender-de-temuco-celebra-el-dia-de-la-tierra-con-charla-sobre-vida-silvestre\/#article\",\"isPartOf\":{\"@id\":\"https:\/\/explora.cl\/araucania\/colegio-emprender-de-temuco-celebra-el-dia-de-la-tierra-con-charla-sobre-vida-silvestre\/\"},\"author\":{\"name\":\"webman\",\"@id\":\"https:\/\/explora.cl\/araucania\/#\/schema\/person\/cb8349c13ea2d324080adf8480d7ba5d\"},\"headline\":\"Colegio Emprender de Temuco celebra el D\u00eda de la Tierra con charla sobre vida silvestre\",\"datePublished\":\"2015-04-22T04:00:00+00:00\",\"mainEntityOfPage\":{\"@id\":\"https:\/\/explora.cl\/araucania\/colegio-emprender-de-temuco-celebra-el-dia-de-la-tierra-con-charla-sobre-vida-silvestre\/\"},\"wordCount\":518,\"commentCount\":0,\"image\":{\"@id\":\"https:\/\/explora.cl\/araucania\/colegio-emprender-de-temuco-celebra-el-dia-de-la-tierra-con-charla-sobre-vida-silvestre\/#primaryimage\"},\"thumbnailUrl\":\"https:\/\/explora.cl\/araucania\/wp-content\/uploads\/sites\/15\/2018\/06\/86d6466d8b891f45551a27bfe9d0cfa5.jpg\",\"inLanguage\":\"es-CL\",\"potentialAction\":[{\"@type\":\"CommentAction\",\"name\":\"Comment\",\"target\":[\"https:\/\/explora.cl\/araucania\/colegio-emprender-de-temuco-celebra-el-dia-de-la-tierra-con-charla-sobre-vida-silvestre\/#respond\"]}]},{\"@type\":\"WebPage\",\"@id\":\"https:\/\/explora.cl\/araucania\/colegio-emprender-de-temuco-celebra-el-dia-de-la-tierra-con-charla-sobre-vida-silvestre\/\",\"url\":\"https:\/\/explora.cl\/araucania\/colegio-emprender-de-temuco-celebra-el-dia-de-la-tierra-con-charla-sobre-vida-silvestre\/\",\"name\":\"Colegio Emprender de Temuco celebra el D\u00eda de la Tierra con charla sobre vida silvestre - Araucan\u00eda\",\"isPartOf\":{\"@id\":\"https:\/\/explora.cl\/araucania\/#website\"},\"primaryImageOfPage\":{\"@id\":\"https:\/\/explora.cl\/araucania\/colegio-emprender-de-temuco-celebra-el-dia-de-la-tierra-con-charla-sobre-vida-silvestre\/#primaryimage\"},\"image\":{\"@id\":\"https:\/\/explora.cl\/araucania\/colegio-emprender-de-temuco-celebra-el-dia-de-la-tierra-con-charla-sobre-vida-silvestre\/#primaryimage\"},\"thumbnailUrl\":\"https:\/\/explora.cl\/araucania\/wp-content\/uploads\/sites\/15\/2018\/06\/86d6466d8b891f45551a27bfe9d0cfa5.jpg\",\"datePublished\":\"2015-04-22T04:00:00+00:00\",\"author\":{\"@id\":\"https:\/\/explora.cl\/araucania\/#\/schema\/person\/cb8349c13ea2d324080adf8480d7ba5d\"},\"breadcrumb\":{\"@id\":\"https:\/\/explora.cl\/araucania\/colegio-emprender-de-temuco-celebra-el-dia-de-la-tierra-con-charla-sobre-vida-silvestre\/#breadcrumb\"},\"inLanguage\":\"es-CL\",\"potentialAction\":[{\"@type\":\"ReadAction\",\"target\":[\"https:\/\/explora.cl\/araucania\/colegio-emprender-de-temuco-celebra-el-dia-de-la-tierra-con-charla-sobre-vida-silvestre\/\"]}]},{\"@type\":\"ImageObject\",\"inLanguage\":\"es-CL\",\"@id\":\"https:\/\/explora.cl\/araucania\/colegio-emprender-de-temuco-celebra-el-dia-de-la-tierra-con-charla-sobre-vida-silvestre\/#primaryimage\",\"url\":\"https:\/\/explora.cl\/araucania\/wp-content\/uploads\/sites\/15\/2018\/06\/86d6466d8b891f45551a27bfe9d0cfa5.jpg\",\"contentUrl\":\"https:\/\/explora.cl\/araucania\/wp-content\/uploads\/sites\/15\/2018\/06\/86d6466d8b891f45551a27bfe9d0cfa5.jpg\",\"width\":3008,\"height\":2000},{\"@type\":\"BreadcrumbList\",\"@id\":\"https:\/\/explora.cl\/araucania\/colegio-emprender-de-temuco-celebra-el-dia-de-la-tierra-con-charla-sobre-vida-silvestre\/#breadcrumb\",\"itemListElement\":[{\"@type\":\"ListItem\",\"position\":1,\"name\":\"Portada\",\"item\":\"https:\/\/explora.cl\/araucania\/\"},{\"@type\":\"ListItem\",\"position\":2,\"name\":\"Colegio Emprender de Temuco celebra el D\u00eda de la Tierra con charla sobre vida silvestre\"}]},{\"@type\":\"WebSite\",\"@id\":\"https:\/\/explora.cl\/araucania\/#website\",\"url\":\"https:\/\/explora.cl\/araucania\/\",\"name\":\"Araucan\u00eda\",\"description\":\"Otro sitio m\u00e1s de explora.cl\",\"potentialAction\":[{\"@type\":\"SearchAction\",\"target\":{\"@type\":\"EntryPoint\",\"urlTemplate\":\"https:\/\/explora.cl\/araucania\/?s={search_term_string}\"},\"query-input\":{\"@type\":\"PropertyValueSpecification\",\"valueRequired\":true,\"valueName\":\"search_term_string\"}}],\"inLanguage\":\"es-CL\"},{\"@type\":\"Person\",\"@id\":\"https:\/\/explora.cl\/araucania\/#\/schema\/person\/cb8349c13ea2d324080adf8480d7ba5d\",\"name\":\"webman\",\"image\":{\"@type\":\"ImageObject\",\"inLanguage\":\"es-CL\",\"@id\":\"https:\/\/explora.cl\/araucania\/#\/schema\/person\/image\/\",\"url\":\"https:\/\/secure.gravatar.com\/avatar\/eeff3c82f2c02f7177d13663b7e6f890e9a6a0647ce9bb29cae02dcb094c7312?s=96&d=mm&r=g\",\"contentUrl\":\"https:\/\/secure.gravatar.com\/avatar\/eeff3c82f2c02f7177d13663b7e6f890e9a6a0647ce9bb29cae02dcb094c7312?s=96&d=mm&r=g\",\"caption\":\"webman\"},\"url\":\"https:\/\/explora.cl\/araucania\/author\/webman\/\"}]}<\/script>\n<!-- \/ Yoast SEO plugin. -->","yoast_head_json":{"title":"Colegio Emprender de Temuco celebra el D\u00eda de la Tierra con charla sobre vida silvestre - Araucan\u00eda","robots":{"index":"index","follow":"follow","max-snippet":"max-snippet:-1","max-image-preview":"max-image-preview:large","max-video-preview":"max-video-preview:-1"},"canonical":"https:\/\/explora.cl\/araucania\/colegio-emprender-de-temuco-celebra-el-dia-de-la-tierra-con-charla-sobre-vida-silvestre\/","og_locale":"es_ES","og_type":"article","og_title":"Colegio Emprender de Temuco celebra el D\u00eda de la Tierra con charla sobre vida silvestre - Araucan\u00eda","og_description":"En la ocasi\u00f3n, el Dr. Juan Carlos Ram\u00edrez comparti\u00f3 la exposici\u00f3n \u201cVida silvestre: el d\u00eda despu\u00e9s de ma\u00f1ana\u201d con 80 estudiantes del establecimiento. Con motivo de la celebraci\u00f3n del D\u00eda de la Tierra, el Dr. Juan Carlos Ram\u00edrez, acad\u00e9mico de la Universidad de La Frontera y encargado de contenidos cient\u00edficos del PAR EXPLORA Araucan\u00eda, dict\u00f3 [&hellip;]","og_url":"https:\/\/explora.cl\/araucania\/colegio-emprender-de-temuco-celebra-el-dia-de-la-tierra-con-charla-sobre-vida-silvestre\/","og_site_name":"Araucan\u00eda","article_published_time":"2015-04-22T04:00:00+00:00","og_image":[{"width":1024,"height":681,"url":"https:\/\/explora.cl\/araucania\/wp-content\/uploads\/sites\/15\/2018\/06\/86d6466d8b891f45551a27bfe9d0cfa5-1024x681.jpg","type":"image\/jpeg"}],"author":"webman","twitter_card":"summary_large_image","twitter_misc":{"Escrito por":"webman","Tiempo estimado de lectura":"3 minutos"},"schema":{"@context":"https:\/\/schema.org","@graph":[{"@type":"Article","@id":"https:\/\/explora.cl\/araucania\/colegio-emprender-de-temuco-celebra-el-dia-de-la-tierra-con-charla-sobre-vida-silvestre\/#article","isPartOf":{"@id":"https:\/\/explora.cl\/araucania\/colegio-emprender-de-temuco-celebra-el-dia-de-la-tierra-con-charla-sobre-vida-silvestre\/"},"author":{"name":"webman","@id":"https:\/\/explora.cl\/araucania\/#\/schema\/person\/cb8349c13ea2d324080adf8480d7ba5d"},"headline":"Colegio Emprender de Temuco celebra el D\u00eda de la Tierra con charla sobre vida silvestre","datePublished":"2015-04-22T04:00:00+00:00","mainEntityOfPage":{"@id":"https:\/\/explora.cl\/araucania\/colegio-emprender-de-temuco-celebra-el-dia-de-la-tierra-con-charla-sobre-vida-silvestre\/"},"wordCount":518,"commentCount":0,"image":{"@id":"https:\/\/explora.cl\/araucania\/colegio-emprender-de-temuco-celebra-el-dia-de-la-tierra-con-charla-sobre-vida-silvestre\/#primaryimage"},"thumbnailUrl":"https:\/\/explora.cl\/araucania\/wp-content\/uploads\/sites\/15\/2018\/06\/86d6466d8b891f45551a27bfe9d0cfa5.jpg","inLanguage":"es-CL","potentialAction":[{"@type":"CommentAction","name":"Comment","target":["https:\/\/explora.cl\/araucania\/colegio-emprender-de-temuco-celebra-el-dia-de-la-tierra-con-charla-sobre-vida-silvestre\/#respond"]}]},{"@type":"WebPage","@id":"https:\/\/explora.cl\/araucania\/colegio-emprender-de-temuco-celebra-el-dia-de-la-tierra-con-charla-sobre-vida-silvestre\/","url":"https:\/\/explora.cl\/araucania\/colegio-emprender-de-temuco-celebra-el-dia-de-la-tierra-con-charla-sobre-vida-silvestre\/","name":"Colegio Emprender de Temuco celebra el D\u00eda de la Tierra con charla sobre vida silvestre - Araucan\u00eda","isPartOf":{"@id":"https:\/\/explora.cl\/araucania\/#website"},"primaryImageOfPage":{"@id":"https:\/\/explora.cl\/araucania\/colegio-emprender-de-temuco-celebra-el-dia-de-la-tierra-con-charla-sobre-vida-silvestre\/#primaryimage"},"image":{"@id":"https:\/\/explora.cl\/araucania\/colegio-emprender-de-temuco-celebra-el-dia-de-la-tierra-con-charla-sobre-vida-silvestre\/#primaryimage"},"thumbnailUrl":"https:\/\/explora.cl\/araucania\/wp-content\/uploads\/sites\/15\/2018\/06\/86d6466d8b891f45551a27bfe9d0cfa5.jpg","datePublished":"2015-04-22T04:00:00+00:00","author":{"@id":"https:\/\/explora.cl\/araucania\/#\/schema\/person\/cb8349c13ea2d324080adf8480d7ba5d"},"breadcrumb":{"@id":"https:\/\/explora.cl\/araucania\/colegio-emprender-de-temuco-celebra-el-dia-de-la-tierra-con-charla-sobre-vida-silvestre\/#breadcrumb"},"inLanguage":"es-CL","potentialAction":[{"@type":"ReadAction","target":["https:\/\/explora.cl\/araucania\/colegio-emprender-de-temuco-celebra-el-dia-de-la-tierra-con-charla-sobre-vida-silvestre\/"]}]},{"@type":"ImageObject","inLanguage":"es-CL","@id":"https:\/\/explora.cl\/araucania\/colegio-emprender-de-temuco-celebra-el-dia-de-la-tierra-con-charla-sobre-vida-silvestre\/#primaryimage","url":"https:\/\/explora.cl\/araucania\/wp-content\/uploads\/sites\/15\/2018\/06\/86d6466d8b891f45551a27bfe9d0cfa5.jpg","contentUrl":"https:\/\/explora.cl\/araucania\/wp-content\/uploads\/sites\/15\/2018\/06\/86d6466d8b891f45551a27bfe9d0cfa5.jpg","width":3008,"height":2000},{"@type":"BreadcrumbList","@id":"https:\/\/explora.cl\/araucania\/colegio-emprender-de-temuco-celebra-el-dia-de-la-tierra-con-charla-sobre-vida-silvestre\/#breadcrumb","itemListElement":[{"@type":"ListItem","position":1,"name":"Portada","item":"https:\/\/explora.cl\/araucania\/"},{"@type":"ListItem","position":2,"name":"Colegio Emprender de Temuco celebra el D\u00eda de la Tierra con charla sobre vida silvestre"}]},{"@type":"WebSite","@id":"https:\/\/explora.cl\/araucania\/#website","url":"https:\/\/explora.cl\/araucania\/","name":"Araucan\u00eda","description":"Otro sitio m\u00e1s de explora.cl","potentialAction":[{"@type":"SearchAction","target":{"@type":"EntryPoint","urlTemplate":"https:\/\/explora.cl\/araucania\/?s={search_term_string}"},"query-input":{"@type":"PropertyValueSpecification","valueRequired":true,"valueName":"search_term_string"}}],"inLanguage":"es-CL"},{"@type":"Person","@id":"https:\/\/explora.cl\/araucania\/#\/schema\/person\/cb8349c13ea2d324080adf8480d7ba5d","name":"webman","image":{"@type":"ImageObject","inLanguage":"es-CL","@id":"https:\/\/explora.cl\/araucania\/#\/schema\/person\/image\/","url":"https:\/\/secure.gravatar.com\/avatar\/eeff3c82f2c02f7177d13663b7e6f890e9a6a0647ce9bb29cae02dcb094c7312?s=96&d=mm&r=g","contentUrl":"https:\/\/secure.gravatar.com\/avatar\/eeff3c82f2c02f7177d13663b7e6f890e9a6a0647ce9bb29cae02dcb094c7312?s=96&d=mm&r=g","caption":"webman"},"url":"https:\/\/explora.cl\/araucania\/author\/webman\/"}]}},"_links":{"self":[{"href":"https:\/\/explora.cl\/araucania\/wp-json\/wp\/v2\/posts\/815","targetHints":{"allow":["GET"]}}],"collection":[{"href":"https:\/\/explora.cl\/araucania\/wp-json\/wp\/v2\/posts"}],"about":[{"href":"https:\/\/explora.cl\/araucania\/wp-json\/wp\/v2\/types\/post"}],"author":[{"embeddable":true,"href":"https:\/\/explora.cl\/araucania\/wp-json\/wp\/v2\/users\/2"}],"replies":[{"embeddable":true,"href":"https:\/\/explora.cl\/araucania\/wp-json\/wp\/v2\/comments?post=815"}],"version-history":[{"count":0,"href":"https:\/\/explora.cl\/araucania\/wp-json\/wp\/v2\/posts\/815\/revisions"}],"wp:featuredmedia":[{"embeddable":true,"href":"https:\/\/explora.cl\/araucania\/wp-json\/wp\/v2\/media\/816"}],"wp:attachment":[{"href":"https:\/\/explora.cl\/araucania\/wp-json\/wp\/v2\/media?parent=815"}],"wp:term":[{"taxonomy":"category","embeddable":true,"href":"https:\/\/explora.cl\/araucania\/wp-json\/wp\/v2\/categories?post=815"},{"taxonomy":"post_tag","embeddable":true,"href":"https:\/\/explora.cl\/araucania\/wp-json\/wp\/v2\/tags?post=815"}],"curies":[{"name":"wp","href":"https:\/\/api.w.org\/{rel}","templated":true}]}}