{"id":42011,"date":"2025-09-04T09:55:07","date_gmt":"2025-09-04T13:55:07","guid":{"rendered":"https:\/\/explora.cl\/araucania\/?p=42011"},"modified":"2025-09-04T09:56:47","modified_gmt":"2025-09-04T13:56:47","slug":"mas-de-mil-estudiantes-protagonizaron-el-congreso-regional-explora-la-araucania-2025","status":"publish","type":"post","link":"https:\/\/explora.cl\/araucania\/mas-de-mil-estudiantes-protagonizaron-el-congreso-regional-explora-la-araucania-2025\/","title":{"rendered":"Cerca de mil estudiantes protagonizaron el Congreso Regional Explora La Araucan\u00eda 2025"},"content":{"rendered":"<p><img fetchpriority=\"high\" decoding=\"async\" class=\"aligncenter wp-image-42013\" src=\"https:\/\/explora.cl\/araucania\/wp-content\/uploads\/sites\/15\/2025\/09\/0-1-240x300.jpg\" alt=\"\" width=\"250\" height=\"313\" srcset=\"https:\/\/explora.cl\/araucania\/wp-content\/uploads\/sites\/15\/2025\/09\/0-1-240x300.jpg 240w, https:\/\/explora.cl\/araucania\/wp-content\/uploads\/sites\/15\/2025\/09\/0-1-819x1024.jpg 819w, https:\/\/explora.cl\/araucania\/wp-content\/uploads\/sites\/15\/2025\/09\/0-1-768x960.jpg 768w, https:\/\/explora.cl\/araucania\/wp-content\/uploads\/sites\/15\/2025\/09\/0-1-1229x1536.jpg 1229w, https:\/\/explora.cl\/araucania\/wp-content\/uploads\/sites\/15\/2025\/09\/0-1-1638x2048.jpg 1638w, https:\/\/explora.cl\/araucania\/wp-content\/uploads\/sites\/15\/2025\/09\/0-1-scaled.jpg 2048w\" sizes=\"(max-width: 250px) 100vw, 250px\" \/><\/p>\n<p><b>Cerca de mil estudiantes protagonizaron el Congreso Regional Explora La Araucan\u00eda 2025<\/b><span style=\"font-weight: 400\">\u00a0<\/span><\/p>\n<p><span style=\"font-weight: 400\">Durante tres intensas jornadas, entre el 26 y el 28 de agosto, el Campus Juan Pablo II de la Universidad Cat\u00f3lica de Temuco fue el escenario del Congreso Regional Explora La Araucan\u00eda 2025, un encuentro que reuni\u00f3 a cerca de 1.000 estudiantes y 200 docentes de toda la regi\u00f3n, quienes presentaron cerca de 80 proyectos de investigaci\u00f3n e innovaci\u00f3n escolar en el marco del programa Desaf\u00edo Explora.\u00a0<\/span><\/p>\n<p><span style=\"font-weight: 400\">El evento, organizado por el Programa Explora de la Universidad Cat\u00f3lica de Chile (Campus Villarrica) en alianza con la Universidad Cat\u00f3lica de Temuco, se consolid\u00f3 como un hito cient\u00edfico-educativo regional, poniendo en el centro a ni\u00f1as, ni\u00f1os y adolescentes como protagonistas del conocimiento y la investigaci\u00f3n.\u00a0<\/span><\/p>\n<p><span style=\"font-weight: 400\">\u00a0<\/span><\/p>\n<p><b>Primer d\u00eda: creatividad y curiosidad en el primer ciclo<\/b><span style=\"font-weight: 400\">\u00a0<\/span><\/p>\n<p><span style=\"font-weight: 400\">La jornada inaugural estuvo marcada por la participaci\u00f3n de estudiantes de primer ciclo, quienes presentaron sus proyectos y compartieron experiencias junto a especialistas en instancias de retroalimentaci\u00f3n. <\/span><span style=\"font-weight: 400\"><br \/>\n<\/span><span style=\"font-weight: 400\"> El inicio estuvo acompa\u00f1ado por las palabras de bienvenida de autoridades acad\u00e9micas de la Universidad Cat\u00f3lica de Temuco y de la Universidad Cat\u00f3lica de Chile, Campus Villarrica, quienes destacaron el valor de este espacio para fortalecer la educaci\u00f3n y el v\u00ednculo con el territorio.\u00a0<\/span><\/p>\n<p><span style=\"font-weight: 400\">Adem\u00e1s, la obra teatral \u201cElisa la Micorriza\u201d ofreci\u00f3 una mirada l\u00fadica a la importancia de los ecosistemas, preparando el ambiente para la participaci\u00f3n en stands interactivos y talleres metodol\u00f3gicos.\u00a0<\/span><\/p>\n<p><span style=\"font-weight: 400\">\u00a0<\/span><\/p>\n<p><b>Segundo d\u00eda: Inauguraci\u00f3n oficial y proyectos del segundo ciclo<\/b><span style=\"font-weight: 400\">\u00a0<\/span><\/p>\n<p><span style=\"font-weight: 400\">El mi\u00e9rcoles fue el turno de los estudiantes de segundo ciclo, quienes presentaron proyectos vinculados a problem\u00e1ticas medioambientales, sociales y culturales, reflejando la pertinencia territorial del Congreso. <\/span><span style=\"font-weight: 400\"><br \/>\n<\/span><span style=\"font-weight: 400\"> Entre las tem\u00e1ticas abordadas destacaron investigaciones sobre el cuidado del agua, la gesti\u00f3n de residuos, la preservaci\u00f3n de la biodiversidad, as\u00ed como propuestas vinculadas a la identidad cultural y a la vida comunitaria en la regi\u00f3n.\u00a0<\/span><\/p>\n<p><span style=\"font-weight: 400\">La jornada incluy\u00f3 la participaci\u00f3n del Seremi de Ciencia, Tecnolog\u00eda, Conocimiento e Innovaci\u00f3n, Cristian Peralta, as\u00ed como de representantes de la UCT y UC, quienes remarcaron la relevancia de la colaboraci\u00f3n institucional para fortalecer el ecosistema CTCI. <\/span><span style=\"font-weight: 400\"><br \/>\n<\/span><span style=\"font-weight: 400\"> Los proyectos fueron acompa\u00f1ados de talleres, stands de instituciones socias y charlas, generando un espacio de di\u00e1logo y aprendizaje mutuo entre estudiantes, docentes y especialistas.\u00a0<\/span><\/p>\n<p><b>Tercer d\u00eda: ense\u00f1anza media<\/b><span style=\"font-weight: 400\">\u00a0<\/span><\/p>\n<p><span style=\"font-weight: 400\">El \u00faltimo d\u00eda convoc\u00f3 a estudiantes de ense\u00f1anza media, quienes presentaron sus proyectos evidenciando un fuerte compromiso de las y los j\u00f3venes con los desaf\u00edos de la regi\u00f3n. <\/span><span style=\"font-weight: 400\"><br \/>\n<\/span><span style=\"font-weight: 400\"> La jornada incluy\u00f3 un conversatorio especial con K\u00fcyenray y Ang\u00e9lica Casanova, quienes compartieron reflexiones sobre el rol de la juventud y la ciencia en la transformaci\u00f3n social, adem\u00e1s de un cierre cultural con la participaci\u00f3n del elenco de danzas urbanas.\u00a0<\/span><\/p>\n<p><b>Un espacio de encuentro y colaboraci\u00f3n<\/b><span style=\"font-weight: 400\">\u00a0<\/span><\/p>\n<p><span style=\"font-weight: 400\">El Congreso Regional cont\u00f3 con la presencia y colaboraci\u00f3n de diversas instituciones socias, entre ellas Miras, Ovdas, Fundaci\u00f3n Mar Adentro, CECREA Temuco, Universidad Santo Tom\u00e1s, Agronom\u00eda UCT, entre otras, que aportaron con stands interactivos y talleres, fortaleciendo la conexi\u00f3n entre el mundo escolar y el ecosistema cient\u00edfico-tecnol\u00f3gico regional.\u00a0<\/span><\/p>\n<p><span style=\"font-weight: 400\">Este trabajo conjunto permiti\u00f3 visibilizar no solo los proyectos escolares, sino tambi\u00e9n el rol de las instituciones aliadas en el desarrollo cient\u00edfico y educativo de La Araucan\u00eda, mostrando la importancia de avanzar de manera colaborativa hacia soluciones a los desaf\u00edos locales.\u00a0<\/span><\/p>\n<p><span style=\"font-weight: 400\">La encargada del Congreso, Daniela Salazar, destac\u00f3 que \u201ceste espacio demuestra la importancia de trabajar en conjunto con las comunidades escolares y las instituciones socias, generando alianzas estrat\u00e9gicas para fortalecer la educaci\u00f3n y el desarrollo del territorio. Las y los estudiantes son protagonistas de la construcci\u00f3n de conocimiento, y este congreso es un reflejo de ello\u201d.\u00a0<\/span><\/p>\n<p><span style=\"font-weight: 400\">\u00a0<\/span><b>Explora: 30 a\u00f1os impulsando la ciencia escolar<\/b><span style=\"font-weight: 400\">\u00a0<\/span><\/p>\n<p><span style=\"font-weight: 400\">Este Congreso se enmarca en las celebraciones de los 30 a\u00f1os del Programa Explora a nivel nacional, reafirmando su rol como garante de los derechos de ni\u00f1os, ni\u00f1as y adolescentes, y como impulsor de la democratizaci\u00f3n del conocimiento y la ciencia ciudadana.\u00a0<\/span><\/p>\n<p><span style=\"font-weight: 400\">Con 80 proyectos presentados y la activa participaci\u00f3n de comunidades educativas de 25 comunas de la regi\u00f3n, el Congreso Regional Explora La Araucan\u00eda 2025 se instal\u00f3 como un hito educativo y cient\u00edfico, consolidando un compromiso compartido por el futuro de la regi\u00f3n y del pa\u00eds.\u00a0<\/span><\/p>\n","protected":false},"excerpt":{"rendered":"<p>Cerca de mil estudiantes protagonizaron el Congreso Regional Explora La Araucan\u00eda 2025\u00a0 Durante tres intensas jornadas, entre el 26 y el 28 de agosto, el Campus Juan Pablo II de la Universidad Cat\u00f3lica de Temuco fue el escenario del Congreso Regional Explora La Araucan\u00eda 2025, un encuentro que reuni\u00f3 a cerca de 1.000 estudiantes y [&hellip;]<\/p>\n","protected":false},"author":29,"featured_media":42012,"comment_status":"open","ping_status":"open","sticky":false,"template":"","format":"standard","meta":{"_acf_changed":false,"_exactmetrics_skip_tracking":false,"_exactmetrics_sitenote_active":false,"_exactmetrics_sitenote_note":"","_exactmetrics_sitenote_category":0,"footnotes":"","_links_to":"","_links_to_target":""},"categories":[1],"tags":[],"class_list":["post-42011","post","type-post","status-publish","format-standard","has-post-thumbnail","hentry","category-sin-categoria"],"acf":[],"yoast_head":"<!-- This site is optimized with the Yoast SEO plugin v26.9 - https:\/\/yoast.com\/product\/yoast-seo-wordpress\/ -->\n<title>Cerca de mil estudiantes protagonizaron el Congreso Regional Explora La Araucan\u00eda 2025 - Araucan\u00eda<\/title>\n<meta name=\"robots\" content=\"index, follow, max-snippet:-1, max-image-preview:large, max-video-preview:-1\" \/>\n<link rel=\"canonical\" href=\"https:\/\/explora.cl\/araucania\/mas-de-mil-estudiantes-protagonizaron-el-congreso-regional-explora-la-araucania-2025\/\" class=\"yoast-seo-meta-tag\" \/>\n<meta property=\"og:locale\" content=\"es_ES\" class=\"yoast-seo-meta-tag\" \/>\n<meta property=\"og:type\" content=\"article\" class=\"yoast-seo-meta-tag\" \/>\n<meta property=\"og:title\" content=\"Cerca de mil estudiantes protagonizaron el Congreso Regional Explora La Araucan\u00eda 2025 - Araucan\u00eda\" class=\"yoast-seo-meta-tag\" \/>\n<meta property=\"og:description\" content=\"Cerca de mil estudiantes protagonizaron el Congreso Regional Explora La Araucan\u00eda 2025\u00a0 Durante tres intensas jornadas, entre el 26 y el 28 de agosto, el Campus Juan Pablo II de la Universidad Cat\u00f3lica de Temuco fue el escenario del Congreso Regional Explora La Araucan\u00eda 2025, un encuentro que reuni\u00f3 a cerca de 1.000 estudiantes y [&hellip;]\" class=\"yoast-seo-meta-tag\" \/>\n<meta property=\"og:url\" content=\"https:\/\/explora.cl\/araucania\/mas-de-mil-estudiantes-protagonizaron-el-congreso-regional-explora-la-araucania-2025\/\" class=\"yoast-seo-meta-tag\" \/>\n<meta property=\"og:site_name\" content=\"Araucan\u00eda\" class=\"yoast-seo-meta-tag\" \/>\n<meta property=\"article:published_time\" content=\"2025-09-04T13:55:07+00:00\" class=\"yoast-seo-meta-tag\" \/>\n<meta property=\"article:modified_time\" content=\"2025-09-04T13:56:47+00:00\" class=\"yoast-seo-meta-tag\" \/>\n<meta property=\"og:image\" content=\"https:\/\/explora.cl\/araucania\/wp-content\/uploads\/sites\/15\/2025\/09\/0-scaled.jpg\" class=\"yoast-seo-meta-tag\" \/>\n\t<meta property=\"og:image:width\" content=\"2048\" class=\"yoast-seo-meta-tag\" \/>\n\t<meta property=\"og:image:height\" content=\"2560\" class=\"yoast-seo-meta-tag\" \/>\n\t<meta property=\"og:image:type\" content=\"image\/jpeg\" class=\"yoast-seo-meta-tag\" \/>\n<meta name=\"author\" content=\"christianbor\" class=\"yoast-seo-meta-tag\" \/>\n<meta name=\"twitter:card\" content=\"summary_large_image\" class=\"yoast-seo-meta-tag\" \/>\n<meta name=\"twitter:label1\" content=\"Escrito por\" class=\"yoast-seo-meta-tag\" \/>\n\t<meta name=\"twitter:data1\" content=\"christianbor\" class=\"yoast-seo-meta-tag\" \/>\n\t<meta name=\"twitter:label2\" content=\"Tiempo estimado de lectura\" class=\"yoast-seo-meta-tag\" \/>\n\t<meta name=\"twitter:data2\" content=\"4 minutos\" class=\"yoast-seo-meta-tag\" \/>\n<script type=\"application\/ld+json\" class=\"yoast-schema-graph\">{\"@context\":\"https:\/\/schema.org\",\"@graph\":[{\"@type\":\"Article\",\"@id\":\"https:\/\/explora.cl\/araucania\/mas-de-mil-estudiantes-protagonizaron-el-congreso-regional-explora-la-araucania-2025\/#article\",\"isPartOf\":{\"@id\":\"https:\/\/explora.cl\/araucania\/mas-de-mil-estudiantes-protagonizaron-el-congreso-regional-explora-la-araucania-2025\/\"},\"author\":{\"name\":\"christianbor\",\"@id\":\"https:\/\/explora.cl\/araucania\/#\/schema\/person\/00430756cbdfde141b9130e2529f043a\"},\"headline\":\"Cerca de mil estudiantes protagonizaron el Congreso Regional Explora La Araucan\u00eda 2025\",\"datePublished\":\"2025-09-04T13:55:07+00:00\",\"dateModified\":\"2025-09-04T13:56:47+00:00\",\"mainEntityOfPage\":{\"@id\":\"https:\/\/explora.cl\/araucania\/mas-de-mil-estudiantes-protagonizaron-el-congreso-regional-explora-la-araucania-2025\/\"},\"wordCount\":763,\"commentCount\":0,\"image\":{\"@id\":\"https:\/\/explora.cl\/araucania\/mas-de-mil-estudiantes-protagonizaron-el-congreso-regional-explora-la-araucania-2025\/#primaryimage\"},\"thumbnailUrl\":\"https:\/\/explora.cl\/araucania\/wp-content\/uploads\/sites\/15\/2025\/09\/0-scaled.jpg\",\"inLanguage\":\"es-CL\",\"potentialAction\":[{\"@type\":\"CommentAction\",\"name\":\"Comment\",\"target\":[\"https:\/\/explora.cl\/araucania\/mas-de-mil-estudiantes-protagonizaron-el-congreso-regional-explora-la-araucania-2025\/#respond\"]}]},{\"@type\":\"WebPage\",\"@id\":\"https:\/\/explora.cl\/araucania\/mas-de-mil-estudiantes-protagonizaron-el-congreso-regional-explora-la-araucania-2025\/\",\"url\":\"https:\/\/explora.cl\/araucania\/mas-de-mil-estudiantes-protagonizaron-el-congreso-regional-explora-la-araucania-2025\/\",\"name\":\"Cerca de mil estudiantes protagonizaron el Congreso Regional Explora La Araucan\u00eda 2025 - Araucan\u00eda\",\"isPartOf\":{\"@id\":\"https:\/\/explora.cl\/araucania\/#website\"},\"primaryImageOfPage\":{\"@id\":\"https:\/\/explora.cl\/araucania\/mas-de-mil-estudiantes-protagonizaron-el-congreso-regional-explora-la-araucania-2025\/#primaryimage\"},\"image\":{\"@id\":\"https:\/\/explora.cl\/araucania\/mas-de-mil-estudiantes-protagonizaron-el-congreso-regional-explora-la-araucania-2025\/#primaryimage\"},\"thumbnailUrl\":\"https:\/\/explora.cl\/araucania\/wp-content\/uploads\/sites\/15\/2025\/09\/0-scaled.jpg\",\"datePublished\":\"2025-09-04T13:55:07+00:00\",\"dateModified\":\"2025-09-04T13:56:47+00:00\",\"author\":{\"@id\":\"https:\/\/explora.cl\/araucania\/#\/schema\/person\/00430756cbdfde141b9130e2529f043a\"},\"breadcrumb\":{\"@id\":\"https:\/\/explora.cl\/araucania\/mas-de-mil-estudiantes-protagonizaron-el-congreso-regional-explora-la-araucania-2025\/#breadcrumb\"},\"inLanguage\":\"es-CL\",\"potentialAction\":[{\"@type\":\"ReadAction\",\"target\":[\"https:\/\/explora.cl\/araucania\/mas-de-mil-estudiantes-protagonizaron-el-congreso-regional-explora-la-araucania-2025\/\"]}]},{\"@type\":\"ImageObject\",\"inLanguage\":\"es-CL\",\"@id\":\"https:\/\/explora.cl\/araucania\/mas-de-mil-estudiantes-protagonizaron-el-congreso-regional-explora-la-araucania-2025\/#primaryimage\",\"url\":\"https:\/\/explora.cl\/araucania\/wp-content\/uploads\/sites\/15\/2025\/09\/0-scaled.jpg\",\"contentUrl\":\"https:\/\/explora.cl\/araucania\/wp-content\/uploads\/sites\/15\/2025\/09\/0-scaled.jpg\",\"width\":2048,\"height\":2560},{\"@type\":\"BreadcrumbList\",\"@id\":\"https:\/\/explora.cl\/araucania\/mas-de-mil-estudiantes-protagonizaron-el-congreso-regional-explora-la-araucania-2025\/#breadcrumb\",\"itemListElement\":[{\"@type\":\"ListItem\",\"position\":1,\"name\":\"Portada\",\"item\":\"https:\/\/explora.cl\/araucania\/\"},{\"@type\":\"ListItem\",\"position\":2,\"name\":\"Cerca de mil estudiantes protagonizaron el Congreso Regional Explora La Araucan\u00eda 2025\"}]},{\"@type\":\"WebSite\",\"@id\":\"https:\/\/explora.cl\/araucania\/#website\",\"url\":\"https:\/\/explora.cl\/araucania\/\",\"name\":\"Araucan\u00eda\",\"description\":\"Otro sitio m\u00e1s de explora.cl\",\"potentialAction\":[{\"@type\":\"SearchAction\",\"target\":{\"@type\":\"EntryPoint\",\"urlTemplate\":\"https:\/\/explora.cl\/araucania\/?s={search_term_string}\"},\"query-input\":{\"@type\":\"PropertyValueSpecification\",\"valueRequired\":true,\"valueName\":\"search_term_string\"}}],\"inLanguage\":\"es-CL\"},{\"@type\":\"Person\",\"@id\":\"https:\/\/explora.cl\/araucania\/#\/schema\/person\/00430756cbdfde141b9130e2529f043a\",\"name\":\"christianbor\",\"image\":{\"@type\":\"ImageObject\",\"inLanguage\":\"es-CL\",\"@id\":\"https:\/\/explora.cl\/araucania\/#\/schema\/person\/image\/\",\"url\":\"https:\/\/secure.gravatar.com\/avatar\/268ed01e65a7aae7fae23a8237e9319f40c568070f8a3ce327804b208cd23a19?s=96&d=mm&r=g\",\"contentUrl\":\"https:\/\/secure.gravatar.com\/avatar\/268ed01e65a7aae7fae23a8237e9319f40c568070f8a3ce327804b208cd23a19?s=96&d=mm&r=g\",\"caption\":\"christianbor\"},\"url\":\"https:\/\/explora.cl\/araucania\/author\/christianbor\/\"}]}<\/script>\n<!-- \/ Yoast SEO plugin. -->","yoast_head_json":{"title":"Cerca de mil estudiantes protagonizaron el Congreso Regional Explora La Araucan\u00eda 2025 - Araucan\u00eda","robots":{"index":"index","follow":"follow","max-snippet":"max-snippet:-1","max-image-preview":"max-image-preview:large","max-video-preview":"max-video-preview:-1"},"canonical":"https:\/\/explora.cl\/araucania\/mas-de-mil-estudiantes-protagonizaron-el-congreso-regional-explora-la-araucania-2025\/","og_locale":"es_ES","og_type":"article","og_title":"Cerca de mil estudiantes protagonizaron el Congreso Regional Explora La Araucan\u00eda 2025 - Araucan\u00eda","og_description":"Cerca de mil estudiantes protagonizaron el Congreso Regional Explora La Araucan\u00eda 2025\u00a0 Durante tres intensas jornadas, entre el 26 y el 28 de agosto, el Campus Juan Pablo II de la Universidad Cat\u00f3lica de Temuco fue el escenario del Congreso Regional Explora La Araucan\u00eda 2025, un encuentro que reuni\u00f3 a cerca de 1.000 estudiantes y [&hellip;]","og_url":"https:\/\/explora.cl\/araucania\/mas-de-mil-estudiantes-protagonizaron-el-congreso-regional-explora-la-araucania-2025\/","og_site_name":"Araucan\u00eda","article_published_time":"2025-09-04T13:55:07+00:00","article_modified_time":"2025-09-04T13:56:47+00:00","og_image":[{"width":2048,"height":2560,"url":"https:\/\/explora.cl\/araucania\/wp-content\/uploads\/sites\/15\/2025\/09\/0-scaled.jpg","type":"image\/jpeg"}],"author":"christianbor","twitter_card":"summary_large_image","twitter_misc":{"Escrito por":"christianbor","Tiempo estimado de lectura":"4 minutos"},"schema":{"@context":"https:\/\/schema.org","@graph":[{"@type":"Article","@id":"https:\/\/explora.cl\/araucania\/mas-de-mil-estudiantes-protagonizaron-el-congreso-regional-explora-la-araucania-2025\/#article","isPartOf":{"@id":"https:\/\/explora.cl\/araucania\/mas-de-mil-estudiantes-protagonizaron-el-congreso-regional-explora-la-araucania-2025\/"},"author":{"name":"christianbor","@id":"https:\/\/explora.cl\/araucania\/#\/schema\/person\/00430756cbdfde141b9130e2529f043a"},"headline":"Cerca de mil estudiantes protagonizaron el Congreso Regional Explora La Araucan\u00eda 2025","datePublished":"2025-09-04T13:55:07+00:00","dateModified":"2025-09-04T13:56:47+00:00","mainEntityOfPage":{"@id":"https:\/\/explora.cl\/araucania\/mas-de-mil-estudiantes-protagonizaron-el-congreso-regional-explora-la-araucania-2025\/"},"wordCount":763,"commentCount":0,"image":{"@id":"https:\/\/explora.cl\/araucania\/mas-de-mil-estudiantes-protagonizaron-el-congreso-regional-explora-la-araucania-2025\/#primaryimage"},"thumbnailUrl":"https:\/\/explora.cl\/araucania\/wp-content\/uploads\/sites\/15\/2025\/09\/0-scaled.jpg","inLanguage":"es-CL","potentialAction":[{"@type":"CommentAction","name":"Comment","target":["https:\/\/explora.cl\/araucania\/mas-de-mil-estudiantes-protagonizaron-el-congreso-regional-explora-la-araucania-2025\/#respond"]}]},{"@type":"WebPage","@id":"https:\/\/explora.cl\/araucania\/mas-de-mil-estudiantes-protagonizaron-el-congreso-regional-explora-la-araucania-2025\/","url":"https:\/\/explora.cl\/araucania\/mas-de-mil-estudiantes-protagonizaron-el-congreso-regional-explora-la-araucania-2025\/","name":"Cerca de mil estudiantes protagonizaron el Congreso Regional Explora La Araucan\u00eda 2025 - Araucan\u00eda","isPartOf":{"@id":"https:\/\/explora.cl\/araucania\/#website"},"primaryImageOfPage":{"@id":"https:\/\/explora.cl\/araucania\/mas-de-mil-estudiantes-protagonizaron-el-congreso-regional-explora-la-araucania-2025\/#primaryimage"},"image":{"@id":"https:\/\/explora.cl\/araucania\/mas-de-mil-estudiantes-protagonizaron-el-congreso-regional-explora-la-araucania-2025\/#primaryimage"},"thumbnailUrl":"https:\/\/explora.cl\/araucania\/wp-content\/uploads\/sites\/15\/2025\/09\/0-scaled.jpg","datePublished":"2025-09-04T13:55:07+00:00","dateModified":"2025-09-04T13:56:47+00:00","author":{"@id":"https:\/\/explora.cl\/araucania\/#\/schema\/person\/00430756cbdfde141b9130e2529f043a"},"breadcrumb":{"@id":"https:\/\/explora.cl\/araucania\/mas-de-mil-estudiantes-protagonizaron-el-congreso-regional-explora-la-araucania-2025\/#breadcrumb"},"inLanguage":"es-CL","potentialAction":[{"@type":"ReadAction","target":["https:\/\/explora.cl\/araucania\/mas-de-mil-estudiantes-protagonizaron-el-congreso-regional-explora-la-araucania-2025\/"]}]},{"@type":"ImageObject","inLanguage":"es-CL","@id":"https:\/\/explora.cl\/araucania\/mas-de-mil-estudiantes-protagonizaron-el-congreso-regional-explora-la-araucania-2025\/#primaryimage","url":"https:\/\/explora.cl\/araucania\/wp-content\/uploads\/sites\/15\/2025\/09\/0-scaled.jpg","contentUrl":"https:\/\/explora.cl\/araucania\/wp-content\/uploads\/sites\/15\/2025\/09\/0-scaled.jpg","width":2048,"height":2560},{"@type":"BreadcrumbList","@id":"https:\/\/explora.cl\/araucania\/mas-de-mil-estudiantes-protagonizaron-el-congreso-regional-explora-la-araucania-2025\/#breadcrumb","itemListElement":[{"@type":"ListItem","position":1,"name":"Portada","item":"https:\/\/explora.cl\/araucania\/"},{"@type":"ListItem","position":2,"name":"Cerca de mil estudiantes protagonizaron el Congreso Regional Explora La Araucan\u00eda 2025"}]},{"@type":"WebSite","@id":"https:\/\/explora.cl\/araucania\/#website","url":"https:\/\/explora.cl\/araucania\/","name":"Araucan\u00eda","description":"Otro sitio m\u00e1s de explora.cl","potentialAction":[{"@type":"SearchAction","target":{"@type":"EntryPoint","urlTemplate":"https:\/\/explora.cl\/araucania\/?s={search_term_string}"},"query-input":{"@type":"PropertyValueSpecification","valueRequired":true,"valueName":"search_term_string"}}],"inLanguage":"es-CL"},{"@type":"Person","@id":"https:\/\/explora.cl\/araucania\/#\/schema\/person\/00430756cbdfde141b9130e2529f043a","name":"christianbor","image":{"@type":"ImageObject","inLanguage":"es-CL","@id":"https:\/\/explora.cl\/araucania\/#\/schema\/person\/image\/","url":"https:\/\/secure.gravatar.com\/avatar\/268ed01e65a7aae7fae23a8237e9319f40c568070f8a3ce327804b208cd23a19?s=96&d=mm&r=g","contentUrl":"https:\/\/secure.gravatar.com\/avatar\/268ed01e65a7aae7fae23a8237e9319f40c568070f8a3ce327804b208cd23a19?s=96&d=mm&r=g","caption":"christianbor"},"url":"https:\/\/explora.cl\/araucania\/author\/christianbor\/"}]}},"_links":{"self":[{"href":"https:\/\/explora.cl\/araucania\/wp-json\/wp\/v2\/posts\/42011","targetHints":{"allow":["GET"]}}],"collection":[{"href":"https:\/\/explora.cl\/araucania\/wp-json\/wp\/v2\/posts"}],"about":[{"href":"https:\/\/explora.cl\/araucania\/wp-json\/wp\/v2\/types\/post"}],"author":[{"embeddable":true,"href":"https:\/\/explora.cl\/araucania\/wp-json\/wp\/v2\/users\/29"}],"replies":[{"embeddable":true,"href":"https:\/\/explora.cl\/araucania\/wp-json\/wp\/v2\/comments?post=42011"}],"version-history":[{"count":4,"href":"https:\/\/explora.cl\/araucania\/wp-json\/wp\/v2\/posts\/42011\/revisions"}],"predecessor-version":[{"id":42018,"href":"https:\/\/explora.cl\/araucania\/wp-json\/wp\/v2\/posts\/42011\/revisions\/42018"}],"wp:featuredmedia":[{"embeddable":true,"href":"https:\/\/explora.cl\/araucania\/wp-json\/wp\/v2\/media\/42012"}],"wp:attachment":[{"href":"https:\/\/explora.cl\/araucania\/wp-json\/wp\/v2\/media?parent=42011"}],"wp:term":[{"taxonomy":"category","embeddable":true,"href":"https:\/\/explora.cl\/araucania\/wp-json\/wp\/v2\/categories?post=42011"},{"taxonomy":"post_tag","embeddable":true,"href":"https:\/\/explora.cl\/araucania\/wp-json\/wp\/v2\/tags?post=42011"}],"curies":[{"name":"wp","href":"https:\/\/api.w.org\/{rel}","templated":true}]}}