{"id":33170,"date":"2019-04-18T04:41:47","date_gmt":"2019-04-18T04:41:47","guid":{"rendered":"https:\/\/explora.cl\/araucania\/?p=33170"},"modified":"2019-07-17T18:18:44","modified_gmt":"2019-07-17T22:18:44","slug":"congreso-regional-de-investigacion-escolar-3","status":"publish","type":"post","link":"https:\/\/explora.cl\/araucania\/congreso-regional-de-investigacion-escolar-3\/","title":{"rendered":"Congreso regional de investigaci\u00f3n escolar"},"content":{"rendered":"<p>Lorem ipsum dolor sit amet, consectetur adipiscing elit. Nullam dignissim ante sit amet blandit tristique. Donec augue lorem, aliquam at neque lobortis, eleifend aliquam mi. Suspendisse vestibulum felis purus, ultricies lobortis turpis egestas non. Sed eu ullamcorper orci. Orci varius natoque penatibus et magnis dis parturient montes, nascetur ridiculus mus. Donec nec neque massa. Etiam tempus felis dictum, mattis urna eget, aliquam diam. Nunc est lorem, porttitor non quam sit amet, porttitor lobortis metus. Vestibulum ante ipsum primis in faucibus orci luctus et ultrices posuere cubilia Curae; Aenean mattis metus ut suscipit pretium. Quisque pharetra aliquam est, sed fringilla enim iaculis non. Nam volutpat eleifend porttitor.<\/p>\n<p>Nulla ullamcorper, libero nec rhoncus congue, nulla erat tincidunt sapien, eget viverra orci augue a augue. Vivamus venenatis ac arcu eget suscipit. Cras vel lectus ante. Aenean ultricies libero id sem aliquet consectetur. In justo ipsum, commodo ut auctor sed, maximus at est. Curabitur cursus ex a nisi dignissim blandit. Sed aliquet dolor ut odio finibus, in maximus diam varius. Aliquam consectetur sit amet neque sit amet bibendum. Ut imperdiet dignissim faucibus. Quisque interdum, arcu id ornare accumsan, dolor mauris efficitur justo, id viverra sem dui a risus. Nullam in vehicula nibh. Vivamus vitae mi vitae est tincidunt aliquet. Aenean at ante eget neque tempus facilisis eget vitae urna.<\/p>\n<p><a href=\"https:\/\/explora.cl\/araucania\/quienes-somos\/\" target=\"_blank\" class=\"vc-btn\">PARA INSCRIBIRTE CONT\u00c1CTATE AQU\u00cd<\/a><\/p>\n<p><a href=\"#\" target=\"_blank\" class=\"vc-btn\">DESCARGAR LIBRO RES\u00daMENES<\/a><\/p>\n<p><a href=\"#\" target=\"_blank\" class=\"vc-btn\">DESCARGAR GU\u00cdA INVESTIGACI\u00d3N<\/a><\/p>\n","protected":false},"excerpt":{"rendered":"<p>En esta instancia se exhiben los resultados de las investigaciones cient\u00edficas escolares (ICE) m\u00e1s destacadas de la regi\u00f3n y se escoge aquella investigaci\u00f3n que representar\u00e1 a la regi\u00f3n en el Congreso Nacional de Investigaci\u00f3n Escolar. Adem\u00e1s de la muestra de investigaciones, en este congreso se realizan tambi\u00e9n conversaciones con cient\u00edficos que son dirigidas a todo p\u00fablico.<\/p>\n","protected":false},"author":2,"featured_media":33383,"comment_status":"closed","ping_status":"open","sticky":false,"template":"","format":"standard","meta":{"_acf_changed":false,"_exactmetrics_skip_tracking":false,"_exactmetrics_sitenote_active":false,"_exactmetrics_sitenote_note":"","_exactmetrics_sitenote_category":0,"footnotes":"","_links_to":"","_links_to_target":""},"categories":[1],"tags":[],"class_list":["post-33170","post","type-post","status-publish","format-standard","has-post-thumbnail","hentry","category-sin-categoria"],"acf":[],"yoast_head":"<!-- This site is optimized with the Yoast SEO plugin v26.9 - https:\/\/yoast.com\/product\/yoast-seo-wordpress\/ -->\n<title>Congreso regional de investigaci\u00f3n escolar - Araucan\u00eda<\/title>\n<meta name=\"robots\" content=\"index, follow, max-snippet:-1, max-image-preview:large, max-video-preview:-1\" \/>\n<link rel=\"canonical\" href=\"https:\/\/explora.cl\/araucania\/congreso-regional-de-investigacion-escolar-3\/\" class=\"yoast-seo-meta-tag\" \/>\n<meta property=\"og:locale\" content=\"es_ES\" class=\"yoast-seo-meta-tag\" \/>\n<meta property=\"og:type\" content=\"article\" class=\"yoast-seo-meta-tag\" \/>\n<meta property=\"og:title\" content=\"Congreso regional de investigaci\u00f3n escolar - Araucan\u00eda\" class=\"yoast-seo-meta-tag\" \/>\n<meta property=\"og:description\" content=\"En esta instancia se exhiben los resultados de las investigaciones cient\u00edficas escolares (ICE) m\u00e1s destacadas de la regi\u00f3n y se escoge aquella investigaci\u00f3n que representar\u00e1 a la regi\u00f3n en el Congreso Nacional de Investigaci\u00f3n Escolar. Adem\u00e1s de la muestra de investigaciones, en este congreso se realizan tambi\u00e9n conversaciones con cient\u00edficos que son dirigidas a todo p\u00fablico.\" class=\"yoast-seo-meta-tag\" \/>\n<meta property=\"og:url\" content=\"https:\/\/explora.cl\/araucania\/congreso-regional-de-investigacion-escolar-3\/\" class=\"yoast-seo-meta-tag\" \/>\n<meta property=\"og:site_name\" content=\"Araucan\u00eda\" class=\"yoast-seo-meta-tag\" \/>\n<meta property=\"article:published_time\" content=\"2019-04-18T04:41:47+00:00\" class=\"yoast-seo-meta-tag\" \/>\n<meta property=\"article:modified_time\" content=\"2019-07-17T22:18:44+00:00\" class=\"yoast-seo-meta-tag\" \/>\n<meta property=\"og:image\" content=\"https:\/\/explora.cl\/araucania\/wp-content\/uploads\/sites\/15\/2019\/04\/Congreso-Regional-de-Ciencias.jpg\" class=\"yoast-seo-meta-tag\" \/>\n\t<meta property=\"og:image:width\" content=\"1100\" class=\"yoast-seo-meta-tag\" \/>\n\t<meta property=\"og:image:height\" content=\"734\" class=\"yoast-seo-meta-tag\" \/>\n\t<meta property=\"og:image:type\" content=\"image\/jpeg\" class=\"yoast-seo-meta-tag\" \/>\n<meta name=\"author\" content=\"webman\" class=\"yoast-seo-meta-tag\" \/>\n<meta name=\"twitter:card\" content=\"summary_large_image\" class=\"yoast-seo-meta-tag\" \/>\n<meta name=\"twitter:label1\" content=\"Escrito por\" class=\"yoast-seo-meta-tag\" \/>\n\t<meta name=\"twitter:data1\" content=\"webman\" class=\"yoast-seo-meta-tag\" \/>\n\t<meta name=\"twitter:label2\" content=\"Tiempo estimado de lectura\" class=\"yoast-seo-meta-tag\" \/>\n\t<meta name=\"twitter:data2\" content=\"1 minuto\" class=\"yoast-seo-meta-tag\" \/>\n<script type=\"application\/ld+json\" class=\"yoast-schema-graph\">{\"@context\":\"https:\/\/schema.org\",\"@graph\":[{\"@type\":\"Article\",\"@id\":\"https:\/\/explora.cl\/araucania\/congreso-regional-de-investigacion-escolar-3\/#article\",\"isPartOf\":{\"@id\":\"https:\/\/explora.cl\/araucania\/congreso-regional-de-investigacion-escolar-3\/\"},\"author\":{\"name\":\"webman\",\"@id\":\"https:\/\/explora.cl\/araucania\/#\/schema\/person\/cb8349c13ea2d324080adf8480d7ba5d\"},\"headline\":\"Congreso regional de investigaci\u00f3n escolar\",\"datePublished\":\"2019-04-18T04:41:47+00:00\",\"dateModified\":\"2019-07-17T22:18:44+00:00\",\"mainEntityOfPage\":{\"@id\":\"https:\/\/explora.cl\/araucania\/congreso-regional-de-investigacion-escolar-3\/\"},\"wordCount\":235,\"image\":{\"@id\":\"https:\/\/explora.cl\/araucania\/congreso-regional-de-investigacion-escolar-3\/#primaryimage\"},\"thumbnailUrl\":\"https:\/\/explora.cl\/araucania\/wp-content\/uploads\/sites\/15\/2019\/04\/Congreso-Regional-de-Ciencias.jpg\",\"inLanguage\":\"es-CL\"},{\"@type\":\"WebPage\",\"@id\":\"https:\/\/explora.cl\/araucania\/congreso-regional-de-investigacion-escolar-3\/\",\"url\":\"https:\/\/explora.cl\/araucania\/congreso-regional-de-investigacion-escolar-3\/\",\"name\":\"Congreso regional de investigaci\u00f3n escolar - Araucan\u00eda\",\"isPartOf\":{\"@id\":\"https:\/\/explora.cl\/araucania\/#website\"},\"primaryImageOfPage\":{\"@id\":\"https:\/\/explora.cl\/araucania\/congreso-regional-de-investigacion-escolar-3\/#primaryimage\"},\"image\":{\"@id\":\"https:\/\/explora.cl\/araucania\/congreso-regional-de-investigacion-escolar-3\/#primaryimage\"},\"thumbnailUrl\":\"https:\/\/explora.cl\/araucania\/wp-content\/uploads\/sites\/15\/2019\/04\/Congreso-Regional-de-Ciencias.jpg\",\"datePublished\":\"2019-04-18T04:41:47+00:00\",\"dateModified\":\"2019-07-17T22:18:44+00:00\",\"author\":{\"@id\":\"https:\/\/explora.cl\/araucania\/#\/schema\/person\/cb8349c13ea2d324080adf8480d7ba5d\"},\"breadcrumb\":{\"@id\":\"https:\/\/explora.cl\/araucania\/congreso-regional-de-investigacion-escolar-3\/#breadcrumb\"},\"inLanguage\":\"es-CL\",\"potentialAction\":[{\"@type\":\"ReadAction\",\"target\":[\"https:\/\/explora.cl\/araucania\/congreso-regional-de-investigacion-escolar-3\/\"]}]},{\"@type\":\"ImageObject\",\"inLanguage\":\"es-CL\",\"@id\":\"https:\/\/explora.cl\/araucania\/congreso-regional-de-investigacion-escolar-3\/#primaryimage\",\"url\":\"https:\/\/explora.cl\/araucania\/wp-content\/uploads\/sites\/15\/2019\/04\/Congreso-Regional-de-Ciencias.jpg\",\"contentUrl\":\"https:\/\/explora.cl\/araucania\/wp-content\/uploads\/sites\/15\/2019\/04\/Congreso-Regional-de-Ciencias.jpg\",\"width\":1100,\"height\":734},{\"@type\":\"BreadcrumbList\",\"@id\":\"https:\/\/explora.cl\/araucania\/congreso-regional-de-investigacion-escolar-3\/#breadcrumb\",\"itemListElement\":[{\"@type\":\"ListItem\",\"position\":1,\"name\":\"Portada\",\"item\":\"https:\/\/explora.cl\/araucania\/\"},{\"@type\":\"ListItem\",\"position\":2,\"name\":\"Congreso regional de investigaci\u00f3n escolar\"}]},{\"@type\":\"WebSite\",\"@id\":\"https:\/\/explora.cl\/araucania\/#website\",\"url\":\"https:\/\/explora.cl\/araucania\/\",\"name\":\"Araucan\u00eda\",\"description\":\"Otro sitio m\u00e1s de explora.cl\",\"potentialAction\":[{\"@type\":\"SearchAction\",\"target\":{\"@type\":\"EntryPoint\",\"urlTemplate\":\"https:\/\/explora.cl\/araucania\/?s={search_term_string}\"},\"query-input\":{\"@type\":\"PropertyValueSpecification\",\"valueRequired\":true,\"valueName\":\"search_term_string\"}}],\"inLanguage\":\"es-CL\"},{\"@type\":\"Person\",\"@id\":\"https:\/\/explora.cl\/araucania\/#\/schema\/person\/cb8349c13ea2d324080adf8480d7ba5d\",\"name\":\"webman\",\"image\":{\"@type\":\"ImageObject\",\"inLanguage\":\"es-CL\",\"@id\":\"https:\/\/explora.cl\/araucania\/#\/schema\/person\/image\/\",\"url\":\"https:\/\/secure.gravatar.com\/avatar\/eeff3c82f2c02f7177d13663b7e6f890e9a6a0647ce9bb29cae02dcb094c7312?s=96&d=mm&r=g\",\"contentUrl\":\"https:\/\/secure.gravatar.com\/avatar\/eeff3c82f2c02f7177d13663b7e6f890e9a6a0647ce9bb29cae02dcb094c7312?s=96&d=mm&r=g\",\"caption\":\"webman\"},\"url\":\"https:\/\/explora.cl\/araucania\/author\/webman\/\"}]}<\/script>\n<!-- \/ Yoast SEO plugin. -->","yoast_head_json":{"title":"Congreso regional de investigaci\u00f3n escolar - Araucan\u00eda","robots":{"index":"index","follow":"follow","max-snippet":"max-snippet:-1","max-image-preview":"max-image-preview:large","max-video-preview":"max-video-preview:-1"},"canonical":"https:\/\/explora.cl\/araucania\/congreso-regional-de-investigacion-escolar-3\/","og_locale":"es_ES","og_type":"article","og_title":"Congreso regional de investigaci\u00f3n escolar - Araucan\u00eda","og_description":"En esta instancia se exhiben los resultados de las investigaciones cient\u00edficas escolares (ICE) m\u00e1s destacadas de la regi\u00f3n y se escoge aquella investigaci\u00f3n que representar\u00e1 a la regi\u00f3n en el Congreso Nacional de Investigaci\u00f3n Escolar. Adem\u00e1s de la muestra de investigaciones, en este congreso se realizan tambi\u00e9n conversaciones con cient\u00edficos que son dirigidas a todo p\u00fablico.","og_url":"https:\/\/explora.cl\/araucania\/congreso-regional-de-investigacion-escolar-3\/","og_site_name":"Araucan\u00eda","article_published_time":"2019-04-18T04:41:47+00:00","article_modified_time":"2019-07-17T22:18:44+00:00","og_image":[{"width":1100,"height":734,"url":"https:\/\/explora.cl\/araucania\/wp-content\/uploads\/sites\/15\/2019\/04\/Congreso-Regional-de-Ciencias.jpg","type":"image\/jpeg"}],"author":"webman","twitter_card":"summary_large_image","twitter_misc":{"Escrito por":"webman","Tiempo estimado de lectura":"1 minuto"},"schema":{"@context":"https:\/\/schema.org","@graph":[{"@type":"Article","@id":"https:\/\/explora.cl\/araucania\/congreso-regional-de-investigacion-escolar-3\/#article","isPartOf":{"@id":"https:\/\/explora.cl\/araucania\/congreso-regional-de-investigacion-escolar-3\/"},"author":{"name":"webman","@id":"https:\/\/explora.cl\/araucania\/#\/schema\/person\/cb8349c13ea2d324080adf8480d7ba5d"},"headline":"Congreso regional de investigaci\u00f3n escolar","datePublished":"2019-04-18T04:41:47+00:00","dateModified":"2019-07-17T22:18:44+00:00","mainEntityOfPage":{"@id":"https:\/\/explora.cl\/araucania\/congreso-regional-de-investigacion-escolar-3\/"},"wordCount":235,"image":{"@id":"https:\/\/explora.cl\/araucania\/congreso-regional-de-investigacion-escolar-3\/#primaryimage"},"thumbnailUrl":"https:\/\/explora.cl\/araucania\/wp-content\/uploads\/sites\/15\/2019\/04\/Congreso-Regional-de-Ciencias.jpg","inLanguage":"es-CL"},{"@type":"WebPage","@id":"https:\/\/explora.cl\/araucania\/congreso-regional-de-investigacion-escolar-3\/","url":"https:\/\/explora.cl\/araucania\/congreso-regional-de-investigacion-escolar-3\/","name":"Congreso regional de investigaci\u00f3n escolar - Araucan\u00eda","isPartOf":{"@id":"https:\/\/explora.cl\/araucania\/#website"},"primaryImageOfPage":{"@id":"https:\/\/explora.cl\/araucania\/congreso-regional-de-investigacion-escolar-3\/#primaryimage"},"image":{"@id":"https:\/\/explora.cl\/araucania\/congreso-regional-de-investigacion-escolar-3\/#primaryimage"},"thumbnailUrl":"https:\/\/explora.cl\/araucania\/wp-content\/uploads\/sites\/15\/2019\/04\/Congreso-Regional-de-Ciencias.jpg","datePublished":"2019-04-18T04:41:47+00:00","dateModified":"2019-07-17T22:18:44+00:00","author":{"@id":"https:\/\/explora.cl\/araucania\/#\/schema\/person\/cb8349c13ea2d324080adf8480d7ba5d"},"breadcrumb":{"@id":"https:\/\/explora.cl\/araucania\/congreso-regional-de-investigacion-escolar-3\/#breadcrumb"},"inLanguage":"es-CL","potentialAction":[{"@type":"ReadAction","target":["https:\/\/explora.cl\/araucania\/congreso-regional-de-investigacion-escolar-3\/"]}]},{"@type":"ImageObject","inLanguage":"es-CL","@id":"https:\/\/explora.cl\/araucania\/congreso-regional-de-investigacion-escolar-3\/#primaryimage","url":"https:\/\/explora.cl\/araucania\/wp-content\/uploads\/sites\/15\/2019\/04\/Congreso-Regional-de-Ciencias.jpg","contentUrl":"https:\/\/explora.cl\/araucania\/wp-content\/uploads\/sites\/15\/2019\/04\/Congreso-Regional-de-Ciencias.jpg","width":1100,"height":734},{"@type":"BreadcrumbList","@id":"https:\/\/explora.cl\/araucania\/congreso-regional-de-investigacion-escolar-3\/#breadcrumb","itemListElement":[{"@type":"ListItem","position":1,"name":"Portada","item":"https:\/\/explora.cl\/araucania\/"},{"@type":"ListItem","position":2,"name":"Congreso regional de investigaci\u00f3n escolar"}]},{"@type":"WebSite","@id":"https:\/\/explora.cl\/araucania\/#website","url":"https:\/\/explora.cl\/araucania\/","name":"Araucan\u00eda","description":"Otro sitio m\u00e1s de explora.cl","potentialAction":[{"@type":"SearchAction","target":{"@type":"EntryPoint","urlTemplate":"https:\/\/explora.cl\/araucania\/?s={search_term_string}"},"query-input":{"@type":"PropertyValueSpecification","valueRequired":true,"valueName":"search_term_string"}}],"inLanguage":"es-CL"},{"@type":"Person","@id":"https:\/\/explora.cl\/araucania\/#\/schema\/person\/cb8349c13ea2d324080adf8480d7ba5d","name":"webman","image":{"@type":"ImageObject","inLanguage":"es-CL","@id":"https:\/\/explora.cl\/araucania\/#\/schema\/person\/image\/","url":"https:\/\/secure.gravatar.com\/avatar\/eeff3c82f2c02f7177d13663b7e6f890e9a6a0647ce9bb29cae02dcb094c7312?s=96&d=mm&r=g","contentUrl":"https:\/\/secure.gravatar.com\/avatar\/eeff3c82f2c02f7177d13663b7e6f890e9a6a0647ce9bb29cae02dcb094c7312?s=96&d=mm&r=g","caption":"webman"},"url":"https:\/\/explora.cl\/araucania\/author\/webman\/"}]}},"_links":{"self":[{"href":"https:\/\/explora.cl\/araucania\/wp-json\/wp\/v2\/posts\/33170","targetHints":{"allow":["GET"]}}],"collection":[{"href":"https:\/\/explora.cl\/araucania\/wp-json\/wp\/v2\/posts"}],"about":[{"href":"https:\/\/explora.cl\/araucania\/wp-json\/wp\/v2\/types\/post"}],"author":[{"embeddable":true,"href":"https:\/\/explora.cl\/araucania\/wp-json\/wp\/v2\/users\/2"}],"replies":[{"embeddable":true,"href":"https:\/\/explora.cl\/araucania\/wp-json\/wp\/v2\/comments?post=33170"}],"version-history":[{"count":7,"href":"https:\/\/explora.cl\/araucania\/wp-json\/wp\/v2\/posts\/33170\/revisions"}],"predecessor-version":[{"id":38648,"href":"https:\/\/explora.cl\/araucania\/wp-json\/wp\/v2\/posts\/33170\/revisions\/38648"}],"wp:featuredmedia":[{"embeddable":true,"href":"https:\/\/explora.cl\/araucania\/wp-json\/wp\/v2\/media\/33383"}],"wp:attachment":[{"href":"https:\/\/explora.cl\/araucania\/wp-json\/wp\/v2\/media?parent=33170"}],"wp:term":[{"taxonomy":"category","embeddable":true,"href":"https:\/\/explora.cl\/araucania\/wp-json\/wp\/v2\/categories?post=33170"},{"taxonomy":"post_tag","embeddable":true,"href":"https:\/\/explora.cl\/araucania\/wp-json\/wp\/v2\/tags?post=33170"}],"curies":[{"name":"wp","href":"https:\/\/api.w.org\/{rel}","templated":true}]}}