{"id":2409,"date":"2017-09-05T00:00:00","date_gmt":"2017-09-05T04:00:00","guid":{"rendered":"https:\/\/explora.cl\/araucania\/blog\/2017\/09\/05\/talleres-araucania-ilustrada-una-loca-geografia-ensenara-a-estudiantes-mas-sobre-su-region\/"},"modified":"2019-05-20T18:51:30","modified_gmt":"2019-05-20T18:51:30","slug":"talleres-araucania-ilustrada-una-loca-geografia-ensenara-a-estudiantes-mas-sobre-su-region","status":"publish","type":"post","link":"https:\/\/explora.cl\/araucania\/talleres-araucania-ilustrada-una-loca-geografia-ensenara-a-estudiantes-mas-sobre-su-region\/","title":{"rendered":"Talleres \u201cAraucan\u00eda ilustrada, una loca geograf\u00eda\u201d ense\u00f1ar\u00e1n a estudiantes m\u00e1s sobre su regi\u00f3n"},"content":{"rendered":"<p><em style=\"font-family: 'trebuchet ms', geneva;font-size: 12pt\"><img fetchpriority=\"high\" decoding=\"async\" class=\" size-full wp-image-27596\" src=\"http:\/\/ec2-54-245-22-188.us-west-2.compute.amazonaws.com\/wp-content\/uploads\/2017\/09\/PORTADA-FACEBOOK-1.jpg\" alt=\"PORTADA FACEBOOK 1\" width=\"671\" height=\"280\" style=\"margin-left: auto;margin-right: auto\" \/><\/em><\/p>\n<p>&nbsp;<\/p>\n<p style=\"text-align: justify\"><em style=\"font-family: 'trebuchet ms', geneva;font-size: 12pt\">La iniciativa organizada por el Museo Regional de La Araucan\u00eda y el PAR Explora de CONICYT La Araucan\u00eda, ejecutado por la Universidad de La Frontera,&nbsp;tiene como objetivo que los estudiantes conozcan acerca de la historia, la identidad y el patrimonio de nuestra regi\u00f3n.<\/em><\/p>\n<p style=\"text-align: justify\"><span style=\"font-family: 'trebuchet ms', geneva;font-size: 12pt\">Los talleres se desarrollar\u00e1n en el marco de la exposici\u00f3n <strong>\u201cAraucan\u00eda en palabras: un nombre, un lugar, una historia\u201d<\/strong> trabajo desarrollado por la ec\u00f3logo paisajista Ver\u00f3nica G\u00e1rate, la dise\u00f1adora gr\u00e1fica Paulina Morgan y la arquitecto Dominique Bruneau, quienes a trav\u00e9s de un &nbsp;proyecto FONDART estudiaron la toponimia de los nombres de las 32 comunas de La Araucan\u00eda, con el fin de poner en valor el patrimonio topon\u00edmico de la regi\u00f3n, evidenciando la relaci\u00f3n entre territorio y cultura de cada comunidad.<\/span><\/p>\n<p style=\"text-align: justify\"><span style=\"font-family: 'trebuchet ms', geneva;font-size: 12pt\">Este trabajo contempl\u00f3 la recopilaci\u00f3n y an\u00e1lisis bibliogr\u00e1fico de la historia de cada localidad, traduci\u00e9ndose en la realizaci\u00f3n de 32 ilustraciones inspiradas en el significado e historia detr\u00e1s del nombre de cada una de ellas.<\/span><\/p>\n<p style=\"text-align: justify\"><span style=\"font-family: 'trebuchet ms', geneva;font-size: 12pt\">Susana Chacana,&nbsp;coordinadora de Educaci\u00f3n y Extensi\u00f3n del Museo, destac\u00f3 durante la inauguraci\u00f3n de la muestra la constante contribuci\u00f3n que existe entre &nbsp;el PAR Explora de CONICYT La Araucan\u00eda &nbsp;y el Museo Regional de La Araucan\u00eda, convenio de colaboraci\u00f3n&nbsp; gracias al cual se han efectuado diversos talleres durante el a\u00f1o, con el objetivo de favorecer el rescate y valoraci\u00f3n de los distintos legados de nuestra cultura.<\/span><\/p>\n<p style=\"text-align: justify\"><span style=\"font-family: 'trebuchet ms', geneva;font-size: 12pt\">A su vez destac\u00f3 que \u201cel taller tiene por objetivo reconocer caracter\u00edsticas geogr\u00e1ficas, hist\u00f3ricas e identitarias de cada una de las comunas de la regi\u00f3n, a trav\u00e9s de ilustraciones que sintetizan elementos procedentes desde la toponimia del lugar, es decir, desde el origen del nombre de cada comuna de La Araucan\u00eda; trabajando a su vez contenidos ligados a la malla curricular de los escolares\u201d.<\/span><\/p>\n<p style=\"text-align: justify\"><span style=\"font-family: 'trebuchet ms', geneva;font-size: 12pt\"> &nbsp;<img decoding=\"async\" class=\" size-full wp-image-27597\" src=\"http:\/\/ec2-54-245-22-188.us-west-2.compute.amazonaws.com\/wp-content\/uploads\/2017\/09\/museo2.jpg\" alt=\"museo2\" width=\"1045\" height=\"280\" \/><\/span><\/p>\n<p>&nbsp;<\/p>\n<p style=\"text-align: justify\"><span style=\"font-family: 'trebuchet ms', geneva;font-size: 12pt\">Por su parte, Felipe Gallardo, director del&nbsp; PAR Explora de CONICYT La Araucan\u00eda recalc\u00f3 que \u201cestamos muy contentos de que gracias a esta nueva expresi\u00f3n art\u00edstica podamos continuar educando en base a la historia de la regi\u00f3n, ense\u00f1ando con talleres l\u00fadicos que permiten a los ni\u00f1os y ni\u00f1as vincularse a\u00fan m\u00e1s con la geograf\u00eda de su origen\u201d. &nbsp;&nbsp;&nbsp;<\/span><\/p>\n<p style=\"text-align: justify\"><span style=\"font-family: 'trebuchet ms', geneva;font-size: 12pt\">El taller permitir\u00e1 a los estudiantes reconocer las caracter\u00edsticas de la regi\u00f3n y sus comunas, identificando sus principales componentes culturales y geogr\u00e1ficos, para luego visitar\/observar lo expresado en las 32 im\u00e1genes ilustradas de&nbsp; las comunas que conforman la exposici\u00f3n temporal del Museo.<\/span><\/p>\n<p style=\"text-align: justify\"><span style=\"font-family: 'trebuchet ms', geneva;font-size: 12pt\">Esta exposici\u00f3n contempla interesantes y entretenidas ilustraciones junto a una s\u00edntesis hist\u00f3rica de la comuna, permitiendo a los escolares obtener informaci\u00f3n de ellas a partir de una observaci\u00f3n reflexiva de cada imagen, ubicarse espacialmente y reconocer los elementos culturales que cada ilustraci\u00f3n contiene,&nbsp; provocando finalmente, la realizaci\u00f3n&nbsp; de un ejercicio creativo y l\u00fadico que implica la&nbsp; creaci\u00f3n de un afiche.<\/span><\/p>\n<p style=\"text-align: justify\"><span style=\"font-family: 'trebuchet ms', geneva;font-size: 12pt\">La exposici\u00f3n <strong>\u201cAraucan\u00eda en palabras: un nombre, un lugar, una historia\u201d,<\/strong> estar\u00e1 abierta al p\u00fablico en dependencias del sal\u00f3n de exposiciones temporales del Museo Regional de La Araucan\u00eda durante aproximadamente dos meses.<\/span><\/p>\n<p>&nbsp;<\/p>\n<p><img decoding=\"async\" class=\" size-full wp-image-27598\" src=\"http:\/\/ec2-54-245-22-188.us-west-2.compute.amazonaws.com\/wp-content\/uploads\/2017\/09\/museo1.jpg\" alt=\"museo1\" width=\"1045\" height=\"280\" \/><\/p>\n<p>&nbsp;<\/p>\n<p style=\"text-align: justify\"><strong><span style=\"font-family: 'trebuchet ms', geneva;font-size: 12pt\">Periodista: Viarly Salazar Fritz.&nbsp;<\/span><\/strong><\/p>\n","protected":false},"excerpt":{"rendered":"<p>&nbsp; La iniciativa organizada por el Museo Regional de La Araucan\u00eda y el PAR Explora de CONICYT La Araucan\u00eda, ejecutado por la Universidad de La Frontera,&nbsp;tiene como objetivo que los estudiantes conozcan acerca de la historia, la identidad y el patrimonio de nuestra regi\u00f3n. Los talleres se desarrollar\u00e1n en el marco de la exposici\u00f3n \u201cAraucan\u00eda [&hellip;]<\/p>\n","protected":false},"author":2,"featured_media":34920,"comment_status":"open","ping_status":"open","sticky":false,"template":"","format":"standard","meta":{"_acf_changed":false,"_exactmetrics_skip_tracking":false,"_exactmetrics_sitenote_active":false,"_exactmetrics_sitenote_note":"","_exactmetrics_sitenote_category":0,"footnotes":"","_links_to":"","_links_to_target":""},"categories":[4],"tags":[],"class_list":["post-2409","post","type-post","status-publish","format-standard","has-post-thumbnail","hentry","category-noticias"],"acf":[],"yoast_head":"<!-- This site is optimized with the Yoast SEO plugin v26.9 - https:\/\/yoast.com\/product\/yoast-seo-wordpress\/ -->\n<title>Talleres \u201cAraucan\u00eda ilustrada, una loca geograf\u00eda\u201d ense\u00f1ar\u00e1n a estudiantes m\u00e1s sobre su regi\u00f3n - Araucan\u00eda<\/title>\n<meta name=\"robots\" content=\"index, follow, max-snippet:-1, max-image-preview:large, max-video-preview:-1\" \/>\n<link rel=\"canonical\" href=\"https:\/\/explora.cl\/araucania\/talleres-araucania-ilustrada-una-loca-geografia-ensenara-a-estudiantes-mas-sobre-su-region\/\" class=\"yoast-seo-meta-tag\" \/>\n<meta property=\"og:locale\" content=\"es_ES\" class=\"yoast-seo-meta-tag\" \/>\n<meta property=\"og:type\" content=\"article\" class=\"yoast-seo-meta-tag\" \/>\n<meta property=\"og:title\" content=\"Talleres \u201cAraucan\u00eda ilustrada, una loca geograf\u00eda\u201d ense\u00f1ar\u00e1n a estudiantes m\u00e1s sobre su regi\u00f3n - Araucan\u00eda\" class=\"yoast-seo-meta-tag\" \/>\n<meta property=\"og:description\" content=\"&nbsp; La iniciativa organizada por el Museo Regional de La Araucan\u00eda y el PAR Explora de CONICYT La Araucan\u00eda, ejecutado por la Universidad de La Frontera,&nbsp;tiene como objetivo que los estudiantes conozcan acerca de la historia, la identidad y el patrimonio de nuestra regi\u00f3n. Los talleres se desarrollar\u00e1n en el marco de la exposici\u00f3n \u201cAraucan\u00eda [&hellip;]\" class=\"yoast-seo-meta-tag\" \/>\n<meta property=\"og:url\" content=\"https:\/\/explora.cl\/araucania\/talleres-araucania-ilustrada-una-loca-geografia-ensenara-a-estudiantes-mas-sobre-su-region\/\" class=\"yoast-seo-meta-tag\" \/>\n<meta property=\"og:site_name\" content=\"Araucan\u00eda\" class=\"yoast-seo-meta-tag\" \/>\n<meta property=\"article:published_time\" content=\"2017-09-05T04:00:00+00:00\" class=\"yoast-seo-meta-tag\" \/>\n<meta property=\"article:modified_time\" content=\"2019-05-20T18:51:30+00:00\" class=\"yoast-seo-meta-tag\" \/>\n<meta property=\"og:image\" content=\"https:\/\/explora.cl\/araucania\/wp-content\/uploads\/sites\/15\/2018\/06\/PORTADA-FACEBOOK-1-2.jpg\" class=\"yoast-seo-meta-tag\" \/>\n\t<meta property=\"og:image:width\" content=\"1024\" class=\"yoast-seo-meta-tag\" \/>\n\t<meta property=\"og:image:height\" content=\"427\" class=\"yoast-seo-meta-tag\" \/>\n\t<meta property=\"og:image:type\" content=\"image\/jpeg\" class=\"yoast-seo-meta-tag\" \/>\n<meta name=\"author\" content=\"webman\" class=\"yoast-seo-meta-tag\" \/>\n<meta name=\"twitter:card\" content=\"summary_large_image\" class=\"yoast-seo-meta-tag\" \/>\n<meta name=\"twitter:label1\" content=\"Escrito por\" class=\"yoast-seo-meta-tag\" \/>\n\t<meta name=\"twitter:data1\" content=\"webman\" class=\"yoast-seo-meta-tag\" \/>\n\t<meta name=\"twitter:label2\" content=\"Tiempo estimado de lectura\" class=\"yoast-seo-meta-tag\" \/>\n\t<meta name=\"twitter:data2\" content=\"3 minutos\" class=\"yoast-seo-meta-tag\" \/>\n<script type=\"application\/ld+json\" class=\"yoast-schema-graph\">{\"@context\":\"https:\/\/schema.org\",\"@graph\":[{\"@type\":\"Article\",\"@id\":\"https:\/\/explora.cl\/araucania\/talleres-araucania-ilustrada-una-loca-geografia-ensenara-a-estudiantes-mas-sobre-su-region\/#article\",\"isPartOf\":{\"@id\":\"https:\/\/explora.cl\/araucania\/talleres-araucania-ilustrada-una-loca-geografia-ensenara-a-estudiantes-mas-sobre-su-region\/\"},\"author\":{\"name\":\"webman\",\"@id\":\"https:\/\/explora.cl\/araucania\/#\/schema\/person\/cb8349c13ea2d324080adf8480d7ba5d\"},\"headline\":\"Talleres \u201cAraucan\u00eda ilustrada, una loca geograf\u00eda\u201d ense\u00f1ar\u00e1n a estudiantes m\u00e1s sobre su regi\u00f3n\",\"datePublished\":\"2017-09-05T04:00:00+00:00\",\"dateModified\":\"2019-05-20T18:51:30+00:00\",\"mainEntityOfPage\":{\"@id\":\"https:\/\/explora.cl\/araucania\/talleres-araucania-ilustrada-una-loca-geografia-ensenara-a-estudiantes-mas-sobre-su-region\/\"},\"wordCount\":588,\"commentCount\":0,\"image\":{\"@id\":\"https:\/\/explora.cl\/araucania\/talleres-araucania-ilustrada-una-loca-geografia-ensenara-a-estudiantes-mas-sobre-su-region\/#primaryimage\"},\"thumbnailUrl\":\"https:\/\/explora.cl\/araucania\/wp-content\/uploads\/sites\/15\/2018\/06\/PORTADA-FACEBOOK-1-2.jpg\",\"articleSection\":[\"Noticias\"],\"inLanguage\":\"es-CL\",\"potentialAction\":[{\"@type\":\"CommentAction\",\"name\":\"Comment\",\"target\":[\"https:\/\/explora.cl\/araucania\/talleres-araucania-ilustrada-una-loca-geografia-ensenara-a-estudiantes-mas-sobre-su-region\/#respond\"]}]},{\"@type\":\"WebPage\",\"@id\":\"https:\/\/explora.cl\/araucania\/talleres-araucania-ilustrada-una-loca-geografia-ensenara-a-estudiantes-mas-sobre-su-region\/\",\"url\":\"https:\/\/explora.cl\/araucania\/talleres-araucania-ilustrada-una-loca-geografia-ensenara-a-estudiantes-mas-sobre-su-region\/\",\"name\":\"Talleres \u201cAraucan\u00eda ilustrada, una loca geograf\u00eda\u201d ense\u00f1ar\u00e1n a estudiantes m\u00e1s sobre su regi\u00f3n - Araucan\u00eda\",\"isPartOf\":{\"@id\":\"https:\/\/explora.cl\/araucania\/#website\"},\"primaryImageOfPage\":{\"@id\":\"https:\/\/explora.cl\/araucania\/talleres-araucania-ilustrada-una-loca-geografia-ensenara-a-estudiantes-mas-sobre-su-region\/#primaryimage\"},\"image\":{\"@id\":\"https:\/\/explora.cl\/araucania\/talleres-araucania-ilustrada-una-loca-geografia-ensenara-a-estudiantes-mas-sobre-su-region\/#primaryimage\"},\"thumbnailUrl\":\"https:\/\/explora.cl\/araucania\/wp-content\/uploads\/sites\/15\/2018\/06\/PORTADA-FACEBOOK-1-2.jpg\",\"datePublished\":\"2017-09-05T04:00:00+00:00\",\"dateModified\":\"2019-05-20T18:51:30+00:00\",\"author\":{\"@id\":\"https:\/\/explora.cl\/araucania\/#\/schema\/person\/cb8349c13ea2d324080adf8480d7ba5d\"},\"breadcrumb\":{\"@id\":\"https:\/\/explora.cl\/araucania\/talleres-araucania-ilustrada-una-loca-geografia-ensenara-a-estudiantes-mas-sobre-su-region\/#breadcrumb\"},\"inLanguage\":\"es-CL\",\"potentialAction\":[{\"@type\":\"ReadAction\",\"target\":[\"https:\/\/explora.cl\/araucania\/talleres-araucania-ilustrada-una-loca-geografia-ensenara-a-estudiantes-mas-sobre-su-region\/\"]}]},{\"@type\":\"ImageObject\",\"inLanguage\":\"es-CL\",\"@id\":\"https:\/\/explora.cl\/araucania\/talleres-araucania-ilustrada-una-loca-geografia-ensenara-a-estudiantes-mas-sobre-su-region\/#primaryimage\",\"url\":\"https:\/\/explora.cl\/araucania\/wp-content\/uploads\/sites\/15\/2018\/06\/PORTADA-FACEBOOK-1-2.jpg\",\"contentUrl\":\"https:\/\/explora.cl\/araucania\/wp-content\/uploads\/sites\/15\/2018\/06\/PORTADA-FACEBOOK-1-2.jpg\",\"width\":1024,\"height\":427,\"caption\":\"PORTADA FACEBOOK 1\"},{\"@type\":\"BreadcrumbList\",\"@id\":\"https:\/\/explora.cl\/araucania\/talleres-araucania-ilustrada-una-loca-geografia-ensenara-a-estudiantes-mas-sobre-su-region\/#breadcrumb\",\"itemListElement\":[{\"@type\":\"ListItem\",\"position\":1,\"name\":\"Portada\",\"item\":\"https:\/\/explora.cl\/araucania\/\"},{\"@type\":\"ListItem\",\"position\":2,\"name\":\"Talleres \u201cAraucan\u00eda ilustrada, una loca geograf\u00eda\u201d ense\u00f1ar\u00e1n a estudiantes m\u00e1s sobre su regi\u00f3n\"}]},{\"@type\":\"WebSite\",\"@id\":\"https:\/\/explora.cl\/araucania\/#website\",\"url\":\"https:\/\/explora.cl\/araucania\/\",\"name\":\"Araucan\u00eda\",\"description\":\"Otro sitio m\u00e1s de explora.cl\",\"potentialAction\":[{\"@type\":\"SearchAction\",\"target\":{\"@type\":\"EntryPoint\",\"urlTemplate\":\"https:\/\/explora.cl\/araucania\/?s={search_term_string}\"},\"query-input\":{\"@type\":\"PropertyValueSpecification\",\"valueRequired\":true,\"valueName\":\"search_term_string\"}}],\"inLanguage\":\"es-CL\"},{\"@type\":\"Person\",\"@id\":\"https:\/\/explora.cl\/araucania\/#\/schema\/person\/cb8349c13ea2d324080adf8480d7ba5d\",\"name\":\"webman\",\"image\":{\"@type\":\"ImageObject\",\"inLanguage\":\"es-CL\",\"@id\":\"https:\/\/explora.cl\/araucania\/#\/schema\/person\/image\/\",\"url\":\"https:\/\/secure.gravatar.com\/avatar\/eeff3c82f2c02f7177d13663b7e6f890e9a6a0647ce9bb29cae02dcb094c7312?s=96&d=mm&r=g\",\"contentUrl\":\"https:\/\/secure.gravatar.com\/avatar\/eeff3c82f2c02f7177d13663b7e6f890e9a6a0647ce9bb29cae02dcb094c7312?s=96&d=mm&r=g\",\"caption\":\"webman\"},\"url\":\"https:\/\/explora.cl\/araucania\/author\/webman\/\"}]}<\/script>\n<!-- \/ Yoast SEO plugin. -->","yoast_head_json":{"title":"Talleres \u201cAraucan\u00eda ilustrada, una loca geograf\u00eda\u201d ense\u00f1ar\u00e1n a estudiantes m\u00e1s sobre su regi\u00f3n - Araucan\u00eda","robots":{"index":"index","follow":"follow","max-snippet":"max-snippet:-1","max-image-preview":"max-image-preview:large","max-video-preview":"max-video-preview:-1"},"canonical":"https:\/\/explora.cl\/araucania\/talleres-araucania-ilustrada-una-loca-geografia-ensenara-a-estudiantes-mas-sobre-su-region\/","og_locale":"es_ES","og_type":"article","og_title":"Talleres \u201cAraucan\u00eda ilustrada, una loca geograf\u00eda\u201d ense\u00f1ar\u00e1n a estudiantes m\u00e1s sobre su regi\u00f3n - Araucan\u00eda","og_description":"&nbsp; La iniciativa organizada por el Museo Regional de La Araucan\u00eda y el PAR Explora de CONICYT La Araucan\u00eda, ejecutado por la Universidad de La Frontera,&nbsp;tiene como objetivo que los estudiantes conozcan acerca de la historia, la identidad y el patrimonio de nuestra regi\u00f3n. Los talleres se desarrollar\u00e1n en el marco de la exposici\u00f3n \u201cAraucan\u00eda [&hellip;]","og_url":"https:\/\/explora.cl\/araucania\/talleres-araucania-ilustrada-una-loca-geografia-ensenara-a-estudiantes-mas-sobre-su-region\/","og_site_name":"Araucan\u00eda","article_published_time":"2017-09-05T04:00:00+00:00","article_modified_time":"2019-05-20T18:51:30+00:00","og_image":[{"width":1024,"height":427,"url":"https:\/\/explora.cl\/araucania\/wp-content\/uploads\/sites\/15\/2018\/06\/PORTADA-FACEBOOK-1-2.jpg","type":"image\/jpeg"}],"author":"webman","twitter_card":"summary_large_image","twitter_misc":{"Escrito por":"webman","Tiempo estimado de lectura":"3 minutos"},"schema":{"@context":"https:\/\/schema.org","@graph":[{"@type":"Article","@id":"https:\/\/explora.cl\/araucania\/talleres-araucania-ilustrada-una-loca-geografia-ensenara-a-estudiantes-mas-sobre-su-region\/#article","isPartOf":{"@id":"https:\/\/explora.cl\/araucania\/talleres-araucania-ilustrada-una-loca-geografia-ensenara-a-estudiantes-mas-sobre-su-region\/"},"author":{"name":"webman","@id":"https:\/\/explora.cl\/araucania\/#\/schema\/person\/cb8349c13ea2d324080adf8480d7ba5d"},"headline":"Talleres \u201cAraucan\u00eda ilustrada, una loca geograf\u00eda\u201d ense\u00f1ar\u00e1n a estudiantes m\u00e1s sobre su regi\u00f3n","datePublished":"2017-09-05T04:00:00+00:00","dateModified":"2019-05-20T18:51:30+00:00","mainEntityOfPage":{"@id":"https:\/\/explora.cl\/araucania\/talleres-araucania-ilustrada-una-loca-geografia-ensenara-a-estudiantes-mas-sobre-su-region\/"},"wordCount":588,"commentCount":0,"image":{"@id":"https:\/\/explora.cl\/araucania\/talleres-araucania-ilustrada-una-loca-geografia-ensenara-a-estudiantes-mas-sobre-su-region\/#primaryimage"},"thumbnailUrl":"https:\/\/explora.cl\/araucania\/wp-content\/uploads\/sites\/15\/2018\/06\/PORTADA-FACEBOOK-1-2.jpg","articleSection":["Noticias"],"inLanguage":"es-CL","potentialAction":[{"@type":"CommentAction","name":"Comment","target":["https:\/\/explora.cl\/araucania\/talleres-araucania-ilustrada-una-loca-geografia-ensenara-a-estudiantes-mas-sobre-su-region\/#respond"]}]},{"@type":"WebPage","@id":"https:\/\/explora.cl\/araucania\/talleres-araucania-ilustrada-una-loca-geografia-ensenara-a-estudiantes-mas-sobre-su-region\/","url":"https:\/\/explora.cl\/araucania\/talleres-araucania-ilustrada-una-loca-geografia-ensenara-a-estudiantes-mas-sobre-su-region\/","name":"Talleres \u201cAraucan\u00eda ilustrada, una loca geograf\u00eda\u201d ense\u00f1ar\u00e1n a estudiantes m\u00e1s sobre su regi\u00f3n - Araucan\u00eda","isPartOf":{"@id":"https:\/\/explora.cl\/araucania\/#website"},"primaryImageOfPage":{"@id":"https:\/\/explora.cl\/araucania\/talleres-araucania-ilustrada-una-loca-geografia-ensenara-a-estudiantes-mas-sobre-su-region\/#primaryimage"},"image":{"@id":"https:\/\/explora.cl\/araucania\/talleres-araucania-ilustrada-una-loca-geografia-ensenara-a-estudiantes-mas-sobre-su-region\/#primaryimage"},"thumbnailUrl":"https:\/\/explora.cl\/araucania\/wp-content\/uploads\/sites\/15\/2018\/06\/PORTADA-FACEBOOK-1-2.jpg","datePublished":"2017-09-05T04:00:00+00:00","dateModified":"2019-05-20T18:51:30+00:00","author":{"@id":"https:\/\/explora.cl\/araucania\/#\/schema\/person\/cb8349c13ea2d324080adf8480d7ba5d"},"breadcrumb":{"@id":"https:\/\/explora.cl\/araucania\/talleres-araucania-ilustrada-una-loca-geografia-ensenara-a-estudiantes-mas-sobre-su-region\/#breadcrumb"},"inLanguage":"es-CL","potentialAction":[{"@type":"ReadAction","target":["https:\/\/explora.cl\/araucania\/talleres-araucania-ilustrada-una-loca-geografia-ensenara-a-estudiantes-mas-sobre-su-region\/"]}]},{"@type":"ImageObject","inLanguage":"es-CL","@id":"https:\/\/explora.cl\/araucania\/talleres-araucania-ilustrada-una-loca-geografia-ensenara-a-estudiantes-mas-sobre-su-region\/#primaryimage","url":"https:\/\/explora.cl\/araucania\/wp-content\/uploads\/sites\/15\/2018\/06\/PORTADA-FACEBOOK-1-2.jpg","contentUrl":"https:\/\/explora.cl\/araucania\/wp-content\/uploads\/sites\/15\/2018\/06\/PORTADA-FACEBOOK-1-2.jpg","width":1024,"height":427,"caption":"PORTADA FACEBOOK 1"},{"@type":"BreadcrumbList","@id":"https:\/\/explora.cl\/araucania\/talleres-araucania-ilustrada-una-loca-geografia-ensenara-a-estudiantes-mas-sobre-su-region\/#breadcrumb","itemListElement":[{"@type":"ListItem","position":1,"name":"Portada","item":"https:\/\/explora.cl\/araucania\/"},{"@type":"ListItem","position":2,"name":"Talleres \u201cAraucan\u00eda ilustrada, una loca geograf\u00eda\u201d ense\u00f1ar\u00e1n a estudiantes m\u00e1s sobre su regi\u00f3n"}]},{"@type":"WebSite","@id":"https:\/\/explora.cl\/araucania\/#website","url":"https:\/\/explora.cl\/araucania\/","name":"Araucan\u00eda","description":"Otro sitio m\u00e1s de explora.cl","potentialAction":[{"@type":"SearchAction","target":{"@type":"EntryPoint","urlTemplate":"https:\/\/explora.cl\/araucania\/?s={search_term_string}"},"query-input":{"@type":"PropertyValueSpecification","valueRequired":true,"valueName":"search_term_string"}}],"inLanguage":"es-CL"},{"@type":"Person","@id":"https:\/\/explora.cl\/araucania\/#\/schema\/person\/cb8349c13ea2d324080adf8480d7ba5d","name":"webman","image":{"@type":"ImageObject","inLanguage":"es-CL","@id":"https:\/\/explora.cl\/araucania\/#\/schema\/person\/image\/","url":"https:\/\/secure.gravatar.com\/avatar\/eeff3c82f2c02f7177d13663b7e6f890e9a6a0647ce9bb29cae02dcb094c7312?s=96&d=mm&r=g","contentUrl":"https:\/\/secure.gravatar.com\/avatar\/eeff3c82f2c02f7177d13663b7e6f890e9a6a0647ce9bb29cae02dcb094c7312?s=96&d=mm&r=g","caption":"webman"},"url":"https:\/\/explora.cl\/araucania\/author\/webman\/"}]}},"_links":{"self":[{"href":"https:\/\/explora.cl\/araucania\/wp-json\/wp\/v2\/posts\/2409","targetHints":{"allow":["GET"]}}],"collection":[{"href":"https:\/\/explora.cl\/araucania\/wp-json\/wp\/v2\/posts"}],"about":[{"href":"https:\/\/explora.cl\/araucania\/wp-json\/wp\/v2\/types\/post"}],"author":[{"embeddable":true,"href":"https:\/\/explora.cl\/araucania\/wp-json\/wp\/v2\/users\/2"}],"replies":[{"embeddable":true,"href":"https:\/\/explora.cl\/araucania\/wp-json\/wp\/v2\/comments?post=2409"}],"version-history":[{"count":1,"href":"https:\/\/explora.cl\/araucania\/wp-json\/wp\/v2\/posts\/2409\/revisions"}],"predecessor-version":[{"id":37924,"href":"https:\/\/explora.cl\/araucania\/wp-json\/wp\/v2\/posts\/2409\/revisions\/37924"}],"wp:featuredmedia":[{"embeddable":true,"href":"https:\/\/explora.cl\/araucania\/wp-json\/wp\/v2\/media\/34920"}],"wp:attachment":[{"href":"https:\/\/explora.cl\/araucania\/wp-json\/wp\/v2\/media?parent=2409"}],"wp:term":[{"taxonomy":"category","embeddable":true,"href":"https:\/\/explora.cl\/araucania\/wp-json\/wp\/v2\/categories?post=2409"},{"taxonomy":"post_tag","embeddable":true,"href":"https:\/\/explora.cl\/araucania\/wp-json\/wp\/v2\/tags?post=2409"}],"curies":[{"name":"wp","href":"https:\/\/api.w.org\/{rel}","templated":true}]}}