{"id":1142,"date":"2015-09-09T00:00:00","date_gmt":"2015-09-09T04:00:00","guid":{"rendered":"https:\/\/explora.cl\/araucania\/blog\/2015\/09\/09\/estudiantes-del-colegio-louis-pasteur-se-maravillan-con-la-magia-de-la-genetica-en-inia-carillanca\/"},"modified":"2019-05-20T18:55:14","modified_gmt":"2019-05-20T18:55:14","slug":"estudiantes-del-colegio-louis-pasteur-se-maravillan-con-la-magia-de-la-genetica-en-inia-carillanca","status":"publish","type":"post","link":"https:\/\/explora.cl\/araucania\/estudiantes-del-colegio-louis-pasteur-se-maravillan-con-la-magia-de-la-genetica-en-inia-carillanca\/","title":{"rendered":"Estudiantes del Colegio Louis Pasteur se maravillan con la magia de la gen\u00e9tica en INIA Carillanca"},"content":{"rendered":"<p><img fetchpriority=\"high\" decoding=\"async\" class=\" size-full wp-image-14628\" src=\"http:\/\/ec2-54-245-22-188.us-west-2.compute.amazonaws.com\/wp-content\/uploads\/2015\/09\/56a8ca5c4cce5ae60c7fc967de326f03.jpg\" alt=\"\" width=\"3008\" height=\"2000\" \/><\/p>\n<p><span style=\"font-size: 12pt\"><em><span style=\"font-family: 'Trebuchet MS', sans-serif;border: 1pt none windowtext;padding: 0cm\">Hasta el Laboratorio de Biotecnolog\u00eda Animal de INIA Carillanca llegaron 15 estudiantes de tercer a\u00f1o medio del Colegio Louis Pasteur para participar en la segunda etapa del taller sobre gen\u00e9tica.<\/span><\/em><\/span><\/p>\n<p style=\"text-align: justify\"><span style=\"font-size: 12pt;line-height: 115%;font-family: 'Trebuchet MS', sans-serif\">En la primera etapa que se efectu\u00f3 durante el 2014, los j\u00f3venes participaron en la extracci\u00f3n del ADN de una vaca, guiados por el Dr. Jaime Pi\u00f1eira, investigador de INIA, quien en esta ocasi\u00f3n, dirigi\u00f3 el taller titulado \u201c<\/span><span style=\"font-size: 12pt;line-height: 115%;font-family: 'Trebuchet MS', sans-serif;background-image: initial;background-position: initial\">Explorando los genes\u201d. Los estudiantes<\/span><span style=\"font-size: 12pt;line-height: 115%;font-family: 'Trebuchet MS', sans-serif\">&nbsp;conocieron en una primera instancia te\u00f3rica, aspectos nuevos de la gen\u00e9tica, lo que les permiti\u00f3 acercarse a un mundo novedoso muy distinto a lo que ellos imaginaban, teniendo la experiencia de trabajar directamente en laboratorio con la manipulaci\u00f3n de muestras, aprendiendo a hacer la amplificaci\u00f3n de un gen en particular, a trav\u00e9s de una t\u00e9cnica que se denomina reacci\u00f3n en cadena de la polimerasa, &nbsp;<\/span><span style=\"font-size: 12pt;line-height: 115%;font-family: 'Trebuchet MS', sans-serif;background-image: initial;background-position: initial\">la que sirve para amplificar un fragmento de ADN; su utilidad es que tras la amplificaci\u00f3n resulta mucho m\u00e1s f\u00e1cil identificar con una muy alta probabilidad, virus, bacterias,&nbsp;<\/span><span class=\"apple-converted-space\"><span style=\"font-size: 12pt;line-height: 115%;font-family: 'Trebuchet MS', sans-serif;background-image: initial;background-position: initial\">causantes de una enfermedad, e<\/span><\/span><span style=\"font-size: 12pt;line-height: 115%;font-family: 'Trebuchet MS', sans-serif;background-image: initial;background-position: initial\">&nbsp;identificar personas o hacer investigaci\u00f3n cient\u00edfica sobre el ADN amplificado.<\/span><\/p>\n<p style=\"text-align: justify\"><span style=\"font-size: 12pt;line-height: 115%;font-family: 'Trebuchet MS', sans-serif\">\u201cEsto es una oportunidad extraordinaria no s\u00f3lo para ellos, tambi\u00e9n &nbsp;para quienes trabajamos en investigaci\u00f3n, &nbsp;la verdad es que generaciones atr\u00e1s este tipo de experiencias no se ten\u00edan, &nbsp;por lo&nbsp; tanto uno de alguna manera se ve reflejado en estos ni\u00f1os, tratando de realizar la actividad &nbsp;con mucha motivaci\u00f3n y alegr\u00eda, compartir este tipo de experiencias con ellos y que le sirva en su desarrollo estudiantil\u201d. Afirmo el Dr. Pi\u00f1eira.<\/span><\/p>\n<p style=\"text-align: justify\"><span style=\"font-size: 12pt;line-height: 115%;font-family: 'Trebuchet MS', sans-serif\"><img decoding=\"async\" class=\" alignleft size-full wp-image-14629\" src=\"http:\/\/ec2-54-245-22-188.us-west-2.compute.amazonaws.com\/wp-content\/uploads\/2015\/09\/nuevaaa.jpg\" alt=\"\" align=\"left\" width=\"382\" height=\"222\" \/>Posteriormente, en la etapa pr\u00e1ctica los estudiantes conocieron a Katiuska y Matiuska, dos vacas que forman parte del trabajo cient\u00edfico realizado por el Dr. Emilio Ungerfeld, investigador de INIA. &nbsp;<\/span><\/p>\n<p style=\"text-align: justify\"><span style=\"font-size: 12pt;line-height: 115%;font-family: 'Trebuchet MS', sans-serif\">\u201cEst\u00e1n vacas son donadoras de contenido de rumen para experimentos, &nbsp;sobre microbiolog\u00eda y bioqu\u00edmica que se hacen en el laboratorio con incubaciones in vitro, ac\u00e1 obtenemos contenido de rumen que despu\u00e9s se procesa para mezclar con sustratos e inocularlo por distintos periodos de tiempo\u201d. Expreso, el investigador Ungerfeld, quien de manera interactiva les mostro a los j\u00f3venes la gran labor cient\u00edfica que se desarrolla en el lugar.<\/span><\/p>\n<p style=\"margin: 11.25pt 0cm;line-height: 15.75pt;text-align: justify;background-image: initial;background-position: initial\"><span style=\"font-family: 'Trebuchet MS', sans-serif;font-size: 12pt\">Esta actividad forma parte de las iniciativas de valoraci\u00f3n del PAR EXPLORA ARAUCAN\u00cdA, ejecutado por la Universidad de La Frontera, donde estudiantes de distintas comunas de la regi\u00f3n conocen la labor investigativa y cient\u00edfica que se desarrolla en centros de investigaci\u00f3n de La Araucan\u00eda, con el objetivo de fomentar su valoraci\u00f3n por esta \u00e1rea y posibilitar el surgimiento de vocaciones cient\u00edficas.<\/span><\/p>\n<p style=\"margin: 11.25pt 0cm;line-height: 15.75pt;text-align: justify;background-image: initial;background-position: initial\">&nbsp;<\/p>\n<p style=\"margin: 11.25pt 0cm;line-height: 15.75pt;background-image: initial;background-position: initial\"><span style=\"font-family: 'Trebuchet MS', sans-serif;font-size: 12pt;line-height: 15.75pt;text-align: justify\">Impresiones<\/span><\/p>\n<p style=\"margin: 11.25pt 0cm;text-align: justify;line-height: 15.75pt;background-image: initial;background-position: initial\"><span style=\"font-family: 'Trebuchet MS', sans-serif;font-size: 12pt\">&nbsp;<img decoding=\"async\" class=\" alignleft size-full wp-image-14630\" src=\"http:\/\/ec2-54-245-22-188.us-west-2.compute.amazonaws.com\/wp-content\/uploads\/2015\/09\/Taller-INIA-2015-01.jpg\" alt=\"\" align=\"left\" width=\"90\" height=\"90\" \/><span style=\"font-family: 'Trebuchet MS', sans-serif;font-size: 12pt\"><span style=\"font-family: 'Trebuchet MS', sans-serif;font-size: 12pt\"><span style=\"font-family: 'Trebuchet MS', sans-serif;font-size: 12pt\"><span style=\"font-family: 'Trebuchet MS', sans-serif;font-size: 12pt\"><span style=\"font-family: 'Trebuchet MS', sans-serif;font-size: 12pt\"><span style=\"font-family: 'Trebuchet MS', sans-serif;font-size: 12pt\"><span style=\"font-family: 'Trebuchet MS', sans-serif;font-size: 12pt\"><span style=\"font-family: 'Trebuchet MS', sans-serif;font-size: 12pt\"><span style=\"font-family: 'Trebuchet MS', sans-serif;font-size: 12pt\"><span style=\"font-family: 'Trebuchet MS', sans-serif;font-size: 12pt\">&#8220;Me parece s\u00faper bueno poder realizar la segunda parte de este taller que comenz\u00f3 el a\u00f1o pasado, una de las cosas que m\u00e1s me llamo la atenci\u00f3n fue el trabajo que realizamos en el laboratorio, manipular instrumentos y conocer un poco m\u00e1s sobre la amplificaci\u00f3n de genes\u201d<\/span><\/span><\/span><\/span><\/span><\/span><\/span><\/span><\/span><\/span><\/span><\/p>\n<p style=\"text-align: justify\"><span style=\"font-size: 12pt;line-height: 115%;font-family: 'Trebuchet MS', sans-serif\">Jorge Faundez, estudiante tercero medio.<\/span><\/p>\n<p style=\"text-align: justify\"><span style=\"font-size: 12pt;line-height: 115%;font-family: 'Trebuchet MS', sans-serif\">&nbsp;<\/span><\/p>\n<p style=\"text-align: justify\"><span style=\"font-size: 12pt;line-height: 115%;font-family: 'Trebuchet MS', sans-serif\">&nbsp;<\/span><\/p>\n<p style=\"text-align: justify\"><span style=\"font-family: 'Trebuchet MS', sans-serif;font-size: 12pt;line-height: 115%\"><img loading=\"lazy\" decoding=\"async\" class=\" alignleft size-full wp-image-14631\" src=\"http:\/\/ec2-54-245-22-188.us-west-2.compute.amazonaws.com\/wp-content\/uploads\/2015\/09\/Taller-INIA-2015-0.jpg\" alt=\"\" align=\"left\" width=\"90\" height=\"90\" \/>\u201cConsidero que esta experiencia &nbsp;me va a ayudar &nbsp;mucho en mis clases de biolog\u00eda, m\u00e1s que nada en el laboratorio, porque pude &nbsp;usar muchos instrumentos, algunos muy delicados<br \/>\n que no conoc\u00eda y que en clases no he tenido la oportunidad de manipular. En terreno aprend\u00ed, el cuidado especial que se debe tener con los animales, como llegar a ellos y tratarlos de una forma delicada, para que se sientan tranquilos a la hora de realizar alg\u00fan tipo de procedimiento, sab\u00eda &nbsp;que exist\u00eda este m\u00e9todo de experimentaci\u00f3n en rumen y gracias a este taller tuve la oportunidad de conocer esta labor cient\u00edfica\u201d.<\/span><\/p>\n<p style=\"text-align: justify\"><span style=\"font-size: 12pt;line-height: 115%;font-family: 'Trebuchet MS', sans-serif\"><\/span><span style=\"font-size: 12pt;line-height: 115%;font-family: 'Trebuchet MS', sans-serif\">Paula Vallejos, &nbsp;estudiante tercero medio.<\/span><\/p>\n<p style=\"text-align: justify\"><span style=\"font-size: 12pt;line-height: 115%;font-family: 'Trebuchet MS', sans-serif\">&nbsp;<\/span><\/p>\n<p style=\"text-align: center\"><span style=\"font-size: 12pt;line-height: 115%;font-family: 'Trebuchet MS', sans-serif;color: #0000ff\"><span style=\"margin: 0px;padding: 0cm;border: 1pt none windowtext;cursor: pointer;font-family: 'Trebuchet MS', sans-serif;font-size: 12pt;line-height: 18.4px;text-align: center;background-image: initial;background-position: initial\"><span style=\"margin: 0px;padding: 0px;border: 0px\"><a href=\"https:\/\/www.facebook.com\/media\/set\/?set=a.1658282061056506.1073742088.1388936647991050&amp;type=3\"><span style=\"color: #0000ff\">&#8220;Haz click aqu\u00ed para ver la galer\u00eda de im\u00e1genes&#8221;<\/span><\/a><\/span><\/span><\/span><\/p>\n<p style=\"text-align: center\">&nbsp;<\/p>\n<p style=\"text-align: justify\"><span style=\"font-size: 12pt;line-height: 115%;font-family: 'Trebuchet MS', sans-serif\">Periodista: Viarly Salazar Fritz \/ Fotograf\u00eda: Arturo Rubio Navarro<\/span><\/p>\n<p>&nbsp;<\/p>\n","protected":false},"excerpt":{"rendered":"<p>Hasta el Laboratorio de Biotecnolog\u00eda Animal de INIA Carillanca llegaron 15 estudiantes de tercer a\u00f1o medio del Colegio Louis Pasteur para participar en la segunda etapa del taller sobre gen\u00e9tica. En la primera etapa que se efectu\u00f3 durante el 2014, los j\u00f3venes participaron en la extracci\u00f3n del ADN de una vaca, guiados por el Dr. [&hellip;]<\/p>\n","protected":false},"author":2,"featured_media":1143,"comment_status":"open","ping_status":"open","sticky":false,"template":"","format":"standard","meta":{"_acf_changed":false,"_exactmetrics_skip_tracking":false,"_exactmetrics_sitenote_active":false,"_exactmetrics_sitenote_note":"","_exactmetrics_sitenote_category":0,"footnotes":"","_links_to":"","_links_to_target":""},"categories":[4],"tags":[],"class_list":["post-1142","post","type-post","status-publish","format-standard","has-post-thumbnail","hentry","category-noticias"],"acf":[],"yoast_head":"<!-- This site is optimized with the Yoast SEO plugin v26.9 - https:\/\/yoast.com\/product\/yoast-seo-wordpress\/ -->\n<title>Estudiantes del Colegio Louis Pasteur se maravillan con la magia de la gen\u00e9tica en INIA Carillanca - Araucan\u00eda<\/title>\n<meta name=\"robots\" content=\"index, follow, max-snippet:-1, max-image-preview:large, max-video-preview:-1\" \/>\n<link rel=\"canonical\" href=\"https:\/\/explora.cl\/araucania\/estudiantes-del-colegio-louis-pasteur-se-maravillan-con-la-magia-de-la-genetica-en-inia-carillanca\/\" class=\"yoast-seo-meta-tag\" \/>\n<meta property=\"og:locale\" content=\"es_ES\" class=\"yoast-seo-meta-tag\" \/>\n<meta property=\"og:type\" content=\"article\" class=\"yoast-seo-meta-tag\" \/>\n<meta property=\"og:title\" content=\"Estudiantes del Colegio Louis Pasteur se maravillan con la magia de la gen\u00e9tica en INIA Carillanca - Araucan\u00eda\" class=\"yoast-seo-meta-tag\" \/>\n<meta property=\"og:description\" content=\"Hasta el Laboratorio de Biotecnolog\u00eda Animal de INIA Carillanca llegaron 15 estudiantes de tercer a\u00f1o medio del Colegio Louis Pasteur para participar en la segunda etapa del taller sobre gen\u00e9tica. En la primera etapa que se efectu\u00f3 durante el 2014, los j\u00f3venes participaron en la extracci\u00f3n del ADN de una vaca, guiados por el Dr. [&hellip;]\" class=\"yoast-seo-meta-tag\" \/>\n<meta property=\"og:url\" content=\"https:\/\/explora.cl\/araucania\/estudiantes-del-colegio-louis-pasteur-se-maravillan-con-la-magia-de-la-genetica-en-inia-carillanca\/\" class=\"yoast-seo-meta-tag\" \/>\n<meta property=\"og:site_name\" content=\"Araucan\u00eda\" class=\"yoast-seo-meta-tag\" \/>\n<meta property=\"article:published_time\" content=\"2015-09-09T04:00:00+00:00\" class=\"yoast-seo-meta-tag\" \/>\n<meta property=\"article:modified_time\" content=\"2019-05-20T18:55:14+00:00\" class=\"yoast-seo-meta-tag\" \/>\n<meta property=\"og:image\" content=\"https:\/\/explora.cl\/araucania\/wp-content\/uploads\/sites\/15\/2018\/06\/56a8ca5c4cce5ae60c7fc967de326f03-1024x681.jpg\" class=\"yoast-seo-meta-tag\" \/>\n\t<meta property=\"og:image:width\" content=\"1024\" class=\"yoast-seo-meta-tag\" \/>\n\t<meta property=\"og:image:height\" content=\"681\" class=\"yoast-seo-meta-tag\" \/>\n\t<meta property=\"og:image:type\" content=\"image\/jpeg\" class=\"yoast-seo-meta-tag\" \/>\n<meta name=\"author\" content=\"webman\" class=\"yoast-seo-meta-tag\" \/>\n<meta name=\"twitter:card\" content=\"summary_large_image\" class=\"yoast-seo-meta-tag\" \/>\n<meta name=\"twitter:label1\" content=\"Escrito por\" class=\"yoast-seo-meta-tag\" \/>\n\t<meta name=\"twitter:data1\" content=\"webman\" class=\"yoast-seo-meta-tag\" \/>\n\t<meta name=\"twitter:label2\" content=\"Tiempo estimado de lectura\" class=\"yoast-seo-meta-tag\" \/>\n\t<meta name=\"twitter:data2\" content=\"3 minutos\" class=\"yoast-seo-meta-tag\" \/>\n<script type=\"application\/ld+json\" class=\"yoast-schema-graph\">{\"@context\":\"https:\/\/schema.org\",\"@graph\":[{\"@type\":\"Article\",\"@id\":\"https:\/\/explora.cl\/araucania\/estudiantes-del-colegio-louis-pasteur-se-maravillan-con-la-magia-de-la-genetica-en-inia-carillanca\/#article\",\"isPartOf\":{\"@id\":\"https:\/\/explora.cl\/araucania\/estudiantes-del-colegio-louis-pasteur-se-maravillan-con-la-magia-de-la-genetica-en-inia-carillanca\/\"},\"author\":{\"name\":\"webman\",\"@id\":\"https:\/\/explora.cl\/araucania\/#\/schema\/person\/cb8349c13ea2d324080adf8480d7ba5d\"},\"headline\":\"Estudiantes del Colegio Louis Pasteur se maravillan con la magia de la gen\u00e9tica en INIA Carillanca\",\"datePublished\":\"2015-09-09T04:00:00+00:00\",\"dateModified\":\"2019-05-20T18:55:14+00:00\",\"mainEntityOfPage\":{\"@id\":\"https:\/\/explora.cl\/araucania\/estudiantes-del-colegio-louis-pasteur-se-maravillan-con-la-magia-de-la-genetica-en-inia-carillanca\/\"},\"wordCount\":683,\"commentCount\":0,\"image\":{\"@id\":\"https:\/\/explora.cl\/araucania\/estudiantes-del-colegio-louis-pasteur-se-maravillan-con-la-magia-de-la-genetica-en-inia-carillanca\/#primaryimage\"},\"thumbnailUrl\":\"https:\/\/explora.cl\/araucania\/wp-content\/uploads\/sites\/15\/2018\/06\/56a8ca5c4cce5ae60c7fc967de326f03.jpg\",\"articleSection\":[\"Noticias\"],\"inLanguage\":\"es-CL\",\"potentialAction\":[{\"@type\":\"CommentAction\",\"name\":\"Comment\",\"target\":[\"https:\/\/explora.cl\/araucania\/estudiantes-del-colegio-louis-pasteur-se-maravillan-con-la-magia-de-la-genetica-en-inia-carillanca\/#respond\"]}]},{\"@type\":\"WebPage\",\"@id\":\"https:\/\/explora.cl\/araucania\/estudiantes-del-colegio-louis-pasteur-se-maravillan-con-la-magia-de-la-genetica-en-inia-carillanca\/\",\"url\":\"https:\/\/explora.cl\/araucania\/estudiantes-del-colegio-louis-pasteur-se-maravillan-con-la-magia-de-la-genetica-en-inia-carillanca\/\",\"name\":\"Estudiantes del Colegio Louis Pasteur se maravillan con la magia de la gen\u00e9tica en INIA Carillanca - Araucan\u00eda\",\"isPartOf\":{\"@id\":\"https:\/\/explora.cl\/araucania\/#website\"},\"primaryImageOfPage\":{\"@id\":\"https:\/\/explora.cl\/araucania\/estudiantes-del-colegio-louis-pasteur-se-maravillan-con-la-magia-de-la-genetica-en-inia-carillanca\/#primaryimage\"},\"image\":{\"@id\":\"https:\/\/explora.cl\/araucania\/estudiantes-del-colegio-louis-pasteur-se-maravillan-con-la-magia-de-la-genetica-en-inia-carillanca\/#primaryimage\"},\"thumbnailUrl\":\"https:\/\/explora.cl\/araucania\/wp-content\/uploads\/sites\/15\/2018\/06\/56a8ca5c4cce5ae60c7fc967de326f03.jpg\",\"datePublished\":\"2015-09-09T04:00:00+00:00\",\"dateModified\":\"2019-05-20T18:55:14+00:00\",\"author\":{\"@id\":\"https:\/\/explora.cl\/araucania\/#\/schema\/person\/cb8349c13ea2d324080adf8480d7ba5d\"},\"breadcrumb\":{\"@id\":\"https:\/\/explora.cl\/araucania\/estudiantes-del-colegio-louis-pasteur-se-maravillan-con-la-magia-de-la-genetica-en-inia-carillanca\/#breadcrumb\"},\"inLanguage\":\"es-CL\",\"potentialAction\":[{\"@type\":\"ReadAction\",\"target\":[\"https:\/\/explora.cl\/araucania\/estudiantes-del-colegio-louis-pasteur-se-maravillan-con-la-magia-de-la-genetica-en-inia-carillanca\/\"]}]},{\"@type\":\"ImageObject\",\"inLanguage\":\"es-CL\",\"@id\":\"https:\/\/explora.cl\/araucania\/estudiantes-del-colegio-louis-pasteur-se-maravillan-con-la-magia-de-la-genetica-en-inia-carillanca\/#primaryimage\",\"url\":\"https:\/\/explora.cl\/araucania\/wp-content\/uploads\/sites\/15\/2018\/06\/56a8ca5c4cce5ae60c7fc967de326f03.jpg\",\"contentUrl\":\"https:\/\/explora.cl\/araucania\/wp-content\/uploads\/sites\/15\/2018\/06\/56a8ca5c4cce5ae60c7fc967de326f03.jpg\",\"width\":3008,\"height\":2000},{\"@type\":\"BreadcrumbList\",\"@id\":\"https:\/\/explora.cl\/araucania\/estudiantes-del-colegio-louis-pasteur-se-maravillan-con-la-magia-de-la-genetica-en-inia-carillanca\/#breadcrumb\",\"itemListElement\":[{\"@type\":\"ListItem\",\"position\":1,\"name\":\"Portada\",\"item\":\"https:\/\/explora.cl\/araucania\/\"},{\"@type\":\"ListItem\",\"position\":2,\"name\":\"Estudiantes del Colegio Louis Pasteur se maravillan con la magia de la gen\u00e9tica en INIA Carillanca\"}]},{\"@type\":\"WebSite\",\"@id\":\"https:\/\/explora.cl\/araucania\/#website\",\"url\":\"https:\/\/explora.cl\/araucania\/\",\"name\":\"Araucan\u00eda\",\"description\":\"Otro sitio m\u00e1s de explora.cl\",\"potentialAction\":[{\"@type\":\"SearchAction\",\"target\":{\"@type\":\"EntryPoint\",\"urlTemplate\":\"https:\/\/explora.cl\/araucania\/?s={search_term_string}\"},\"query-input\":{\"@type\":\"PropertyValueSpecification\",\"valueRequired\":true,\"valueName\":\"search_term_string\"}}],\"inLanguage\":\"es-CL\"},{\"@type\":\"Person\",\"@id\":\"https:\/\/explora.cl\/araucania\/#\/schema\/person\/cb8349c13ea2d324080adf8480d7ba5d\",\"name\":\"webman\",\"image\":{\"@type\":\"ImageObject\",\"inLanguage\":\"es-CL\",\"@id\":\"https:\/\/explora.cl\/araucania\/#\/schema\/person\/image\/\",\"url\":\"https:\/\/secure.gravatar.com\/avatar\/eeff3c82f2c02f7177d13663b7e6f890e9a6a0647ce9bb29cae02dcb094c7312?s=96&d=mm&r=g\",\"contentUrl\":\"https:\/\/secure.gravatar.com\/avatar\/eeff3c82f2c02f7177d13663b7e6f890e9a6a0647ce9bb29cae02dcb094c7312?s=96&d=mm&r=g\",\"caption\":\"webman\"},\"url\":\"https:\/\/explora.cl\/araucania\/author\/webman\/\"}]}<\/script>\n<!-- \/ Yoast SEO plugin. -->","yoast_head_json":{"title":"Estudiantes del Colegio Louis Pasteur se maravillan con la magia de la gen\u00e9tica en INIA Carillanca - Araucan\u00eda","robots":{"index":"index","follow":"follow","max-snippet":"max-snippet:-1","max-image-preview":"max-image-preview:large","max-video-preview":"max-video-preview:-1"},"canonical":"https:\/\/explora.cl\/araucania\/estudiantes-del-colegio-louis-pasteur-se-maravillan-con-la-magia-de-la-genetica-en-inia-carillanca\/","og_locale":"es_ES","og_type":"article","og_title":"Estudiantes del Colegio Louis Pasteur se maravillan con la magia de la gen\u00e9tica en INIA Carillanca - Araucan\u00eda","og_description":"Hasta el Laboratorio de Biotecnolog\u00eda Animal de INIA Carillanca llegaron 15 estudiantes de tercer a\u00f1o medio del Colegio Louis Pasteur para participar en la segunda etapa del taller sobre gen\u00e9tica. En la primera etapa que se efectu\u00f3 durante el 2014, los j\u00f3venes participaron en la extracci\u00f3n del ADN de una vaca, guiados por el Dr. [&hellip;]","og_url":"https:\/\/explora.cl\/araucania\/estudiantes-del-colegio-louis-pasteur-se-maravillan-con-la-magia-de-la-genetica-en-inia-carillanca\/","og_site_name":"Araucan\u00eda","article_published_time":"2015-09-09T04:00:00+00:00","article_modified_time":"2019-05-20T18:55:14+00:00","og_image":[{"width":1024,"height":681,"url":"https:\/\/explora.cl\/araucania\/wp-content\/uploads\/sites\/15\/2018\/06\/56a8ca5c4cce5ae60c7fc967de326f03-1024x681.jpg","type":"image\/jpeg"}],"author":"webman","twitter_card":"summary_large_image","twitter_misc":{"Escrito por":"webman","Tiempo estimado de lectura":"3 minutos"},"schema":{"@context":"https:\/\/schema.org","@graph":[{"@type":"Article","@id":"https:\/\/explora.cl\/araucania\/estudiantes-del-colegio-louis-pasteur-se-maravillan-con-la-magia-de-la-genetica-en-inia-carillanca\/#article","isPartOf":{"@id":"https:\/\/explora.cl\/araucania\/estudiantes-del-colegio-louis-pasteur-se-maravillan-con-la-magia-de-la-genetica-en-inia-carillanca\/"},"author":{"name":"webman","@id":"https:\/\/explora.cl\/araucania\/#\/schema\/person\/cb8349c13ea2d324080adf8480d7ba5d"},"headline":"Estudiantes del Colegio Louis Pasteur se maravillan con la magia de la gen\u00e9tica en INIA Carillanca","datePublished":"2015-09-09T04:00:00+00:00","dateModified":"2019-05-20T18:55:14+00:00","mainEntityOfPage":{"@id":"https:\/\/explora.cl\/araucania\/estudiantes-del-colegio-louis-pasteur-se-maravillan-con-la-magia-de-la-genetica-en-inia-carillanca\/"},"wordCount":683,"commentCount":0,"image":{"@id":"https:\/\/explora.cl\/araucania\/estudiantes-del-colegio-louis-pasteur-se-maravillan-con-la-magia-de-la-genetica-en-inia-carillanca\/#primaryimage"},"thumbnailUrl":"https:\/\/explora.cl\/araucania\/wp-content\/uploads\/sites\/15\/2018\/06\/56a8ca5c4cce5ae60c7fc967de326f03.jpg","articleSection":["Noticias"],"inLanguage":"es-CL","potentialAction":[{"@type":"CommentAction","name":"Comment","target":["https:\/\/explora.cl\/araucania\/estudiantes-del-colegio-louis-pasteur-se-maravillan-con-la-magia-de-la-genetica-en-inia-carillanca\/#respond"]}]},{"@type":"WebPage","@id":"https:\/\/explora.cl\/araucania\/estudiantes-del-colegio-louis-pasteur-se-maravillan-con-la-magia-de-la-genetica-en-inia-carillanca\/","url":"https:\/\/explora.cl\/araucania\/estudiantes-del-colegio-louis-pasteur-se-maravillan-con-la-magia-de-la-genetica-en-inia-carillanca\/","name":"Estudiantes del Colegio Louis Pasteur se maravillan con la magia de la gen\u00e9tica en INIA Carillanca - Araucan\u00eda","isPartOf":{"@id":"https:\/\/explora.cl\/araucania\/#website"},"primaryImageOfPage":{"@id":"https:\/\/explora.cl\/araucania\/estudiantes-del-colegio-louis-pasteur-se-maravillan-con-la-magia-de-la-genetica-en-inia-carillanca\/#primaryimage"},"image":{"@id":"https:\/\/explora.cl\/araucania\/estudiantes-del-colegio-louis-pasteur-se-maravillan-con-la-magia-de-la-genetica-en-inia-carillanca\/#primaryimage"},"thumbnailUrl":"https:\/\/explora.cl\/araucania\/wp-content\/uploads\/sites\/15\/2018\/06\/56a8ca5c4cce5ae60c7fc967de326f03.jpg","datePublished":"2015-09-09T04:00:00+00:00","dateModified":"2019-05-20T18:55:14+00:00","author":{"@id":"https:\/\/explora.cl\/araucania\/#\/schema\/person\/cb8349c13ea2d324080adf8480d7ba5d"},"breadcrumb":{"@id":"https:\/\/explora.cl\/araucania\/estudiantes-del-colegio-louis-pasteur-se-maravillan-con-la-magia-de-la-genetica-en-inia-carillanca\/#breadcrumb"},"inLanguage":"es-CL","potentialAction":[{"@type":"ReadAction","target":["https:\/\/explora.cl\/araucania\/estudiantes-del-colegio-louis-pasteur-se-maravillan-con-la-magia-de-la-genetica-en-inia-carillanca\/"]}]},{"@type":"ImageObject","inLanguage":"es-CL","@id":"https:\/\/explora.cl\/araucania\/estudiantes-del-colegio-louis-pasteur-se-maravillan-con-la-magia-de-la-genetica-en-inia-carillanca\/#primaryimage","url":"https:\/\/explora.cl\/araucania\/wp-content\/uploads\/sites\/15\/2018\/06\/56a8ca5c4cce5ae60c7fc967de326f03.jpg","contentUrl":"https:\/\/explora.cl\/araucania\/wp-content\/uploads\/sites\/15\/2018\/06\/56a8ca5c4cce5ae60c7fc967de326f03.jpg","width":3008,"height":2000},{"@type":"BreadcrumbList","@id":"https:\/\/explora.cl\/araucania\/estudiantes-del-colegio-louis-pasteur-se-maravillan-con-la-magia-de-la-genetica-en-inia-carillanca\/#breadcrumb","itemListElement":[{"@type":"ListItem","position":1,"name":"Portada","item":"https:\/\/explora.cl\/araucania\/"},{"@type":"ListItem","position":2,"name":"Estudiantes del Colegio Louis Pasteur se maravillan con la magia de la gen\u00e9tica en INIA Carillanca"}]},{"@type":"WebSite","@id":"https:\/\/explora.cl\/araucania\/#website","url":"https:\/\/explora.cl\/araucania\/","name":"Araucan\u00eda","description":"Otro sitio m\u00e1s de explora.cl","potentialAction":[{"@type":"SearchAction","target":{"@type":"EntryPoint","urlTemplate":"https:\/\/explora.cl\/araucania\/?s={search_term_string}"},"query-input":{"@type":"PropertyValueSpecification","valueRequired":true,"valueName":"search_term_string"}}],"inLanguage":"es-CL"},{"@type":"Person","@id":"https:\/\/explora.cl\/araucania\/#\/schema\/person\/cb8349c13ea2d324080adf8480d7ba5d","name":"webman","image":{"@type":"ImageObject","inLanguage":"es-CL","@id":"https:\/\/explora.cl\/araucania\/#\/schema\/person\/image\/","url":"https:\/\/secure.gravatar.com\/avatar\/eeff3c82f2c02f7177d13663b7e6f890e9a6a0647ce9bb29cae02dcb094c7312?s=96&d=mm&r=g","contentUrl":"https:\/\/secure.gravatar.com\/avatar\/eeff3c82f2c02f7177d13663b7e6f890e9a6a0647ce9bb29cae02dcb094c7312?s=96&d=mm&r=g","caption":"webman"},"url":"https:\/\/explora.cl\/araucania\/author\/webman\/"}]}},"_links":{"self":[{"href":"https:\/\/explora.cl\/araucania\/wp-json\/wp\/v2\/posts\/1142","targetHints":{"allow":["GET"]}}],"collection":[{"href":"https:\/\/explora.cl\/araucania\/wp-json\/wp\/v2\/posts"}],"about":[{"href":"https:\/\/explora.cl\/araucania\/wp-json\/wp\/v2\/types\/post"}],"author":[{"embeddable":true,"href":"https:\/\/explora.cl\/araucania\/wp-json\/wp\/v2\/users\/2"}],"replies":[{"embeddable":true,"href":"https:\/\/explora.cl\/araucania\/wp-json\/wp\/v2\/comments?post=1142"}],"version-history":[{"count":1,"href":"https:\/\/explora.cl\/araucania\/wp-json\/wp\/v2\/posts\/1142\/revisions"}],"predecessor-version":[{"id":38225,"href":"https:\/\/explora.cl\/araucania\/wp-json\/wp\/v2\/posts\/1142\/revisions\/38225"}],"wp:featuredmedia":[{"embeddable":true,"href":"https:\/\/explora.cl\/araucania\/wp-json\/wp\/v2\/media\/1143"}],"wp:attachment":[{"href":"https:\/\/explora.cl\/araucania\/wp-json\/wp\/v2\/media?parent=1142"}],"wp:term":[{"taxonomy":"category","embeddable":true,"href":"https:\/\/explora.cl\/araucania\/wp-json\/wp\/v2\/categories?post=1142"},{"taxonomy":"post_tag","embeddable":true,"href":"https:\/\/explora.cl\/araucania\/wp-json\/wp\/v2\/tags?post=1142"}],"curies":[{"name":"wp","href":"https:\/\/api.w.org\/{rel}","templated":true}]}}