{"id":43237,"date":"2025-11-18T17:33:05","date_gmt":"2025-11-18T20:33:05","guid":{"rendered":"https:\/\/explora.cl\/antofagasta\/?p=43237"},"modified":"2025-11-18T17:33:05","modified_gmt":"2025-11-18T20:33:05","slug":"proyectos-escolares-de-antofagasta-y-taltal-representaron-a-la-region-en-el-congreso-nacional-explora-2025","status":"publish","type":"post","link":"https:\/\/explora.cl\/antofagasta\/proyectos-escolares-de-antofagasta-y-taltal-representaron-a-la-region-en-el-congreso-nacional-explora-2025\/","title":{"rendered":"Proyectos escolares de Antofagasta y Taltal representaron a la regi\u00f3n en el Congreso Nacional Explora 2025"},"content":{"rendered":"<p><span style=\"font-weight: 400\">Dos equipos de la Regi\u00f3n de Antofagasta destacaron en el Congreso Nacional Explora 2025, instancia que reuni\u00f3 a estudiantes de todo el pa\u00eds para compartir investigaciones escolares que promueven el aprendizaje cient\u00edfico y la innovaci\u00f3n desde las aulas.<\/span><\/p>\n<p><span style=\"font-weight: 400\">Desde Antofagasta, la Escuela D-90 \u201cRep\u00fablica de Argentina\u201d present\u00f3 el proyecto <\/span><i><span style=\"font-weight: 400\">\u201cPropuesta de pintura ign\u00edfuga con insumos locales para campamentos de Antofagasta\u201d<\/span><\/i><span style=\"font-weight: 400\">. La iniciativa busca desarrollar una pintura resistente al fuego a partir de materiales naturales y accesibles como c\u00e1scara de pl\u00e1tano, zeolita, alumbre y cal, utilizando poliacetato de vinilo como base. A trav\u00e9s de distintas formulaciones experimentales, el equipo evalu\u00f3 la resistencia t\u00e9rmica y la retardancia de llama para reducir el riesgo de incendios en sectores vulnerables de la regi\u00f3n.<\/span><\/p>\n<p><span style=\"font-weight: 400\">Por su parte, el Liceo C-21 Juan Cort\u00e9s-Monroy Cort\u00e9s, de Taltal, present\u00f3 el proyecto <\/span><i><span style=\"font-weight: 400\">\u201cEl cielo del ayer, amenazado por las luces del ma\u00f1ana\u201d<\/span><\/i><span style=\"font-weight: 400\">, centrado en el dise\u00f1o de un m\u00e9todo accesible para medir la contaminaci\u00f3n lum\u00ednica mediante el uso de c\u00e1maras digitales, telescopios y programaci\u00f3n. El estudio busca generar datos cuantitativos que permitan evaluar la calidad del cielo e identificar fuentes de emisi\u00f3n lum\u00ednica, aportando a la protecci\u00f3n de los cielos del norte, reconocidos a nivel mundial por su valor astron\u00f3mico.<\/span><\/p>\n<p><span style=\"font-weight: 400\">Ambas investigaciones fueron desarrolladas en el marco del Programa de Investigaci\u00f3n e Innovaci\u00f3n Escolar (IIE) del PAR Explora Antofagasta, del Ministerio de Ciencia, Tecnolog\u00eda, Conocimiento e Innovaci\u00f3n y ejecutado por la Universidad Cat\u00f3lica del Norte, que fomenta el pensamiento cr\u00edtico, la curiosidad y la exploraci\u00f3n cient\u00edfica en estudiantes de la regi\u00f3n.<\/span><\/p>\n<p><span style=\"font-weight: 400\">Este encuentro nacional tambi\u00e9n fue un espacio de celebraci\u00f3n, marcado por los 30 a\u00f1os del Programa Explora en Chile, tres d\u00e9cadas impulsando la curiosidad, la ciencia y la innovaci\u00f3n en comunidades educativas de todo el pa\u00eds. La jornada cont\u00f3 con la presencia del ministro de Ciencia, Tecnolog\u00eda, Conocimiento e Innovaci\u00f3n, Aldo Valle Acevedo y del ministro de Educaci\u00f3n, Nicol\u00e1s Cataldo Astorga, quienes destacaron la trayectoria y el impacto del programa en la formaci\u00f3n de nuevas generaciones de cient\u00edficos y educadores.<\/span><\/p>\n<p><span style=\"font-weight: 400\">Adem\u00e1s, se realiz\u00f3 un reconocimiento a figuras clave del ecosistema Explora, entre ellas directores regionales, equipos ejecutores y una de las fundadoras, Hayd\u00e9e Domic, Directora Fundadora Programa Explora-CONICYT entre los a\u00f1os 1995 y 2006, reafirmando el compromiso colectivo por seguir fortaleciendo una educaci\u00f3n que inspire, conecte y transforme a trav\u00e9s del conocimiento.\u00a0<\/span><\/p>\n","protected":false},"excerpt":{"rendered":"<p>Ambas investigaciones fueron desarrolladas en el marco del Programa de Investigaci\u00f3n e Innovaci\u00f3n Escolar (IIE) del PAR Explora Antofagasta<\/p>\n","protected":false},"author":19,"featured_media":43238,"comment_status":"open","ping_status":"open","sticky":false,"template":"","format":"standard","meta":{"_acf_changed":false,"_exactmetrics_skip_tracking":false,"_exactmetrics_sitenote_active":false,"_exactmetrics_sitenote_note":"","_exactmetrics_sitenote_category":0,"footnotes":"","_links_to":"","_links_to_target":""},"categories":[136,4,1],"tags":[],"class_list":["post-43237","post","type-post","status-publish","format-standard","has-post-thumbnail","hentry","category-lugar-1","category-noticias","category-sin-categoria"],"acf":[],"yoast_head":"<!-- This site is optimized with the Yoast SEO plugin v26.9 - https:\/\/yoast.com\/product\/yoast-seo-wordpress\/ -->\n<title>Proyectos escolares de Antofagasta y Taltal representaron a la regi\u00f3n en el Congreso Nacional Explora 2025 - Antofagasta<\/title>\n<meta name=\"robots\" content=\"index, follow, max-snippet:-1, max-image-preview:large, max-video-preview:-1\" \/>\n<link rel=\"canonical\" href=\"https:\/\/explora.cl\/antofagasta\/proyectos-escolares-de-antofagasta-y-taltal-representaron-a-la-region-en-el-congreso-nacional-explora-2025\/\" class=\"yoast-seo-meta-tag\" \/>\n<meta property=\"og:locale\" content=\"es_ES\" class=\"yoast-seo-meta-tag\" \/>\n<meta property=\"og:type\" content=\"article\" class=\"yoast-seo-meta-tag\" \/>\n<meta property=\"og:title\" content=\"Proyectos escolares de Antofagasta y Taltal representaron a la regi\u00f3n en el Congreso Nacional Explora 2025 - Antofagasta\" class=\"yoast-seo-meta-tag\" \/>\n<meta property=\"og:description\" content=\"Ambas investigaciones fueron desarrolladas en el marco del Programa de Investigaci\u00f3n e Innovaci\u00f3n Escolar (IIE) del PAR Explora Antofagasta\" class=\"yoast-seo-meta-tag\" \/>\n<meta property=\"og:url\" content=\"https:\/\/explora.cl\/antofagasta\/proyectos-escolares-de-antofagasta-y-taltal-representaron-a-la-region-en-el-congreso-nacional-explora-2025\/\" class=\"yoast-seo-meta-tag\" \/>\n<meta property=\"og:site_name\" content=\"Antofagasta\" class=\"yoast-seo-meta-tag\" \/>\n<meta property=\"article:published_time\" content=\"2025-11-18T20:33:05+00:00\" class=\"yoast-seo-meta-tag\" \/>\n<meta property=\"og:image\" content=\"https:\/\/explora.cl\/antofagasta\/wp-content\/uploads\/sites\/4\/2025\/11\/WhatsApp-Image-2025-10-30-at-08.54.38.jpeg\" class=\"yoast-seo-meta-tag\" \/>\n\t<meta property=\"og:image:width\" content=\"1600\" class=\"yoast-seo-meta-tag\" \/>\n\t<meta property=\"og:image:height\" content=\"901\" class=\"yoast-seo-meta-tag\" \/>\n\t<meta property=\"og:image:type\" content=\"image\/jpeg\" class=\"yoast-seo-meta-tag\" \/>\n<meta name=\"author\" content=\"cgomez\" class=\"yoast-seo-meta-tag\" \/>\n<meta name=\"twitter:card\" content=\"summary_large_image\" class=\"yoast-seo-meta-tag\" \/>\n<meta name=\"twitter:label1\" content=\"Escrito por\" class=\"yoast-seo-meta-tag\" \/>\n\t<meta name=\"twitter:data1\" content=\"cgomez\" class=\"yoast-seo-meta-tag\" \/>\n\t<meta name=\"twitter:label2\" content=\"Tiempo estimado de lectura\" class=\"yoast-seo-meta-tag\" \/>\n\t<meta name=\"twitter:data2\" content=\"2 minutos\" class=\"yoast-seo-meta-tag\" \/>\n<script type=\"application\/ld+json\" class=\"yoast-schema-graph\">{\"@context\":\"https:\/\/schema.org\",\"@graph\":[{\"@type\":\"Article\",\"@id\":\"https:\/\/explora.cl\/antofagasta\/proyectos-escolares-de-antofagasta-y-taltal-representaron-a-la-region-en-el-congreso-nacional-explora-2025\/#article\",\"isPartOf\":{\"@id\":\"https:\/\/explora.cl\/antofagasta\/proyectos-escolares-de-antofagasta-y-taltal-representaron-a-la-region-en-el-congreso-nacional-explora-2025\/\"},\"author\":{\"name\":\"cgomez\",\"@id\":\"https:\/\/explora.cl\/antofagasta\/#\/schema\/person\/71eda950cf8b3d75ad6c50a4d2179bcd\"},\"headline\":\"Proyectos escolares de Antofagasta y Taltal representaron a la regi\u00f3n en el Congreso Nacional Explora 2025\",\"datePublished\":\"2025-11-18T20:33:05+00:00\",\"mainEntityOfPage\":{\"@id\":\"https:\/\/explora.cl\/antofagasta\/proyectos-escolares-de-antofagasta-y-taltal-representaron-a-la-region-en-el-congreso-nacional-explora-2025\/\"},\"wordCount\":446,\"commentCount\":0,\"image\":{\"@id\":\"https:\/\/explora.cl\/antofagasta\/proyectos-escolares-de-antofagasta-y-taltal-representaron-a-la-region-en-el-congreso-nacional-explora-2025\/#primaryimage\"},\"thumbnailUrl\":\"https:\/\/explora.cl\/antofagasta\/wp-content\/uploads\/sites\/4\/2025\/11\/WhatsApp-Image-2025-10-30-at-08.54.38.jpeg\",\"articleSection\":[\"Lugar 1\",\"Noticias\"],\"inLanguage\":\"es-CL\",\"potentialAction\":[{\"@type\":\"CommentAction\",\"name\":\"Comment\",\"target\":[\"https:\/\/explora.cl\/antofagasta\/proyectos-escolares-de-antofagasta-y-taltal-representaron-a-la-region-en-el-congreso-nacional-explora-2025\/#respond\"]}]},{\"@type\":\"WebPage\",\"@id\":\"https:\/\/explora.cl\/antofagasta\/proyectos-escolares-de-antofagasta-y-taltal-representaron-a-la-region-en-el-congreso-nacional-explora-2025\/\",\"url\":\"https:\/\/explora.cl\/antofagasta\/proyectos-escolares-de-antofagasta-y-taltal-representaron-a-la-region-en-el-congreso-nacional-explora-2025\/\",\"name\":\"Proyectos escolares de Antofagasta y Taltal representaron a la regi\u00f3n en el Congreso Nacional Explora 2025 - Antofagasta\",\"isPartOf\":{\"@id\":\"https:\/\/explora.cl\/antofagasta\/#website\"},\"primaryImageOfPage\":{\"@id\":\"https:\/\/explora.cl\/antofagasta\/proyectos-escolares-de-antofagasta-y-taltal-representaron-a-la-region-en-el-congreso-nacional-explora-2025\/#primaryimage\"},\"image\":{\"@id\":\"https:\/\/explora.cl\/antofagasta\/proyectos-escolares-de-antofagasta-y-taltal-representaron-a-la-region-en-el-congreso-nacional-explora-2025\/#primaryimage\"},\"thumbnailUrl\":\"https:\/\/explora.cl\/antofagasta\/wp-content\/uploads\/sites\/4\/2025\/11\/WhatsApp-Image-2025-10-30-at-08.54.38.jpeg\",\"datePublished\":\"2025-11-18T20:33:05+00:00\",\"author\":{\"@id\":\"https:\/\/explora.cl\/antofagasta\/#\/schema\/person\/71eda950cf8b3d75ad6c50a4d2179bcd\"},\"breadcrumb\":{\"@id\":\"https:\/\/explora.cl\/antofagasta\/proyectos-escolares-de-antofagasta-y-taltal-representaron-a-la-region-en-el-congreso-nacional-explora-2025\/#breadcrumb\"},\"inLanguage\":\"es-CL\",\"potentialAction\":[{\"@type\":\"ReadAction\",\"target\":[\"https:\/\/explora.cl\/antofagasta\/proyectos-escolares-de-antofagasta-y-taltal-representaron-a-la-region-en-el-congreso-nacional-explora-2025\/\"]}]},{\"@type\":\"ImageObject\",\"inLanguage\":\"es-CL\",\"@id\":\"https:\/\/explora.cl\/antofagasta\/proyectos-escolares-de-antofagasta-y-taltal-representaron-a-la-region-en-el-congreso-nacional-explora-2025\/#primaryimage\",\"url\":\"https:\/\/explora.cl\/antofagasta\/wp-content\/uploads\/sites\/4\/2025\/11\/WhatsApp-Image-2025-10-30-at-08.54.38.jpeg\",\"contentUrl\":\"https:\/\/explora.cl\/antofagasta\/wp-content\/uploads\/sites\/4\/2025\/11\/WhatsApp-Image-2025-10-30-at-08.54.38.jpeg\",\"width\":1600,\"height\":901},{\"@type\":\"BreadcrumbList\",\"@id\":\"https:\/\/explora.cl\/antofagasta\/proyectos-escolares-de-antofagasta-y-taltal-representaron-a-la-region-en-el-congreso-nacional-explora-2025\/#breadcrumb\",\"itemListElement\":[{\"@type\":\"ListItem\",\"position\":1,\"name\":\"Portada\",\"item\":\"https:\/\/explora.cl\/antofagasta\/\"},{\"@type\":\"ListItem\",\"position\":2,\"name\":\"Proyectos escolares de Antofagasta y Taltal representaron a la regi\u00f3n en el Congreso Nacional Explora 2025\"}]},{\"@type\":\"WebSite\",\"@id\":\"https:\/\/explora.cl\/antofagasta\/#website\",\"url\":\"https:\/\/explora.cl\/antofagasta\/\",\"name\":\"Antofagasta\",\"description\":\"Otro sitio m\u00e1s de explora.cl\",\"potentialAction\":[{\"@type\":\"SearchAction\",\"target\":{\"@type\":\"EntryPoint\",\"urlTemplate\":\"https:\/\/explora.cl\/antofagasta\/?s={search_term_string}\"},\"query-input\":{\"@type\":\"PropertyValueSpecification\",\"valueRequired\":true,\"valueName\":\"search_term_string\"}}],\"inLanguage\":\"es-CL\"},{\"@type\":\"Person\",\"@id\":\"https:\/\/explora.cl\/antofagasta\/#\/schema\/person\/71eda950cf8b3d75ad6c50a4d2179bcd\",\"name\":\"cgomez\",\"image\":{\"@type\":\"ImageObject\",\"inLanguage\":\"es-CL\",\"@id\":\"https:\/\/explora.cl\/antofagasta\/#\/schema\/person\/image\/\",\"url\":\"https:\/\/secure.gravatar.com\/avatar\/0c1e119225e98dd5c5a5a0d26c2bd2448642e86ce4fece294b57037090af5dd6?s=96&d=mm&r=g\",\"contentUrl\":\"https:\/\/secure.gravatar.com\/avatar\/0c1e119225e98dd5c5a5a0d26c2bd2448642e86ce4fece294b57037090af5dd6?s=96&d=mm&r=g\",\"caption\":\"cgomez\"},\"url\":\"https:\/\/explora.cl\/antofagasta\/author\/cgomez\/\"}]}<\/script>\n<!-- \/ Yoast SEO plugin. -->","yoast_head_json":{"title":"Proyectos escolares de Antofagasta y Taltal representaron a la regi\u00f3n en el Congreso Nacional Explora 2025 - Antofagasta","robots":{"index":"index","follow":"follow","max-snippet":"max-snippet:-1","max-image-preview":"max-image-preview:large","max-video-preview":"max-video-preview:-1"},"canonical":"https:\/\/explora.cl\/antofagasta\/proyectos-escolares-de-antofagasta-y-taltal-representaron-a-la-region-en-el-congreso-nacional-explora-2025\/","og_locale":"es_ES","og_type":"article","og_title":"Proyectos escolares de Antofagasta y Taltal representaron a la regi\u00f3n en el Congreso Nacional Explora 2025 - Antofagasta","og_description":"Ambas investigaciones fueron desarrolladas en el marco del Programa de Investigaci\u00f3n e Innovaci\u00f3n Escolar (IIE) del PAR Explora Antofagasta","og_url":"https:\/\/explora.cl\/antofagasta\/proyectos-escolares-de-antofagasta-y-taltal-representaron-a-la-region-en-el-congreso-nacional-explora-2025\/","og_site_name":"Antofagasta","article_published_time":"2025-11-18T20:33:05+00:00","og_image":[{"width":1600,"height":901,"url":"https:\/\/explora.cl\/antofagasta\/wp-content\/uploads\/sites\/4\/2025\/11\/WhatsApp-Image-2025-10-30-at-08.54.38.jpeg","type":"image\/jpeg"}],"author":"cgomez","twitter_card":"summary_large_image","twitter_misc":{"Escrito por":"cgomez","Tiempo estimado de lectura":"2 minutos"},"schema":{"@context":"https:\/\/schema.org","@graph":[{"@type":"Article","@id":"https:\/\/explora.cl\/antofagasta\/proyectos-escolares-de-antofagasta-y-taltal-representaron-a-la-region-en-el-congreso-nacional-explora-2025\/#article","isPartOf":{"@id":"https:\/\/explora.cl\/antofagasta\/proyectos-escolares-de-antofagasta-y-taltal-representaron-a-la-region-en-el-congreso-nacional-explora-2025\/"},"author":{"name":"cgomez","@id":"https:\/\/explora.cl\/antofagasta\/#\/schema\/person\/71eda950cf8b3d75ad6c50a4d2179bcd"},"headline":"Proyectos escolares de Antofagasta y Taltal representaron a la regi\u00f3n en el Congreso Nacional Explora 2025","datePublished":"2025-11-18T20:33:05+00:00","mainEntityOfPage":{"@id":"https:\/\/explora.cl\/antofagasta\/proyectos-escolares-de-antofagasta-y-taltal-representaron-a-la-region-en-el-congreso-nacional-explora-2025\/"},"wordCount":446,"commentCount":0,"image":{"@id":"https:\/\/explora.cl\/antofagasta\/proyectos-escolares-de-antofagasta-y-taltal-representaron-a-la-region-en-el-congreso-nacional-explora-2025\/#primaryimage"},"thumbnailUrl":"https:\/\/explora.cl\/antofagasta\/wp-content\/uploads\/sites\/4\/2025\/11\/WhatsApp-Image-2025-10-30-at-08.54.38.jpeg","articleSection":["Lugar 1","Noticias"],"inLanguage":"es-CL","potentialAction":[{"@type":"CommentAction","name":"Comment","target":["https:\/\/explora.cl\/antofagasta\/proyectos-escolares-de-antofagasta-y-taltal-representaron-a-la-region-en-el-congreso-nacional-explora-2025\/#respond"]}]},{"@type":"WebPage","@id":"https:\/\/explora.cl\/antofagasta\/proyectos-escolares-de-antofagasta-y-taltal-representaron-a-la-region-en-el-congreso-nacional-explora-2025\/","url":"https:\/\/explora.cl\/antofagasta\/proyectos-escolares-de-antofagasta-y-taltal-representaron-a-la-region-en-el-congreso-nacional-explora-2025\/","name":"Proyectos escolares de Antofagasta y Taltal representaron a la regi\u00f3n en el Congreso Nacional Explora 2025 - Antofagasta","isPartOf":{"@id":"https:\/\/explora.cl\/antofagasta\/#website"},"primaryImageOfPage":{"@id":"https:\/\/explora.cl\/antofagasta\/proyectos-escolares-de-antofagasta-y-taltal-representaron-a-la-region-en-el-congreso-nacional-explora-2025\/#primaryimage"},"image":{"@id":"https:\/\/explora.cl\/antofagasta\/proyectos-escolares-de-antofagasta-y-taltal-representaron-a-la-region-en-el-congreso-nacional-explora-2025\/#primaryimage"},"thumbnailUrl":"https:\/\/explora.cl\/antofagasta\/wp-content\/uploads\/sites\/4\/2025\/11\/WhatsApp-Image-2025-10-30-at-08.54.38.jpeg","datePublished":"2025-11-18T20:33:05+00:00","author":{"@id":"https:\/\/explora.cl\/antofagasta\/#\/schema\/person\/71eda950cf8b3d75ad6c50a4d2179bcd"},"breadcrumb":{"@id":"https:\/\/explora.cl\/antofagasta\/proyectos-escolares-de-antofagasta-y-taltal-representaron-a-la-region-en-el-congreso-nacional-explora-2025\/#breadcrumb"},"inLanguage":"es-CL","potentialAction":[{"@type":"ReadAction","target":["https:\/\/explora.cl\/antofagasta\/proyectos-escolares-de-antofagasta-y-taltal-representaron-a-la-region-en-el-congreso-nacional-explora-2025\/"]}]},{"@type":"ImageObject","inLanguage":"es-CL","@id":"https:\/\/explora.cl\/antofagasta\/proyectos-escolares-de-antofagasta-y-taltal-representaron-a-la-region-en-el-congreso-nacional-explora-2025\/#primaryimage","url":"https:\/\/explora.cl\/antofagasta\/wp-content\/uploads\/sites\/4\/2025\/11\/WhatsApp-Image-2025-10-30-at-08.54.38.jpeg","contentUrl":"https:\/\/explora.cl\/antofagasta\/wp-content\/uploads\/sites\/4\/2025\/11\/WhatsApp-Image-2025-10-30-at-08.54.38.jpeg","width":1600,"height":901},{"@type":"BreadcrumbList","@id":"https:\/\/explora.cl\/antofagasta\/proyectos-escolares-de-antofagasta-y-taltal-representaron-a-la-region-en-el-congreso-nacional-explora-2025\/#breadcrumb","itemListElement":[{"@type":"ListItem","position":1,"name":"Portada","item":"https:\/\/explora.cl\/antofagasta\/"},{"@type":"ListItem","position":2,"name":"Proyectos escolares de Antofagasta y Taltal representaron a la regi\u00f3n en el Congreso Nacional Explora 2025"}]},{"@type":"WebSite","@id":"https:\/\/explora.cl\/antofagasta\/#website","url":"https:\/\/explora.cl\/antofagasta\/","name":"Antofagasta","description":"Otro sitio m\u00e1s de explora.cl","potentialAction":[{"@type":"SearchAction","target":{"@type":"EntryPoint","urlTemplate":"https:\/\/explora.cl\/antofagasta\/?s={search_term_string}"},"query-input":{"@type":"PropertyValueSpecification","valueRequired":true,"valueName":"search_term_string"}}],"inLanguage":"es-CL"},{"@type":"Person","@id":"https:\/\/explora.cl\/antofagasta\/#\/schema\/person\/71eda950cf8b3d75ad6c50a4d2179bcd","name":"cgomez","image":{"@type":"ImageObject","inLanguage":"es-CL","@id":"https:\/\/explora.cl\/antofagasta\/#\/schema\/person\/image\/","url":"https:\/\/secure.gravatar.com\/avatar\/0c1e119225e98dd5c5a5a0d26c2bd2448642e86ce4fece294b57037090af5dd6?s=96&d=mm&r=g","contentUrl":"https:\/\/secure.gravatar.com\/avatar\/0c1e119225e98dd5c5a5a0d26c2bd2448642e86ce4fece294b57037090af5dd6?s=96&d=mm&r=g","caption":"cgomez"},"url":"https:\/\/explora.cl\/antofagasta\/author\/cgomez\/"}]}},"_links":{"self":[{"href":"https:\/\/explora.cl\/antofagasta\/wp-json\/wp\/v2\/posts\/43237","targetHints":{"allow":["GET"]}}],"collection":[{"href":"https:\/\/explora.cl\/antofagasta\/wp-json\/wp\/v2\/posts"}],"about":[{"href":"https:\/\/explora.cl\/antofagasta\/wp-json\/wp\/v2\/types\/post"}],"author":[{"embeddable":true,"href":"https:\/\/explora.cl\/antofagasta\/wp-json\/wp\/v2\/users\/19"}],"replies":[{"embeddable":true,"href":"https:\/\/explora.cl\/antofagasta\/wp-json\/wp\/v2\/comments?post=43237"}],"version-history":[{"count":2,"href":"https:\/\/explora.cl\/antofagasta\/wp-json\/wp\/v2\/posts\/43237\/revisions"}],"predecessor-version":[{"id":43241,"href":"https:\/\/explora.cl\/antofagasta\/wp-json\/wp\/v2\/posts\/43237\/revisions\/43241"}],"wp:featuredmedia":[{"embeddable":true,"href":"https:\/\/explora.cl\/antofagasta\/wp-json\/wp\/v2\/media\/43238"}],"wp:attachment":[{"href":"https:\/\/explora.cl\/antofagasta\/wp-json\/wp\/v2\/media?parent=43237"}],"wp:term":[{"taxonomy":"category","embeddable":true,"href":"https:\/\/explora.cl\/antofagasta\/wp-json\/wp\/v2\/categories?post=43237"},{"taxonomy":"post_tag","embeddable":true,"href":"https:\/\/explora.cl\/antofagasta\/wp-json\/wp\/v2\/tags?post=43237"}],"curies":[{"name":"wp","href":"https:\/\/api.w.org\/{rel}","templated":true}]}}