{"id":41088,"date":"2021-10-16T13:22:15","date_gmt":"2021-10-16T16:22:15","guid":{"rendered":"https:\/\/explora.cl\/antofagasta\/?p=41088"},"modified":"2021-10-16T13:22:15","modified_gmt":"2021-10-16T16:22:15","slug":"cortometrajes-cientificos-seran-estrenados-en-el-festival-de-la-ciencia-2021-de-explora-antofagasta","status":"publish","type":"post","link":"https:\/\/explora.cl\/antofagasta\/cortometrajes-cientificos-seran-estrenados-en-el-festival-de-la-ciencia-2021-de-explora-antofagasta\/","title":{"rendered":"Cortometrajes cient\u00edficos ser\u00e1n estrenados en el Festival de la Ciencia 2021 de Explora Antofagasta"},"content":{"rendered":"<p><em><span style=\"font-weight: 400\">10 c\u00e1psulas con relatos de investigadores y divulgadores, se presentar\u00e1n de manera online desde el 20 al 24 de octubre en el FECI 2021, del PAR Explora Antofagasta.<\/span><\/em><\/p>\n<p><span style=\"font-weight: 400\">Una fiesta de la ciencia es la que desarrollar\u00e1 el Explora Regi\u00f3n Antofagasta, del Ministerio de Ciencia, ejecutado por la Universidad Cat\u00f3lica del Norte (UCN). <\/span><span style=\"font-weight: 400\"><br \/>\n<\/span><span style=\"font-weight: 400\">Durante cinco d\u00edas, la ciencia, tecnolog\u00eda, conocimiento e innovaci\u00f3n, se tomar\u00e1 las redes sociales para celebrar la curiosidad.<\/span><span style=\"font-weight: 400\"><br \/>\n<\/span><span style=\"font-weight: 400\"><br \/>\n<\/span><span style=\"font-weight: 400\">La parrilla program\u00e1tica del FECI 2021, contar\u00e1 con el estreno de 10 relatos de profesionales de las ciencias que comparten sus experiencias para motivar al p\u00fablico a conocer un poco m\u00e1s de sus trabajos. <\/span><span style=\"font-weight: 400\"><br \/>\n<\/span><span style=\"font-weight: 400\"><br \/>\n<\/span><span style=\"font-weight: 400\">Este material audiovisual se publicar\u00e1 a partir del mi\u00e9rcoles 20, en las redes sociales de Explora Regi\u00f3n Antofagasta,\u00a0 siendo la primera de ellas \u2018\u2019Amor por la ciencia: Una inspiraci\u00f3n\u2019\u2019 relato de la bi\u00f3loga con magister en periodismo, Macarena Rojas \u00c1balos. M\u00e1s tarde el mismo d\u00eda, se lanzar\u00e1 \u2018\u2019Acercando la astronom\u00eda a las personas\u2019\u2019 donde la astr\u00f3noma, Antonia Fern\u00e1ndez, contar\u00e1 sus primeros acercamientos a esta ciencia.<\/span><\/p>\n<p><span style=\"font-weight: 400\">El jueves 21, podr\u00e1n conocer al vulcan\u00f3logo y director de Ckelar Volcanes UCN, Dr. Felipe Aguilera, con la c\u00e1psula \u2018\u2019\u00bfPor qu\u00e9 deber\u00edamos saber m\u00e1s de volcanes?. M\u00e1s tarde y volviendo a la astronom\u00eda como tema central, Jos\u00e9 Gallardo, astr\u00f3nomo del Observatorio ALMA, relata su experiencia en \u2018\u2019\u00bfC\u00f3mo es trabajar en ALMA?\u2019\u2019.<\/span><\/p>\n<p><span style=\"font-weight: 400\">Marcelo Lanino, director del proyecto Vino del Desierto, de la Universidad Arturo Prat de Iquique, presentar\u00e1 el viernes 22 \u2018\u2019Producir vino el desierto\u2019\u2019, una zona poco com\u00fan para elaborar esta bebida y que ha sido un gran descubrimiento por el tipo de cepa en el mundo de la ciencia. Luego, contin\u00faa el interesante estreno de \u2018\u2019\u00bfQu\u00e9 hace un bioqu\u00edmico? de la mano del director de Explora Regi\u00f3n Metropolitana Norte, Dr. Mario Chiong, acad\u00e9mico de la Universidad de Chile.<\/span><\/p>\n<p><span style=\"font-weight: 400\">Otro relato imperdible, ser\u00e1 el de Sebasthian Ogalde, un joven antofagastino que es el primer astronauta an\u00e1logo. Su c\u00e1psula estar\u00e1 disponible a partir del s\u00e1bado 23. El mismo d\u00eda, la cient\u00edfica chilena que elabor\u00f3 un algoritmo para detectar el virus del COVID &#8211; 19, Sabrina Sep\u00falveda, contar\u00e1 su experiencia en cuanto a innovaci\u00f3n y emprendimiento cient\u00edfico en el corto \u2018\u2019Innovando con ciencia\u2019\u2019.<\/span><\/p>\n<p><span style=\"font-weight: 400\">El domingo 24, la astr\u00f3noma m\u00e1s famosa de la aplicaci\u00f3n Tik Tok en Chile, Teresa Paneque, aparecer\u00e1 en la c\u00e1psula \u2018\u2019Todas las voces importan en la ciencia\u2019\u2019, para entregar un mensaje muy importante a los m\u00e1s j\u00f3venes. M\u00e1s tarde, estar\u00e1 disponible el material de Fernanda Kalazich, quien contar\u00e1 en \u2018\u2019Las investigaciones de una arque\u00f3loga\u2019\u2019 una\u00a0 interesante investigaci\u00f3n sobre el trabajo sexual en las oficinas salitreras del norte. <\/span><span style=\"font-weight: 400\"><br \/>\n<\/span><span style=\"font-weight: 400\"><br \/>\n<\/span><span style=\"font-weight: 400\">Las C\u00e1psulas de Ciencia, Tecnolog\u00eda, Conocimiento e Innovaci\u00f3n, las podr\u00e1n encontrar en sus fechas de estreno en las redes sociales del PAR Explora Antofagasta en; Facebook, Youtube, Instagram y Twitter. <\/span><span style=\"font-weight: 400\"><br \/>\n<\/span><span style=\"font-weight: 400\">\u00a0<\/span><\/p>\n<p>&nbsp;<\/p>\n","protected":false},"excerpt":{"rendered":"<p>10 c\u00e1psulas con relatos de investigadores y divulgadores, se presentar\u00e1n de manera online desde el 20 al 24 de octubre en el FECI 2021, del PAR Explora Antofagasta. Una fiesta de la ciencia es la que desarrollar\u00e1 el Explora Regi\u00f3n Antofagasta, del Ministerio de Ciencia, ejecutado por la Universidad Cat\u00f3lica del Norte (UCN). Durante cinco [&hellip;]<\/p>\n","protected":false},"author":19,"featured_media":41089,"comment_status":"open","ping_status":"open","sticky":false,"template":"","format":"standard","meta":{"_acf_changed":false,"_exactmetrics_skip_tracking":false,"_exactmetrics_sitenote_active":false,"_exactmetrics_sitenote_note":"","_exactmetrics_sitenote_category":0,"footnotes":"","_links_to":"","_links_to_target":""},"categories":[1],"tags":[],"class_list":["post-41088","post","type-post","status-publish","format-standard","has-post-thumbnail","hentry","category-sin-categoria"],"acf":[],"yoast_head":"<!-- This site is optimized with the Yoast SEO plugin v26.9 - https:\/\/yoast.com\/product\/yoast-seo-wordpress\/ -->\n<title>Cortometrajes cient\u00edficos ser\u00e1n estrenados en el Festival de la Ciencia 2021 de Explora Antofagasta - Antofagasta<\/title>\n<meta name=\"robots\" content=\"index, follow, max-snippet:-1, max-image-preview:large, max-video-preview:-1\" \/>\n<link rel=\"canonical\" href=\"https:\/\/explora.cl\/antofagasta\/cortometrajes-cientificos-seran-estrenados-en-el-festival-de-la-ciencia-2021-de-explora-antofagasta\/\" class=\"yoast-seo-meta-tag\" \/>\n<meta property=\"og:locale\" content=\"es_ES\" class=\"yoast-seo-meta-tag\" \/>\n<meta property=\"og:type\" content=\"article\" class=\"yoast-seo-meta-tag\" \/>\n<meta property=\"og:title\" content=\"Cortometrajes cient\u00edficos ser\u00e1n estrenados en el Festival de la Ciencia 2021 de Explora Antofagasta - Antofagasta\" class=\"yoast-seo-meta-tag\" \/>\n<meta property=\"og:description\" content=\"10 c\u00e1psulas con relatos de investigadores y divulgadores, se presentar\u00e1n de manera online desde el 20 al 24 de octubre en el FECI 2021, del PAR Explora Antofagasta. Una fiesta de la ciencia es la que desarrollar\u00e1 el Explora Regi\u00f3n Antofagasta, del Ministerio de Ciencia, ejecutado por la Universidad Cat\u00f3lica del Norte (UCN). Durante cinco [&hellip;]\" class=\"yoast-seo-meta-tag\" \/>\n<meta property=\"og:url\" content=\"https:\/\/explora.cl\/antofagasta\/cortometrajes-cientificos-seran-estrenados-en-el-festival-de-la-ciencia-2021-de-explora-antofagasta\/\" class=\"yoast-seo-meta-tag\" \/>\n<meta property=\"og:site_name\" content=\"Antofagasta\" class=\"yoast-seo-meta-tag\" \/>\n<meta property=\"article:published_time\" content=\"2021-10-16T16:22:15+00:00\" class=\"yoast-seo-meta-tag\" \/>\n<meta property=\"og:image\" content=\"https:\/\/explora.cl\/antofagasta\/wp-content\/uploads\/sites\/4\/2021\/10\/WhatsApp-Image-2021-10-16-at-13.19.53.jpeg\" class=\"yoast-seo-meta-tag\" \/>\n\t<meta property=\"og:image:width\" content=\"1600\" class=\"yoast-seo-meta-tag\" \/>\n\t<meta property=\"og:image:height\" content=\"1600\" class=\"yoast-seo-meta-tag\" \/>\n\t<meta property=\"og:image:type\" content=\"image\/jpeg\" class=\"yoast-seo-meta-tag\" \/>\n<meta name=\"author\" content=\"cgomez\" class=\"yoast-seo-meta-tag\" \/>\n<meta name=\"twitter:card\" content=\"summary_large_image\" class=\"yoast-seo-meta-tag\" \/>\n<meta name=\"twitter:label1\" content=\"Escrito por\" class=\"yoast-seo-meta-tag\" \/>\n\t<meta name=\"twitter:data1\" content=\"cgomez\" class=\"yoast-seo-meta-tag\" \/>\n\t<meta name=\"twitter:label2\" content=\"Tiempo estimado de lectura\" class=\"yoast-seo-meta-tag\" \/>\n\t<meta name=\"twitter:data2\" content=\"3 minutos\" class=\"yoast-seo-meta-tag\" \/>\n<script type=\"application\/ld+json\" class=\"yoast-schema-graph\">{\"@context\":\"https:\/\/schema.org\",\"@graph\":[{\"@type\":\"Article\",\"@id\":\"https:\/\/explora.cl\/antofagasta\/cortometrajes-cientificos-seran-estrenados-en-el-festival-de-la-ciencia-2021-de-explora-antofagasta\/#article\",\"isPartOf\":{\"@id\":\"https:\/\/explora.cl\/antofagasta\/cortometrajes-cientificos-seran-estrenados-en-el-festival-de-la-ciencia-2021-de-explora-antofagasta\/\"},\"author\":{\"name\":\"cgomez\",\"@id\":\"https:\/\/explora.cl\/antofagasta\/#\/schema\/person\/71eda950cf8b3d75ad6c50a4d2179bcd\"},\"headline\":\"Cortometrajes cient\u00edficos ser\u00e1n estrenados en el Festival de la Ciencia 2021 de Explora Antofagasta\",\"datePublished\":\"2021-10-16T16:22:15+00:00\",\"mainEntityOfPage\":{\"@id\":\"https:\/\/explora.cl\/antofagasta\/cortometrajes-cientificos-seran-estrenados-en-el-festival-de-la-ciencia-2021-de-explora-antofagasta\/\"},\"wordCount\":516,\"commentCount\":0,\"image\":{\"@id\":\"https:\/\/explora.cl\/antofagasta\/cortometrajes-cientificos-seran-estrenados-en-el-festival-de-la-ciencia-2021-de-explora-antofagasta\/#primaryimage\"},\"thumbnailUrl\":\"https:\/\/explora.cl\/antofagasta\/wp-content\/uploads\/sites\/4\/2021\/10\/WhatsApp-Image-2021-10-16-at-13.19.53.jpeg\",\"inLanguage\":\"es-CL\",\"potentialAction\":[{\"@type\":\"CommentAction\",\"name\":\"Comment\",\"target\":[\"https:\/\/explora.cl\/antofagasta\/cortometrajes-cientificos-seran-estrenados-en-el-festival-de-la-ciencia-2021-de-explora-antofagasta\/#respond\"]}]},{\"@type\":\"WebPage\",\"@id\":\"https:\/\/explora.cl\/antofagasta\/cortometrajes-cientificos-seran-estrenados-en-el-festival-de-la-ciencia-2021-de-explora-antofagasta\/\",\"url\":\"https:\/\/explora.cl\/antofagasta\/cortometrajes-cientificos-seran-estrenados-en-el-festival-de-la-ciencia-2021-de-explora-antofagasta\/\",\"name\":\"Cortometrajes cient\u00edficos ser\u00e1n estrenados en el Festival de la Ciencia 2021 de Explora Antofagasta - Antofagasta\",\"isPartOf\":{\"@id\":\"https:\/\/explora.cl\/antofagasta\/#website\"},\"primaryImageOfPage\":{\"@id\":\"https:\/\/explora.cl\/antofagasta\/cortometrajes-cientificos-seran-estrenados-en-el-festival-de-la-ciencia-2021-de-explora-antofagasta\/#primaryimage\"},\"image\":{\"@id\":\"https:\/\/explora.cl\/antofagasta\/cortometrajes-cientificos-seran-estrenados-en-el-festival-de-la-ciencia-2021-de-explora-antofagasta\/#primaryimage\"},\"thumbnailUrl\":\"https:\/\/explora.cl\/antofagasta\/wp-content\/uploads\/sites\/4\/2021\/10\/WhatsApp-Image-2021-10-16-at-13.19.53.jpeg\",\"datePublished\":\"2021-10-16T16:22:15+00:00\",\"author\":{\"@id\":\"https:\/\/explora.cl\/antofagasta\/#\/schema\/person\/71eda950cf8b3d75ad6c50a4d2179bcd\"},\"breadcrumb\":{\"@id\":\"https:\/\/explora.cl\/antofagasta\/cortometrajes-cientificos-seran-estrenados-en-el-festival-de-la-ciencia-2021-de-explora-antofagasta\/#breadcrumb\"},\"inLanguage\":\"es-CL\",\"potentialAction\":[{\"@type\":\"ReadAction\",\"target\":[\"https:\/\/explora.cl\/antofagasta\/cortometrajes-cientificos-seran-estrenados-en-el-festival-de-la-ciencia-2021-de-explora-antofagasta\/\"]}]},{\"@type\":\"ImageObject\",\"inLanguage\":\"es-CL\",\"@id\":\"https:\/\/explora.cl\/antofagasta\/cortometrajes-cientificos-seran-estrenados-en-el-festival-de-la-ciencia-2021-de-explora-antofagasta\/#primaryimage\",\"url\":\"https:\/\/explora.cl\/antofagasta\/wp-content\/uploads\/sites\/4\/2021\/10\/WhatsApp-Image-2021-10-16-at-13.19.53.jpeg\",\"contentUrl\":\"https:\/\/explora.cl\/antofagasta\/wp-content\/uploads\/sites\/4\/2021\/10\/WhatsApp-Image-2021-10-16-at-13.19.53.jpeg\",\"width\":1600,\"height\":1600},{\"@type\":\"BreadcrumbList\",\"@id\":\"https:\/\/explora.cl\/antofagasta\/cortometrajes-cientificos-seran-estrenados-en-el-festival-de-la-ciencia-2021-de-explora-antofagasta\/#breadcrumb\",\"itemListElement\":[{\"@type\":\"ListItem\",\"position\":1,\"name\":\"Portada\",\"item\":\"https:\/\/explora.cl\/antofagasta\/\"},{\"@type\":\"ListItem\",\"position\":2,\"name\":\"Cortometrajes cient\u00edficos ser\u00e1n estrenados en el Festival de la Ciencia 2021 de Explora Antofagasta\"}]},{\"@type\":\"WebSite\",\"@id\":\"https:\/\/explora.cl\/antofagasta\/#website\",\"url\":\"https:\/\/explora.cl\/antofagasta\/\",\"name\":\"Antofagasta\",\"description\":\"Otro sitio m\u00e1s de explora.cl\",\"potentialAction\":[{\"@type\":\"SearchAction\",\"target\":{\"@type\":\"EntryPoint\",\"urlTemplate\":\"https:\/\/explora.cl\/antofagasta\/?s={search_term_string}\"},\"query-input\":{\"@type\":\"PropertyValueSpecification\",\"valueRequired\":true,\"valueName\":\"search_term_string\"}}],\"inLanguage\":\"es-CL\"},{\"@type\":\"Person\",\"@id\":\"https:\/\/explora.cl\/antofagasta\/#\/schema\/person\/71eda950cf8b3d75ad6c50a4d2179bcd\",\"name\":\"cgomez\",\"image\":{\"@type\":\"ImageObject\",\"inLanguage\":\"es-CL\",\"@id\":\"https:\/\/explora.cl\/antofagasta\/#\/schema\/person\/image\/\",\"url\":\"https:\/\/secure.gravatar.com\/avatar\/0c1e119225e98dd5c5a5a0d26c2bd2448642e86ce4fece294b57037090af5dd6?s=96&d=mm&r=g\",\"contentUrl\":\"https:\/\/secure.gravatar.com\/avatar\/0c1e119225e98dd5c5a5a0d26c2bd2448642e86ce4fece294b57037090af5dd6?s=96&d=mm&r=g\",\"caption\":\"cgomez\"},\"url\":\"https:\/\/explora.cl\/antofagasta\/author\/cgomez\/\"}]}<\/script>\n<!-- \/ Yoast SEO plugin. -->","yoast_head_json":{"title":"Cortometrajes cient\u00edficos ser\u00e1n estrenados en el Festival de la Ciencia 2021 de Explora Antofagasta - Antofagasta","robots":{"index":"index","follow":"follow","max-snippet":"max-snippet:-1","max-image-preview":"max-image-preview:large","max-video-preview":"max-video-preview:-1"},"canonical":"https:\/\/explora.cl\/antofagasta\/cortometrajes-cientificos-seran-estrenados-en-el-festival-de-la-ciencia-2021-de-explora-antofagasta\/","og_locale":"es_ES","og_type":"article","og_title":"Cortometrajes cient\u00edficos ser\u00e1n estrenados en el Festival de la Ciencia 2021 de Explora Antofagasta - Antofagasta","og_description":"10 c\u00e1psulas con relatos de investigadores y divulgadores, se presentar\u00e1n de manera online desde el 20 al 24 de octubre en el FECI 2021, del PAR Explora Antofagasta. Una fiesta de la ciencia es la que desarrollar\u00e1 el Explora Regi\u00f3n Antofagasta, del Ministerio de Ciencia, ejecutado por la Universidad Cat\u00f3lica del Norte (UCN). Durante cinco [&hellip;]","og_url":"https:\/\/explora.cl\/antofagasta\/cortometrajes-cientificos-seran-estrenados-en-el-festival-de-la-ciencia-2021-de-explora-antofagasta\/","og_site_name":"Antofagasta","article_published_time":"2021-10-16T16:22:15+00:00","og_image":[{"width":1600,"height":1600,"url":"https:\/\/explora.cl\/antofagasta\/wp-content\/uploads\/sites\/4\/2021\/10\/WhatsApp-Image-2021-10-16-at-13.19.53.jpeg","type":"image\/jpeg"}],"author":"cgomez","twitter_card":"summary_large_image","twitter_misc":{"Escrito por":"cgomez","Tiempo estimado de lectura":"3 minutos"},"schema":{"@context":"https:\/\/schema.org","@graph":[{"@type":"Article","@id":"https:\/\/explora.cl\/antofagasta\/cortometrajes-cientificos-seran-estrenados-en-el-festival-de-la-ciencia-2021-de-explora-antofagasta\/#article","isPartOf":{"@id":"https:\/\/explora.cl\/antofagasta\/cortometrajes-cientificos-seran-estrenados-en-el-festival-de-la-ciencia-2021-de-explora-antofagasta\/"},"author":{"name":"cgomez","@id":"https:\/\/explora.cl\/antofagasta\/#\/schema\/person\/71eda950cf8b3d75ad6c50a4d2179bcd"},"headline":"Cortometrajes cient\u00edficos ser\u00e1n estrenados en el Festival de la Ciencia 2021 de Explora Antofagasta","datePublished":"2021-10-16T16:22:15+00:00","mainEntityOfPage":{"@id":"https:\/\/explora.cl\/antofagasta\/cortometrajes-cientificos-seran-estrenados-en-el-festival-de-la-ciencia-2021-de-explora-antofagasta\/"},"wordCount":516,"commentCount":0,"image":{"@id":"https:\/\/explora.cl\/antofagasta\/cortometrajes-cientificos-seran-estrenados-en-el-festival-de-la-ciencia-2021-de-explora-antofagasta\/#primaryimage"},"thumbnailUrl":"https:\/\/explora.cl\/antofagasta\/wp-content\/uploads\/sites\/4\/2021\/10\/WhatsApp-Image-2021-10-16-at-13.19.53.jpeg","inLanguage":"es-CL","potentialAction":[{"@type":"CommentAction","name":"Comment","target":["https:\/\/explora.cl\/antofagasta\/cortometrajes-cientificos-seran-estrenados-en-el-festival-de-la-ciencia-2021-de-explora-antofagasta\/#respond"]}]},{"@type":"WebPage","@id":"https:\/\/explora.cl\/antofagasta\/cortometrajes-cientificos-seran-estrenados-en-el-festival-de-la-ciencia-2021-de-explora-antofagasta\/","url":"https:\/\/explora.cl\/antofagasta\/cortometrajes-cientificos-seran-estrenados-en-el-festival-de-la-ciencia-2021-de-explora-antofagasta\/","name":"Cortometrajes cient\u00edficos ser\u00e1n estrenados en el Festival de la Ciencia 2021 de Explora Antofagasta - Antofagasta","isPartOf":{"@id":"https:\/\/explora.cl\/antofagasta\/#website"},"primaryImageOfPage":{"@id":"https:\/\/explora.cl\/antofagasta\/cortometrajes-cientificos-seran-estrenados-en-el-festival-de-la-ciencia-2021-de-explora-antofagasta\/#primaryimage"},"image":{"@id":"https:\/\/explora.cl\/antofagasta\/cortometrajes-cientificos-seran-estrenados-en-el-festival-de-la-ciencia-2021-de-explora-antofagasta\/#primaryimage"},"thumbnailUrl":"https:\/\/explora.cl\/antofagasta\/wp-content\/uploads\/sites\/4\/2021\/10\/WhatsApp-Image-2021-10-16-at-13.19.53.jpeg","datePublished":"2021-10-16T16:22:15+00:00","author":{"@id":"https:\/\/explora.cl\/antofagasta\/#\/schema\/person\/71eda950cf8b3d75ad6c50a4d2179bcd"},"breadcrumb":{"@id":"https:\/\/explora.cl\/antofagasta\/cortometrajes-cientificos-seran-estrenados-en-el-festival-de-la-ciencia-2021-de-explora-antofagasta\/#breadcrumb"},"inLanguage":"es-CL","potentialAction":[{"@type":"ReadAction","target":["https:\/\/explora.cl\/antofagasta\/cortometrajes-cientificos-seran-estrenados-en-el-festival-de-la-ciencia-2021-de-explora-antofagasta\/"]}]},{"@type":"ImageObject","inLanguage":"es-CL","@id":"https:\/\/explora.cl\/antofagasta\/cortometrajes-cientificos-seran-estrenados-en-el-festival-de-la-ciencia-2021-de-explora-antofagasta\/#primaryimage","url":"https:\/\/explora.cl\/antofagasta\/wp-content\/uploads\/sites\/4\/2021\/10\/WhatsApp-Image-2021-10-16-at-13.19.53.jpeg","contentUrl":"https:\/\/explora.cl\/antofagasta\/wp-content\/uploads\/sites\/4\/2021\/10\/WhatsApp-Image-2021-10-16-at-13.19.53.jpeg","width":1600,"height":1600},{"@type":"BreadcrumbList","@id":"https:\/\/explora.cl\/antofagasta\/cortometrajes-cientificos-seran-estrenados-en-el-festival-de-la-ciencia-2021-de-explora-antofagasta\/#breadcrumb","itemListElement":[{"@type":"ListItem","position":1,"name":"Portada","item":"https:\/\/explora.cl\/antofagasta\/"},{"@type":"ListItem","position":2,"name":"Cortometrajes cient\u00edficos ser\u00e1n estrenados en el Festival de la Ciencia 2021 de Explora Antofagasta"}]},{"@type":"WebSite","@id":"https:\/\/explora.cl\/antofagasta\/#website","url":"https:\/\/explora.cl\/antofagasta\/","name":"Antofagasta","description":"Otro sitio m\u00e1s de explora.cl","potentialAction":[{"@type":"SearchAction","target":{"@type":"EntryPoint","urlTemplate":"https:\/\/explora.cl\/antofagasta\/?s={search_term_string}"},"query-input":{"@type":"PropertyValueSpecification","valueRequired":true,"valueName":"search_term_string"}}],"inLanguage":"es-CL"},{"@type":"Person","@id":"https:\/\/explora.cl\/antofagasta\/#\/schema\/person\/71eda950cf8b3d75ad6c50a4d2179bcd","name":"cgomez","image":{"@type":"ImageObject","inLanguage":"es-CL","@id":"https:\/\/explora.cl\/antofagasta\/#\/schema\/person\/image\/","url":"https:\/\/secure.gravatar.com\/avatar\/0c1e119225e98dd5c5a5a0d26c2bd2448642e86ce4fece294b57037090af5dd6?s=96&d=mm&r=g","contentUrl":"https:\/\/secure.gravatar.com\/avatar\/0c1e119225e98dd5c5a5a0d26c2bd2448642e86ce4fece294b57037090af5dd6?s=96&d=mm&r=g","caption":"cgomez"},"url":"https:\/\/explora.cl\/antofagasta\/author\/cgomez\/"}]}},"_links":{"self":[{"href":"https:\/\/explora.cl\/antofagasta\/wp-json\/wp\/v2\/posts\/41088","targetHints":{"allow":["GET"]}}],"collection":[{"href":"https:\/\/explora.cl\/antofagasta\/wp-json\/wp\/v2\/posts"}],"about":[{"href":"https:\/\/explora.cl\/antofagasta\/wp-json\/wp\/v2\/types\/post"}],"author":[{"embeddable":true,"href":"https:\/\/explora.cl\/antofagasta\/wp-json\/wp\/v2\/users\/19"}],"replies":[{"embeddable":true,"href":"https:\/\/explora.cl\/antofagasta\/wp-json\/wp\/v2\/comments?post=41088"}],"version-history":[{"count":2,"href":"https:\/\/explora.cl\/antofagasta\/wp-json\/wp\/v2\/posts\/41088\/revisions"}],"predecessor-version":[{"id":41091,"href":"https:\/\/explora.cl\/antofagasta\/wp-json\/wp\/v2\/posts\/41088\/revisions\/41091"}],"wp:featuredmedia":[{"embeddable":true,"href":"https:\/\/explora.cl\/antofagasta\/wp-json\/wp\/v2\/media\/41089"}],"wp:attachment":[{"href":"https:\/\/explora.cl\/antofagasta\/wp-json\/wp\/v2\/media?parent=41088"}],"wp:term":[{"taxonomy":"category","embeddable":true,"href":"https:\/\/explora.cl\/antofagasta\/wp-json\/wp\/v2\/categories?post=41088"},{"taxonomy":"post_tag","embeddable":true,"href":"https:\/\/explora.cl\/antofagasta\/wp-json\/wp\/v2\/tags?post=41088"}],"curies":[{"name":"wp","href":"https:\/\/api.w.org\/{rel}","templated":true}]}}