{"id":40806,"date":"2021-06-24T16:56:10","date_gmt":"2021-06-24T20:56:10","guid":{"rendered":"https:\/\/explora.cl\/antofagasta\/?p=40806"},"modified":"2021-06-27T14:07:14","modified_gmt":"2021-06-27T18:07:14","slug":"derechos-humanos-en-las-ciencias","status":"publish","type":"post","link":"https:\/\/explora.cl\/antofagasta\/derechos-humanos-en-las-ciencias\/","title":{"rendered":"Derechos Humanos en las Ciencias"},"content":{"rendered":"<p style=\"text-align: justify\"><span style=\"color: #008000\"><em><span style=\"color: #008000\">El segundo ciclo de charlas de Ciencia Abierta realizada por PAR Explora Antofagasta se enmarcar\u00e1 dentro de los Derechos Universales con cuatro charlas realizadas por diferentes figuras locales ligadas al activismo social, y finalizar\u00e1 con un conversatorio que ser\u00e1 transmitido por nuestro Fan Page\u00a0de Facebook y canal de YouTube, instancia en la que los participantes podr\u00e1n realizar sus preguntas y comentarios en vivo.<\/span><\/em><\/span><\/p>\n<p style=\"text-align: justify\">La declaraci\u00f3n Universal de los Derechos Humanos se aprob\u00f3 por una naciente Organizaci\u00f3n de Naciones Unidas el 10 de diciembre de 1948, siendo el resultado directo de la experiencia vivida en la Segunda Guerra Mundial, en donde, despu\u00e9s de las atrocidades cometidas en aquel conflicto, la comunidad internacional se comprometi\u00f3 a evitar que sucesos de esa intensidad volviesen a ocurrir.<\/p>\n<p style=\"text-align: justify\">Dentro de este marco, el objetivo primordial de los Derechos Humanos es establecer una serie de recursos jur\u00eddicos que toman en cuenta los derechos fundamentales de las personas a nivel universal, permitiendo que todo ser humano, sin excepci\u00f3n alguna, tenga acceso a \u00e9stos, indiferente de su raza, credo, etnia, pa\u00eds y condici\u00f3n sociocultural.<\/p>\n<p style=\"text-align: justify\">Hoy, a m\u00e1s de 60 a\u00f1os desde su proclamaci\u00f3n, estos derechos siguen vigentes. Sin embargo, probablemente nadie se esperaba que en pleno siglo XXI fu\u00e9semos a vivir una situaci\u00f3n sin precedentes en la historia de la humanidad: la restricci\u00f3n de nuestros derechos y libertades constitucionales hasta niveles que nunca hubi\u00e9semos imaginado.<\/p>\n<p style=\"text-align: justify\">En este sentido, la posibilidad de comprender y abordar la situaci\u00f3n actual en Chile sobre nuestros Derechos Humanos no est\u00e1 restringida a una perspectiva \u00fanica, netamente ligada a las ciencias sociales. En vez de aquello, debe existir una mirada transdisciplinaria, fundada desde la vereda de diferentes campos del saber para lograr obtener respuestas tangibles, y eso es justamente lo que este ciclo de charlas busca lograr.<\/p>\n<p style=\"text-align: justify\">Una de las invitadas a este ciclo es Camila Vargas, periodista encargada de Comunicaciones del Observatorio de Infancias y Juventudes de la Regi\u00f3n de Antofagasta, y presidenta de la Agrupaci\u00f3n por la Memoria Hist\u00f3rica Providencia Antofagasta, quien comenta: \u201cMe parece fundamental que organismos como PAR Explora comiencen a realizar ciclos de conversatorios con una visi\u00f3n transdisciplinaria. Lo anterior contribuye a desestigmatizar esta \u00e1rea de investigaci\u00f3n y avanzar en la igual consideraci\u00f3n de todas las perspectivas, tanto cient\u00edficas como sociales que pueden converger en todas las tem\u00e1ticas, en especial en el actual contexto de vulneraciones sistem\u00e1ticas de derechos humanos en el que vivimos.\u201d<\/p>\n<p style=\"text-align: justify\">Siguiendo esta l\u00ednea, el moderador de este ciclo de charlas, Paulo Palma Espinosa, abogado y jefe Regional de INDH regi\u00f3n de Antofagasta, explica la importancia de que una organizaci\u00f3n de divulgaci\u00f3n cient\u00edfica, como Explora Antofagasta, logre concretar una instancia de charlas desde una perspectiva social, ya que se logra validar a las ciencias sociales junto a las ciencias duras, \u201cpermitiendo un restablecimiento de la ciencia social respecto a la ciencia duras\u201d.<\/p>\n<p style=\"text-align: justify\"><img fetchpriority=\"high\" decoding=\"async\" class=\" wp-image-40807 alignleft\" src=\"https:\/\/explora.cl\/antofagasta\/wp-content\/uploads\/sites\/4\/2021\/06\/197106227_10225534842855452_6152495115894714013_n-300x300.jpg\" alt=\"\" width=\"252\" height=\"252\" srcset=\"https:\/\/explora.cl\/antofagasta\/wp-content\/uploads\/sites\/4\/2021\/06\/197106227_10225534842855452_6152495115894714013_n-300x300.jpg 300w, https:\/\/explora.cl\/antofagasta\/wp-content\/uploads\/sites\/4\/2021\/06\/197106227_10225534842855452_6152495115894714013_n-150x150.jpg 150w, https:\/\/explora.cl\/antofagasta\/wp-content\/uploads\/sites\/4\/2021\/06\/197106227_10225534842855452_6152495115894714013_n-768x768.jpg 768w, https:\/\/explora.cl\/antofagasta\/wp-content\/uploads\/sites\/4\/2021\/06\/197106227_10225534842855452_6152495115894714013_n-60x60.jpg 60w, https:\/\/explora.cl\/antofagasta\/wp-content\/uploads\/sites\/4\/2021\/06\/197106227_10225534842855452_6152495115894714013_n.jpg 1009w\" sizes=\"(max-width: 252px) 100vw, 252px\" \/><br \/>\nA su vez, Palma comenta que este ciclo de charlas es \u201cuna iniciativa excelente, en todo sentido, porque es una v\u00eda id\u00f3nea, r\u00e1pida y moderna para llegar a la mayor cantidad de personas posibles a trav\u00e9s de las Redes Sociales, lo cual nos permite, a nosotros como INDH regi\u00f3n de Antofagasta en colaboraci\u00f3n con Explora Antofagasta, dar a conocer, educar y promover la cultura de los derechos humanos, la cual es sumamente importante, ya que a veces es solo un concepto gen\u00e9rico sin que la poblaci\u00f3n entienda a cabalidad la real dimensi\u00f3n y alcance de derechos humanos\u201d.<\/p>\n<p style=\"text-align: justify\">Respecto a la importancia de estos derechos en la ciencia, Palma a\u00f1ade que esta relaci\u00f3n es trascendental, y es que sin estos se pueden dar una serie de violaciones sistem\u00e1ticas a los derechos de las personas tales como: \u201cLa violencia obst\u00e9trica; el no reconocimiento del g\u00e9nero en el trato de la salud p\u00fablica y privada; el derecho al aborto; la prohibici\u00f3n de la mujer en poder decidir sobre su propio cuerpo; o temas como la misma clonaci\u00f3n que trastoca principios \u00e9ticos y morales \u00bfSe puede decir que, bajo el derecho de salvar una vida, se puede clonar un cuerpo entero o un \u00f3rgano? Sin los derechos humanos las ciencias pueden pasar a llevar cualquier norma \u00e9tica afectando de manera directa a nuestras vidas\u201d.<\/p>\n<p style=\"text-align: justify\">El ciclo de charlas comenzar\u00e1 el 16 de julio, y se transmitir\u00e1 en vivo a trav\u00e9s de YouTube y Facebook, los viernes a las 12 PM.<\/p>\n","protected":false},"excerpt":{"rendered":"<p>El segundo ciclo de charlas de Ciencia Abierta realizada por PAR Explora Antofagasta se enmarcar\u00e1 dentro de los Derechos Universales con cuatro charlas realizadas por diferentes figuras locales ligadas al activismo social, y finalizar\u00e1 con un conversatorio que ser\u00e1 transmitido por nuestro Fan Page\u00a0de Facebook y canal de YouTube, instancia en la que los participantes podr\u00e1n realizar sus preguntas y comentarios en vivo.<\/p>\n","protected":false},"author":19,"featured_media":40808,"comment_status":"open","ping_status":"open","sticky":false,"template":"","format":"standard","meta":{"_acf_changed":false,"_exactmetrics_skip_tracking":false,"_exactmetrics_sitenote_active":false,"_exactmetrics_sitenote_note":"","_exactmetrics_sitenote_category":0,"footnotes":"","_links_to":"","_links_to_target":""},"categories":[139,4],"tags":[195,248,334,148,70,107,105,251,100,272,329],"class_list":["post-40806","post","type-post","status-publish","format-standard","has-post-thumbnail","hentry","category-lugar-4","category-noticias","tag-antofagasta","tag-calama","tag-charla","tag-charlas-cientificas","tag-chile","tag-ciencia","tag-educacion","tag-historia","tag-investigacion","tag-parexploraantofagasta","tag-region-de-antofagasta"],"acf":[],"yoast_head":"<!-- This site is optimized with the Yoast SEO plugin v26.9 - https:\/\/yoast.com\/product\/yoast-seo-wordpress\/ -->\n<title>Derechos Humanos en las Ciencias - Antofagasta<\/title>\n<meta name=\"robots\" content=\"index, follow, max-snippet:-1, max-image-preview:large, max-video-preview:-1\" \/>\n<link rel=\"canonical\" href=\"https:\/\/explora.cl\/antofagasta\/derechos-humanos-en-las-ciencias\/\" class=\"yoast-seo-meta-tag\" \/>\n<meta property=\"og:locale\" content=\"es_ES\" class=\"yoast-seo-meta-tag\" \/>\n<meta property=\"og:type\" content=\"article\" class=\"yoast-seo-meta-tag\" \/>\n<meta property=\"og:title\" content=\"Derechos Humanos en las Ciencias - Antofagasta\" class=\"yoast-seo-meta-tag\" \/>\n<meta property=\"og:description\" content=\"El segundo ciclo de charlas de Ciencia Abierta realizada por PAR Explora Antofagasta se enmarcar\u00e1 dentro de los Derechos Universales con cuatro charlas realizadas por diferentes figuras locales ligadas al activismo social, y finalizar\u00e1 con un conversatorio que ser\u00e1 transmitido por nuestro Fan Page\u00a0de Facebook y canal de YouTube, instancia en la que los participantes podr\u00e1n realizar sus preguntas y comentarios en vivo.\" class=\"yoast-seo-meta-tag\" \/>\n<meta property=\"og:url\" content=\"https:\/\/explora.cl\/antofagasta\/derechos-humanos-en-las-ciencias\/\" class=\"yoast-seo-meta-tag\" \/>\n<meta property=\"og:site_name\" content=\"Antofagasta\" class=\"yoast-seo-meta-tag\" \/>\n<meta property=\"article:published_time\" content=\"2021-06-24T20:56:10+00:00\" class=\"yoast-seo-meta-tag\" \/>\n<meta property=\"article:modified_time\" content=\"2021-06-27T18:07:14+00:00\" class=\"yoast-seo-meta-tag\" \/>\n<meta property=\"og:image\" content=\"https:\/\/explora.cl\/antofagasta\/wp-content\/uploads\/sites\/4\/2021\/06\/image-1.png\" class=\"yoast-seo-meta-tag\" \/>\n\t<meta property=\"og:image:width\" content=\"1197\" class=\"yoast-seo-meta-tag\" \/>\n\t<meta property=\"og:image:height\" content=\"647\" class=\"yoast-seo-meta-tag\" \/>\n\t<meta property=\"og:image:type\" content=\"image\/png\" class=\"yoast-seo-meta-tag\" \/>\n<meta name=\"author\" content=\"cgomez\" class=\"yoast-seo-meta-tag\" \/>\n<meta name=\"twitter:card\" content=\"summary_large_image\" class=\"yoast-seo-meta-tag\" \/>\n<meta name=\"twitter:label1\" content=\"Escrito por\" class=\"yoast-seo-meta-tag\" \/>\n\t<meta name=\"twitter:data1\" content=\"cgomez\" class=\"yoast-seo-meta-tag\" \/>\n\t<meta name=\"twitter:label2\" content=\"Tiempo estimado de lectura\" class=\"yoast-seo-meta-tag\" \/>\n\t<meta name=\"twitter:data2\" content=\"4 minutos\" class=\"yoast-seo-meta-tag\" \/>\n<script type=\"application\/ld+json\" class=\"yoast-schema-graph\">{\"@context\":\"https:\/\/schema.org\",\"@graph\":[{\"@type\":\"Article\",\"@id\":\"https:\/\/explora.cl\/antofagasta\/derechos-humanos-en-las-ciencias\/#article\",\"isPartOf\":{\"@id\":\"https:\/\/explora.cl\/antofagasta\/derechos-humanos-en-las-ciencias\/\"},\"author\":{\"name\":\"cgomez\",\"@id\":\"https:\/\/explora.cl\/antofagasta\/#\/schema\/person\/71eda950cf8b3d75ad6c50a4d2179bcd\"},\"headline\":\"Derechos Humanos en las Ciencias\",\"datePublished\":\"2021-06-24T20:56:10+00:00\",\"dateModified\":\"2021-06-27T18:07:14+00:00\",\"mainEntityOfPage\":{\"@id\":\"https:\/\/explora.cl\/antofagasta\/derechos-humanos-en-las-ciencias\/\"},\"wordCount\":761,\"commentCount\":0,\"image\":{\"@id\":\"https:\/\/explora.cl\/antofagasta\/derechos-humanos-en-las-ciencias\/#primaryimage\"},\"thumbnailUrl\":\"https:\/\/explora.cl\/antofagasta\/wp-content\/uploads\/sites\/4\/2021\/06\/image-1.png\",\"keywords\":[\"Antofagasta\",\"Calama\",\"Charla\",\"charlas cient\u00edficas\",\"Chile\",\"ciencia\",\"educaci\u00f3n\",\"Historia\",\"investigaci\u00f3n\",\"PARExploraAntofagasta\",\"Regi\u00f3n de Antofagasta\"],\"articleSection\":[\"Lugar 4\",\"Noticias\"],\"inLanguage\":\"es-CL\",\"potentialAction\":[{\"@type\":\"CommentAction\",\"name\":\"Comment\",\"target\":[\"https:\/\/explora.cl\/antofagasta\/derechos-humanos-en-las-ciencias\/#respond\"]}]},{\"@type\":\"WebPage\",\"@id\":\"https:\/\/explora.cl\/antofagasta\/derechos-humanos-en-las-ciencias\/\",\"url\":\"https:\/\/explora.cl\/antofagasta\/derechos-humanos-en-las-ciencias\/\",\"name\":\"Derechos Humanos en las Ciencias - Antofagasta\",\"isPartOf\":{\"@id\":\"https:\/\/explora.cl\/antofagasta\/#website\"},\"primaryImageOfPage\":{\"@id\":\"https:\/\/explora.cl\/antofagasta\/derechos-humanos-en-las-ciencias\/#primaryimage\"},\"image\":{\"@id\":\"https:\/\/explora.cl\/antofagasta\/derechos-humanos-en-las-ciencias\/#primaryimage\"},\"thumbnailUrl\":\"https:\/\/explora.cl\/antofagasta\/wp-content\/uploads\/sites\/4\/2021\/06\/image-1.png\",\"datePublished\":\"2021-06-24T20:56:10+00:00\",\"dateModified\":\"2021-06-27T18:07:14+00:00\",\"author\":{\"@id\":\"https:\/\/explora.cl\/antofagasta\/#\/schema\/person\/71eda950cf8b3d75ad6c50a4d2179bcd\"},\"breadcrumb\":{\"@id\":\"https:\/\/explora.cl\/antofagasta\/derechos-humanos-en-las-ciencias\/#breadcrumb\"},\"inLanguage\":\"es-CL\",\"potentialAction\":[{\"@type\":\"ReadAction\",\"target\":[\"https:\/\/explora.cl\/antofagasta\/derechos-humanos-en-las-ciencias\/\"]}]},{\"@type\":\"ImageObject\",\"inLanguage\":\"es-CL\",\"@id\":\"https:\/\/explora.cl\/antofagasta\/derechos-humanos-en-las-ciencias\/#primaryimage\",\"url\":\"https:\/\/explora.cl\/antofagasta\/wp-content\/uploads\/sites\/4\/2021\/06\/image-1.png\",\"contentUrl\":\"https:\/\/explora.cl\/antofagasta\/wp-content\/uploads\/sites\/4\/2021\/06\/image-1.png\",\"width\":1197,\"height\":647},{\"@type\":\"BreadcrumbList\",\"@id\":\"https:\/\/explora.cl\/antofagasta\/derechos-humanos-en-las-ciencias\/#breadcrumb\",\"itemListElement\":[{\"@type\":\"ListItem\",\"position\":1,\"name\":\"Portada\",\"item\":\"https:\/\/explora.cl\/antofagasta\/\"},{\"@type\":\"ListItem\",\"position\":2,\"name\":\"Derechos Humanos en las Ciencias\"}]},{\"@type\":\"WebSite\",\"@id\":\"https:\/\/explora.cl\/antofagasta\/#website\",\"url\":\"https:\/\/explora.cl\/antofagasta\/\",\"name\":\"Antofagasta\",\"description\":\"Otro sitio m\u00e1s de explora.cl\",\"potentialAction\":[{\"@type\":\"SearchAction\",\"target\":{\"@type\":\"EntryPoint\",\"urlTemplate\":\"https:\/\/explora.cl\/antofagasta\/?s={search_term_string}\"},\"query-input\":{\"@type\":\"PropertyValueSpecification\",\"valueRequired\":true,\"valueName\":\"search_term_string\"}}],\"inLanguage\":\"es-CL\"},{\"@type\":\"Person\",\"@id\":\"https:\/\/explora.cl\/antofagasta\/#\/schema\/person\/71eda950cf8b3d75ad6c50a4d2179bcd\",\"name\":\"cgomez\",\"image\":{\"@type\":\"ImageObject\",\"inLanguage\":\"es-CL\",\"@id\":\"https:\/\/explora.cl\/antofagasta\/#\/schema\/person\/image\/\",\"url\":\"https:\/\/secure.gravatar.com\/avatar\/0c1e119225e98dd5c5a5a0d26c2bd2448642e86ce4fece294b57037090af5dd6?s=96&d=mm&r=g\",\"contentUrl\":\"https:\/\/secure.gravatar.com\/avatar\/0c1e119225e98dd5c5a5a0d26c2bd2448642e86ce4fece294b57037090af5dd6?s=96&d=mm&r=g\",\"caption\":\"cgomez\"},\"url\":\"https:\/\/explora.cl\/antofagasta\/author\/cgomez\/\"}]}<\/script>\n<!-- \/ Yoast SEO plugin. -->","yoast_head_json":{"title":"Derechos Humanos en las Ciencias - Antofagasta","robots":{"index":"index","follow":"follow","max-snippet":"max-snippet:-1","max-image-preview":"max-image-preview:large","max-video-preview":"max-video-preview:-1"},"canonical":"https:\/\/explora.cl\/antofagasta\/derechos-humanos-en-las-ciencias\/","og_locale":"es_ES","og_type":"article","og_title":"Derechos Humanos en las Ciencias - Antofagasta","og_description":"El segundo ciclo de charlas de Ciencia Abierta realizada por PAR Explora Antofagasta se enmarcar\u00e1 dentro de los Derechos Universales con cuatro charlas realizadas por diferentes figuras locales ligadas al activismo social, y finalizar\u00e1 con un conversatorio que ser\u00e1 transmitido por nuestro Fan Page\u00a0de Facebook y canal de YouTube, instancia en la que los participantes podr\u00e1n realizar sus preguntas y comentarios en vivo.","og_url":"https:\/\/explora.cl\/antofagasta\/derechos-humanos-en-las-ciencias\/","og_site_name":"Antofagasta","article_published_time":"2021-06-24T20:56:10+00:00","article_modified_time":"2021-06-27T18:07:14+00:00","og_image":[{"width":1197,"height":647,"url":"https:\/\/explora.cl\/antofagasta\/wp-content\/uploads\/sites\/4\/2021\/06\/image-1.png","type":"image\/png"}],"author":"cgomez","twitter_card":"summary_large_image","twitter_misc":{"Escrito por":"cgomez","Tiempo estimado de lectura":"4 minutos"},"schema":{"@context":"https:\/\/schema.org","@graph":[{"@type":"Article","@id":"https:\/\/explora.cl\/antofagasta\/derechos-humanos-en-las-ciencias\/#article","isPartOf":{"@id":"https:\/\/explora.cl\/antofagasta\/derechos-humanos-en-las-ciencias\/"},"author":{"name":"cgomez","@id":"https:\/\/explora.cl\/antofagasta\/#\/schema\/person\/71eda950cf8b3d75ad6c50a4d2179bcd"},"headline":"Derechos Humanos en las Ciencias","datePublished":"2021-06-24T20:56:10+00:00","dateModified":"2021-06-27T18:07:14+00:00","mainEntityOfPage":{"@id":"https:\/\/explora.cl\/antofagasta\/derechos-humanos-en-las-ciencias\/"},"wordCount":761,"commentCount":0,"image":{"@id":"https:\/\/explora.cl\/antofagasta\/derechos-humanos-en-las-ciencias\/#primaryimage"},"thumbnailUrl":"https:\/\/explora.cl\/antofagasta\/wp-content\/uploads\/sites\/4\/2021\/06\/image-1.png","keywords":["Antofagasta","Calama","Charla","charlas cient\u00edficas","Chile","ciencia","educaci\u00f3n","Historia","investigaci\u00f3n","PARExploraAntofagasta","Regi\u00f3n de Antofagasta"],"articleSection":["Lugar 4","Noticias"],"inLanguage":"es-CL","potentialAction":[{"@type":"CommentAction","name":"Comment","target":["https:\/\/explora.cl\/antofagasta\/derechos-humanos-en-las-ciencias\/#respond"]}]},{"@type":"WebPage","@id":"https:\/\/explora.cl\/antofagasta\/derechos-humanos-en-las-ciencias\/","url":"https:\/\/explora.cl\/antofagasta\/derechos-humanos-en-las-ciencias\/","name":"Derechos Humanos en las Ciencias - Antofagasta","isPartOf":{"@id":"https:\/\/explora.cl\/antofagasta\/#website"},"primaryImageOfPage":{"@id":"https:\/\/explora.cl\/antofagasta\/derechos-humanos-en-las-ciencias\/#primaryimage"},"image":{"@id":"https:\/\/explora.cl\/antofagasta\/derechos-humanos-en-las-ciencias\/#primaryimage"},"thumbnailUrl":"https:\/\/explora.cl\/antofagasta\/wp-content\/uploads\/sites\/4\/2021\/06\/image-1.png","datePublished":"2021-06-24T20:56:10+00:00","dateModified":"2021-06-27T18:07:14+00:00","author":{"@id":"https:\/\/explora.cl\/antofagasta\/#\/schema\/person\/71eda950cf8b3d75ad6c50a4d2179bcd"},"breadcrumb":{"@id":"https:\/\/explora.cl\/antofagasta\/derechos-humanos-en-las-ciencias\/#breadcrumb"},"inLanguage":"es-CL","potentialAction":[{"@type":"ReadAction","target":["https:\/\/explora.cl\/antofagasta\/derechos-humanos-en-las-ciencias\/"]}]},{"@type":"ImageObject","inLanguage":"es-CL","@id":"https:\/\/explora.cl\/antofagasta\/derechos-humanos-en-las-ciencias\/#primaryimage","url":"https:\/\/explora.cl\/antofagasta\/wp-content\/uploads\/sites\/4\/2021\/06\/image-1.png","contentUrl":"https:\/\/explora.cl\/antofagasta\/wp-content\/uploads\/sites\/4\/2021\/06\/image-1.png","width":1197,"height":647},{"@type":"BreadcrumbList","@id":"https:\/\/explora.cl\/antofagasta\/derechos-humanos-en-las-ciencias\/#breadcrumb","itemListElement":[{"@type":"ListItem","position":1,"name":"Portada","item":"https:\/\/explora.cl\/antofagasta\/"},{"@type":"ListItem","position":2,"name":"Derechos Humanos en las Ciencias"}]},{"@type":"WebSite","@id":"https:\/\/explora.cl\/antofagasta\/#website","url":"https:\/\/explora.cl\/antofagasta\/","name":"Antofagasta","description":"Otro sitio m\u00e1s de explora.cl","potentialAction":[{"@type":"SearchAction","target":{"@type":"EntryPoint","urlTemplate":"https:\/\/explora.cl\/antofagasta\/?s={search_term_string}"},"query-input":{"@type":"PropertyValueSpecification","valueRequired":true,"valueName":"search_term_string"}}],"inLanguage":"es-CL"},{"@type":"Person","@id":"https:\/\/explora.cl\/antofagasta\/#\/schema\/person\/71eda950cf8b3d75ad6c50a4d2179bcd","name":"cgomez","image":{"@type":"ImageObject","inLanguage":"es-CL","@id":"https:\/\/explora.cl\/antofagasta\/#\/schema\/person\/image\/","url":"https:\/\/secure.gravatar.com\/avatar\/0c1e119225e98dd5c5a5a0d26c2bd2448642e86ce4fece294b57037090af5dd6?s=96&d=mm&r=g","contentUrl":"https:\/\/secure.gravatar.com\/avatar\/0c1e119225e98dd5c5a5a0d26c2bd2448642e86ce4fece294b57037090af5dd6?s=96&d=mm&r=g","caption":"cgomez"},"url":"https:\/\/explora.cl\/antofagasta\/author\/cgomez\/"}]}},"_links":{"self":[{"href":"https:\/\/explora.cl\/antofagasta\/wp-json\/wp\/v2\/posts\/40806","targetHints":{"allow":["GET"]}}],"collection":[{"href":"https:\/\/explora.cl\/antofagasta\/wp-json\/wp\/v2\/posts"}],"about":[{"href":"https:\/\/explora.cl\/antofagasta\/wp-json\/wp\/v2\/types\/post"}],"author":[{"embeddable":true,"href":"https:\/\/explora.cl\/antofagasta\/wp-json\/wp\/v2\/users\/19"}],"replies":[{"embeddable":true,"href":"https:\/\/explora.cl\/antofagasta\/wp-json\/wp\/v2\/comments?post=40806"}],"version-history":[{"count":6,"href":"https:\/\/explora.cl\/antofagasta\/wp-json\/wp\/v2\/posts\/40806\/revisions"}],"predecessor-version":[{"id":40814,"href":"https:\/\/explora.cl\/antofagasta\/wp-json\/wp\/v2\/posts\/40806\/revisions\/40814"}],"wp:featuredmedia":[{"embeddable":true,"href":"https:\/\/explora.cl\/antofagasta\/wp-json\/wp\/v2\/media\/40808"}],"wp:attachment":[{"href":"https:\/\/explora.cl\/antofagasta\/wp-json\/wp\/v2\/media?parent=40806"}],"wp:term":[{"taxonomy":"category","embeddable":true,"href":"https:\/\/explora.cl\/antofagasta\/wp-json\/wp\/v2\/categories?post=40806"},{"taxonomy":"post_tag","embeddable":true,"href":"https:\/\/explora.cl\/antofagasta\/wp-json\/wp\/v2\/tags?post=40806"}],"curies":[{"name":"wp","href":"https:\/\/api.w.org\/{rel}","templated":true}]}}