{"id":40794,"date":"2021-06-16T13:09:41","date_gmt":"2021-06-16T17:09:41","guid":{"rendered":"https:\/\/explora.cl\/antofagasta\/?p=40794"},"modified":"2021-06-16T13:09:41","modified_gmt":"2021-06-16T17:09:41","slug":"profesionales-de-la-primera-infancia-se-introducen-en-el-mundo-de-la-ciencia","status":"publish","type":"post","link":"https:\/\/explora.cl\/antofagasta\/profesionales-de-la-primera-infancia-se-introducen-en-el-mundo-de-la-ciencia\/","title":{"rendered":"Profesionales de la primera infancia se introducen en el mundo de la ciencia"},"content":{"rendered":"<p style=\"text-align: justify\"><span style=\"color: #008000\"><em>Educadoras y asistentes de educaci\u00f3n parvularia de la segunda regi\u00f3n, comenzaron a capacitarse gracias al Programa de Ciencia y Tecnolog\u00eda para Primeras Edades PIPE 2021, del PAR Explora Antofagasta.<\/em><\/span><\/p>\n<p style=\"text-align: justify\">El pasado 14 de junio, Explora Regi\u00f3n Antofagasta dio inicio a un nuevo ciclo del programa PIPE, que tiene como objetivo desarrollar en ni\u00f1os y ni\u00f1as las competencias necesarias para que conozcan y comprendan el mundo que los rodea, mediante el fortalecimiento de las competencias cient\u00edficas de los equipos pedag\u00f3gicos de Educaci\u00f3n Parvularia.<\/p>\n<p style=\"text-align: justify\">En el primer encuentro de este proceso formativo, las educadoras y asistentes de p\u00e1rvulos recibieron los lineamientos del PIPE 2021, interactuaron con colegas de las tres provincias de la Regi\u00f3n de Antofagasta y en base a sus experiencias, expectativas y necesidades, trabajaron la jornada en salas virtuales mediante la plataforma Zoom.<\/p>\n<p style=\"text-align: justify\">La t\u00e9cnico en educaci\u00f3n parvularia del Jard\u00edn Sue\u00f1itos de colores de Calama, M\u00f3nica \u00c1lvarez, es una de las participantes de esta iniciativa, quien se\u00f1al\u00f3 que &#8221;lo que m\u00e1s me interesa es poder obtener una base cient\u00edfica para yo transmit\u00edrsela a los ni\u00f1os y ni\u00f1as, me motiva tener m\u00e1s conocimientos. Hace poco comenc\u00e9 mi vida laboral en jardines y hay muchas cosas que no conozco y en PIPE podr\u00e9 aprender m\u00e1s, tanto para trabajar con los ni\u00f1os, como tambi\u00e9n con mi equipo educativo&#8221;.<\/p>\n<p style=\"text-align: justify\">\u2018\u2019Los tiempos son complejos, pero las participantes han asumido muchas responsabilidades a desarrollar, felicito el compromiso y el entusiasmo de poder comprometerse en adquirir nuevas herramientas para favorecer la ciencia en nuestros ni\u00f1os y ni\u00f1as. Ojal\u00e1 que cuando tengamos el retorno presencial a clases, se puedan llevar a cabo todas las actividades de este valioso programa\u2019\u2019 expres\u00f3 la Subdirectora de Educaci\u00f3n Parvularia, Daniela Torres.<\/p>\n<p style=\"text-align: justify\">Explora Regi\u00f3n Antofagasta es un proyecto asociativo del Ministerio de Ciencia, Tecnolog\u00eda, Conocimiento e Innovaci\u00f3n, ejecutado por la Universidad Cat\u00f3lica del Norte, que durante el mes de junio estar\u00e1 ejecutando PIPE 2021, en el cual participar\u00e1n 70 educadores\/as y asistentes de p\u00e1rvulos provenientes de 20 establecimientos educativos las tres provincias de la Regi\u00f3n de Antofagasta.<\/p>\n<p>&nbsp;<\/p>\n<p><a href=\"https:\/\/www.youtube.com\/watch?v=0hK4EtWAXl0&amp;ab_channel=PARExploraAntofagasta\">https:\/\/www.youtube.com\/watch?v=0hK4EtWAXl0&amp;ab_channel=PARExploraAntofagasta<\/a><\/p>\n","protected":false},"excerpt":{"rendered":"<p>Educadoras y asistentes de educaci\u00f3n parvularia de la segunda regi\u00f3n, comenzaron a capacitarse gracias al Programa de Ciencia y Tecnolog\u00eda para Primeras Edades PIPE 2021, del PAR Explora Antofagasta.<\/p>\n","protected":false},"author":19,"featured_media":40795,"comment_status":"open","ping_status":"open","sticky":false,"template":"","format":"standard","meta":{"_acf_changed":false,"_exactmetrics_skip_tracking":false,"_exactmetrics_sitenote_active":false,"_exactmetrics_sitenote_note":"","_exactmetrics_sitenote_category":0,"footnotes":"","_links_to":"","_links_to_target":""},"categories":[139,4],"tags":[248,148,70,107,262,105,343,203,272,329],"class_list":["post-40794","post","type-post","status-publish","format-standard","has-post-thumbnail","hentry","category-lugar-4","category-noticias","tag-calama","tag-charlas-cientificas","tag-chile","tag-ciencia","tag-comunidad-escolar","tag-educacion","tag-educadoras","tag-estudiantes","tag-parexploraantofagasta","tag-region-de-antofagasta"],"acf":[],"yoast_head":"<!-- This site is optimized with the Yoast SEO plugin v26.9 - https:\/\/yoast.com\/product\/yoast-seo-wordpress\/ -->\n<title>Profesionales de la primera infancia se introducen en el mundo de la ciencia - Antofagasta<\/title>\n<meta name=\"robots\" content=\"index, follow, max-snippet:-1, max-image-preview:large, max-video-preview:-1\" \/>\n<link rel=\"canonical\" href=\"https:\/\/explora.cl\/antofagasta\/profesionales-de-la-primera-infancia-se-introducen-en-el-mundo-de-la-ciencia\/\" class=\"yoast-seo-meta-tag\" \/>\n<meta property=\"og:locale\" content=\"es_ES\" class=\"yoast-seo-meta-tag\" \/>\n<meta property=\"og:type\" content=\"article\" class=\"yoast-seo-meta-tag\" \/>\n<meta property=\"og:title\" content=\"Profesionales de la primera infancia se introducen en el mundo de la ciencia - Antofagasta\" class=\"yoast-seo-meta-tag\" \/>\n<meta property=\"og:description\" content=\"Educadoras y asistentes de educaci\u00f3n parvularia de la segunda regi\u00f3n, comenzaron a capacitarse gracias al Programa de Ciencia y Tecnolog\u00eda para Primeras Edades PIPE 2021, del PAR Explora Antofagasta.\" class=\"yoast-seo-meta-tag\" \/>\n<meta property=\"og:url\" content=\"https:\/\/explora.cl\/antofagasta\/profesionales-de-la-primera-infancia-se-introducen-en-el-mundo-de-la-ciencia\/\" class=\"yoast-seo-meta-tag\" \/>\n<meta property=\"og:site_name\" content=\"Antofagasta\" class=\"yoast-seo-meta-tag\" \/>\n<meta property=\"article:published_time\" content=\"2021-06-16T17:09:41+00:00\" class=\"yoast-seo-meta-tag\" \/>\n<meta property=\"og:image\" content=\"https:\/\/explora.cl\/antofagasta\/wp-content\/uploads\/sites\/4\/2021\/06\/202436424_4025846647523189_4822060829741565907_n.png\" class=\"yoast-seo-meta-tag\" \/>\n\t<meta property=\"og:image:width\" content=\"1920\" class=\"yoast-seo-meta-tag\" \/>\n\t<meta property=\"og:image:height\" content=\"1080\" class=\"yoast-seo-meta-tag\" \/>\n\t<meta property=\"og:image:type\" content=\"image\/png\" class=\"yoast-seo-meta-tag\" \/>\n<meta name=\"author\" content=\"cgomez\" class=\"yoast-seo-meta-tag\" \/>\n<meta name=\"twitter:card\" content=\"summary_large_image\" class=\"yoast-seo-meta-tag\" \/>\n<meta name=\"twitter:label1\" content=\"Escrito por\" class=\"yoast-seo-meta-tag\" \/>\n\t<meta name=\"twitter:data1\" content=\"cgomez\" class=\"yoast-seo-meta-tag\" \/>\n\t<meta name=\"twitter:label2\" content=\"Tiempo estimado de lectura\" class=\"yoast-seo-meta-tag\" \/>\n\t<meta name=\"twitter:data2\" content=\"2 minutos\" class=\"yoast-seo-meta-tag\" \/>\n<script type=\"application\/ld+json\" class=\"yoast-schema-graph\">{\"@context\":\"https:\/\/schema.org\",\"@graph\":[{\"@type\":\"Article\",\"@id\":\"https:\/\/explora.cl\/antofagasta\/profesionales-de-la-primera-infancia-se-introducen-en-el-mundo-de-la-ciencia\/#article\",\"isPartOf\":{\"@id\":\"https:\/\/explora.cl\/antofagasta\/profesionales-de-la-primera-infancia-se-introducen-en-el-mundo-de-la-ciencia\/\"},\"author\":{\"name\":\"cgomez\",\"@id\":\"https:\/\/explora.cl\/antofagasta\/#\/schema\/person\/71eda950cf8b3d75ad6c50a4d2179bcd\"},\"headline\":\"Profesionales de la primera infancia se introducen en el mundo de la ciencia\",\"datePublished\":\"2021-06-16T17:09:41+00:00\",\"mainEntityOfPage\":{\"@id\":\"https:\/\/explora.cl\/antofagasta\/profesionales-de-la-primera-infancia-se-introducen-en-el-mundo-de-la-ciencia\/\"},\"wordCount\":391,\"commentCount\":0,\"image\":{\"@id\":\"https:\/\/explora.cl\/antofagasta\/profesionales-de-la-primera-infancia-se-introducen-en-el-mundo-de-la-ciencia\/#primaryimage\"},\"thumbnailUrl\":\"https:\/\/explora.cl\/antofagasta\/wp-content\/uploads\/sites\/4\/2021\/06\/202436424_4025846647523189_4822060829741565907_n.png\",\"keywords\":[\"Calama\",\"charlas cient\u00edficas\",\"Chile\",\"ciencia\",\"Comunidad Escolar\",\"educaci\u00f3n\",\"Educadoras\",\"Estudiantes\",\"PARExploraAntofagasta\",\"Regi\u00f3n de Antofagasta\"],\"articleSection\":[\"Lugar 4\",\"Noticias\"],\"inLanguage\":\"es-CL\",\"potentialAction\":[{\"@type\":\"CommentAction\",\"name\":\"Comment\",\"target\":[\"https:\/\/explora.cl\/antofagasta\/profesionales-de-la-primera-infancia-se-introducen-en-el-mundo-de-la-ciencia\/#respond\"]}]},{\"@type\":\"WebPage\",\"@id\":\"https:\/\/explora.cl\/antofagasta\/profesionales-de-la-primera-infancia-se-introducen-en-el-mundo-de-la-ciencia\/\",\"url\":\"https:\/\/explora.cl\/antofagasta\/profesionales-de-la-primera-infancia-se-introducen-en-el-mundo-de-la-ciencia\/\",\"name\":\"Profesionales de la primera infancia se introducen en el mundo de la ciencia - Antofagasta\",\"isPartOf\":{\"@id\":\"https:\/\/explora.cl\/antofagasta\/#website\"},\"primaryImageOfPage\":{\"@id\":\"https:\/\/explora.cl\/antofagasta\/profesionales-de-la-primera-infancia-se-introducen-en-el-mundo-de-la-ciencia\/#primaryimage\"},\"image\":{\"@id\":\"https:\/\/explora.cl\/antofagasta\/profesionales-de-la-primera-infancia-se-introducen-en-el-mundo-de-la-ciencia\/#primaryimage\"},\"thumbnailUrl\":\"https:\/\/explora.cl\/antofagasta\/wp-content\/uploads\/sites\/4\/2021\/06\/202436424_4025846647523189_4822060829741565907_n.png\",\"datePublished\":\"2021-06-16T17:09:41+00:00\",\"author\":{\"@id\":\"https:\/\/explora.cl\/antofagasta\/#\/schema\/person\/71eda950cf8b3d75ad6c50a4d2179bcd\"},\"breadcrumb\":{\"@id\":\"https:\/\/explora.cl\/antofagasta\/profesionales-de-la-primera-infancia-se-introducen-en-el-mundo-de-la-ciencia\/#breadcrumb\"},\"inLanguage\":\"es-CL\",\"potentialAction\":[{\"@type\":\"ReadAction\",\"target\":[\"https:\/\/explora.cl\/antofagasta\/profesionales-de-la-primera-infancia-se-introducen-en-el-mundo-de-la-ciencia\/\"]}]},{\"@type\":\"ImageObject\",\"inLanguage\":\"es-CL\",\"@id\":\"https:\/\/explora.cl\/antofagasta\/profesionales-de-la-primera-infancia-se-introducen-en-el-mundo-de-la-ciencia\/#primaryimage\",\"url\":\"https:\/\/explora.cl\/antofagasta\/wp-content\/uploads\/sites\/4\/2021\/06\/202436424_4025846647523189_4822060829741565907_n.png\",\"contentUrl\":\"https:\/\/explora.cl\/antofagasta\/wp-content\/uploads\/sites\/4\/2021\/06\/202436424_4025846647523189_4822060829741565907_n.png\",\"width\":1920,\"height\":1080},{\"@type\":\"BreadcrumbList\",\"@id\":\"https:\/\/explora.cl\/antofagasta\/profesionales-de-la-primera-infancia-se-introducen-en-el-mundo-de-la-ciencia\/#breadcrumb\",\"itemListElement\":[{\"@type\":\"ListItem\",\"position\":1,\"name\":\"Portada\",\"item\":\"https:\/\/explora.cl\/antofagasta\/\"},{\"@type\":\"ListItem\",\"position\":2,\"name\":\"Profesionales de la primera infancia se introducen en el mundo de la ciencia\"}]},{\"@type\":\"WebSite\",\"@id\":\"https:\/\/explora.cl\/antofagasta\/#website\",\"url\":\"https:\/\/explora.cl\/antofagasta\/\",\"name\":\"Antofagasta\",\"description\":\"Otro sitio m\u00e1s de explora.cl\",\"potentialAction\":[{\"@type\":\"SearchAction\",\"target\":{\"@type\":\"EntryPoint\",\"urlTemplate\":\"https:\/\/explora.cl\/antofagasta\/?s={search_term_string}\"},\"query-input\":{\"@type\":\"PropertyValueSpecification\",\"valueRequired\":true,\"valueName\":\"search_term_string\"}}],\"inLanguage\":\"es-CL\"},{\"@type\":\"Person\",\"@id\":\"https:\/\/explora.cl\/antofagasta\/#\/schema\/person\/71eda950cf8b3d75ad6c50a4d2179bcd\",\"name\":\"cgomez\",\"image\":{\"@type\":\"ImageObject\",\"inLanguage\":\"es-CL\",\"@id\":\"https:\/\/explora.cl\/antofagasta\/#\/schema\/person\/image\/\",\"url\":\"https:\/\/secure.gravatar.com\/avatar\/0c1e119225e98dd5c5a5a0d26c2bd2448642e86ce4fece294b57037090af5dd6?s=96&d=mm&r=g\",\"contentUrl\":\"https:\/\/secure.gravatar.com\/avatar\/0c1e119225e98dd5c5a5a0d26c2bd2448642e86ce4fece294b57037090af5dd6?s=96&d=mm&r=g\",\"caption\":\"cgomez\"},\"url\":\"https:\/\/explora.cl\/antofagasta\/author\/cgomez\/\"}]}<\/script>\n<!-- \/ Yoast SEO plugin. -->","yoast_head_json":{"title":"Profesionales de la primera infancia se introducen en el mundo de la ciencia - Antofagasta","robots":{"index":"index","follow":"follow","max-snippet":"max-snippet:-1","max-image-preview":"max-image-preview:large","max-video-preview":"max-video-preview:-1"},"canonical":"https:\/\/explora.cl\/antofagasta\/profesionales-de-la-primera-infancia-se-introducen-en-el-mundo-de-la-ciencia\/","og_locale":"es_ES","og_type":"article","og_title":"Profesionales de la primera infancia se introducen en el mundo de la ciencia - Antofagasta","og_description":"Educadoras y asistentes de educaci\u00f3n parvularia de la segunda regi\u00f3n, comenzaron a capacitarse gracias al Programa de Ciencia y Tecnolog\u00eda para Primeras Edades PIPE 2021, del PAR Explora Antofagasta.","og_url":"https:\/\/explora.cl\/antofagasta\/profesionales-de-la-primera-infancia-se-introducen-en-el-mundo-de-la-ciencia\/","og_site_name":"Antofagasta","article_published_time":"2021-06-16T17:09:41+00:00","og_image":[{"width":1920,"height":1080,"url":"https:\/\/explora.cl\/antofagasta\/wp-content\/uploads\/sites\/4\/2021\/06\/202436424_4025846647523189_4822060829741565907_n.png","type":"image\/png"}],"author":"cgomez","twitter_card":"summary_large_image","twitter_misc":{"Escrito por":"cgomez","Tiempo estimado de lectura":"2 minutos"},"schema":{"@context":"https:\/\/schema.org","@graph":[{"@type":"Article","@id":"https:\/\/explora.cl\/antofagasta\/profesionales-de-la-primera-infancia-se-introducen-en-el-mundo-de-la-ciencia\/#article","isPartOf":{"@id":"https:\/\/explora.cl\/antofagasta\/profesionales-de-la-primera-infancia-se-introducen-en-el-mundo-de-la-ciencia\/"},"author":{"name":"cgomez","@id":"https:\/\/explora.cl\/antofagasta\/#\/schema\/person\/71eda950cf8b3d75ad6c50a4d2179bcd"},"headline":"Profesionales de la primera infancia se introducen en el mundo de la ciencia","datePublished":"2021-06-16T17:09:41+00:00","mainEntityOfPage":{"@id":"https:\/\/explora.cl\/antofagasta\/profesionales-de-la-primera-infancia-se-introducen-en-el-mundo-de-la-ciencia\/"},"wordCount":391,"commentCount":0,"image":{"@id":"https:\/\/explora.cl\/antofagasta\/profesionales-de-la-primera-infancia-se-introducen-en-el-mundo-de-la-ciencia\/#primaryimage"},"thumbnailUrl":"https:\/\/explora.cl\/antofagasta\/wp-content\/uploads\/sites\/4\/2021\/06\/202436424_4025846647523189_4822060829741565907_n.png","keywords":["Calama","charlas cient\u00edficas","Chile","ciencia","Comunidad Escolar","educaci\u00f3n","Educadoras","Estudiantes","PARExploraAntofagasta","Regi\u00f3n de Antofagasta"],"articleSection":["Lugar 4","Noticias"],"inLanguage":"es-CL","potentialAction":[{"@type":"CommentAction","name":"Comment","target":["https:\/\/explora.cl\/antofagasta\/profesionales-de-la-primera-infancia-se-introducen-en-el-mundo-de-la-ciencia\/#respond"]}]},{"@type":"WebPage","@id":"https:\/\/explora.cl\/antofagasta\/profesionales-de-la-primera-infancia-se-introducen-en-el-mundo-de-la-ciencia\/","url":"https:\/\/explora.cl\/antofagasta\/profesionales-de-la-primera-infancia-se-introducen-en-el-mundo-de-la-ciencia\/","name":"Profesionales de la primera infancia se introducen en el mundo de la ciencia - Antofagasta","isPartOf":{"@id":"https:\/\/explora.cl\/antofagasta\/#website"},"primaryImageOfPage":{"@id":"https:\/\/explora.cl\/antofagasta\/profesionales-de-la-primera-infancia-se-introducen-en-el-mundo-de-la-ciencia\/#primaryimage"},"image":{"@id":"https:\/\/explora.cl\/antofagasta\/profesionales-de-la-primera-infancia-se-introducen-en-el-mundo-de-la-ciencia\/#primaryimage"},"thumbnailUrl":"https:\/\/explora.cl\/antofagasta\/wp-content\/uploads\/sites\/4\/2021\/06\/202436424_4025846647523189_4822060829741565907_n.png","datePublished":"2021-06-16T17:09:41+00:00","author":{"@id":"https:\/\/explora.cl\/antofagasta\/#\/schema\/person\/71eda950cf8b3d75ad6c50a4d2179bcd"},"breadcrumb":{"@id":"https:\/\/explora.cl\/antofagasta\/profesionales-de-la-primera-infancia-se-introducen-en-el-mundo-de-la-ciencia\/#breadcrumb"},"inLanguage":"es-CL","potentialAction":[{"@type":"ReadAction","target":["https:\/\/explora.cl\/antofagasta\/profesionales-de-la-primera-infancia-se-introducen-en-el-mundo-de-la-ciencia\/"]}]},{"@type":"ImageObject","inLanguage":"es-CL","@id":"https:\/\/explora.cl\/antofagasta\/profesionales-de-la-primera-infancia-se-introducen-en-el-mundo-de-la-ciencia\/#primaryimage","url":"https:\/\/explora.cl\/antofagasta\/wp-content\/uploads\/sites\/4\/2021\/06\/202436424_4025846647523189_4822060829741565907_n.png","contentUrl":"https:\/\/explora.cl\/antofagasta\/wp-content\/uploads\/sites\/4\/2021\/06\/202436424_4025846647523189_4822060829741565907_n.png","width":1920,"height":1080},{"@type":"BreadcrumbList","@id":"https:\/\/explora.cl\/antofagasta\/profesionales-de-la-primera-infancia-se-introducen-en-el-mundo-de-la-ciencia\/#breadcrumb","itemListElement":[{"@type":"ListItem","position":1,"name":"Portada","item":"https:\/\/explora.cl\/antofagasta\/"},{"@type":"ListItem","position":2,"name":"Profesionales de la primera infancia se introducen en el mundo de la ciencia"}]},{"@type":"WebSite","@id":"https:\/\/explora.cl\/antofagasta\/#website","url":"https:\/\/explora.cl\/antofagasta\/","name":"Antofagasta","description":"Otro sitio m\u00e1s de explora.cl","potentialAction":[{"@type":"SearchAction","target":{"@type":"EntryPoint","urlTemplate":"https:\/\/explora.cl\/antofagasta\/?s={search_term_string}"},"query-input":{"@type":"PropertyValueSpecification","valueRequired":true,"valueName":"search_term_string"}}],"inLanguage":"es-CL"},{"@type":"Person","@id":"https:\/\/explora.cl\/antofagasta\/#\/schema\/person\/71eda950cf8b3d75ad6c50a4d2179bcd","name":"cgomez","image":{"@type":"ImageObject","inLanguage":"es-CL","@id":"https:\/\/explora.cl\/antofagasta\/#\/schema\/person\/image\/","url":"https:\/\/secure.gravatar.com\/avatar\/0c1e119225e98dd5c5a5a0d26c2bd2448642e86ce4fece294b57037090af5dd6?s=96&d=mm&r=g","contentUrl":"https:\/\/secure.gravatar.com\/avatar\/0c1e119225e98dd5c5a5a0d26c2bd2448642e86ce4fece294b57037090af5dd6?s=96&d=mm&r=g","caption":"cgomez"},"url":"https:\/\/explora.cl\/antofagasta\/author\/cgomez\/"}]}},"_links":{"self":[{"href":"https:\/\/explora.cl\/antofagasta\/wp-json\/wp\/v2\/posts\/40794","targetHints":{"allow":["GET"]}}],"collection":[{"href":"https:\/\/explora.cl\/antofagasta\/wp-json\/wp\/v2\/posts"}],"about":[{"href":"https:\/\/explora.cl\/antofagasta\/wp-json\/wp\/v2\/types\/post"}],"author":[{"embeddable":true,"href":"https:\/\/explora.cl\/antofagasta\/wp-json\/wp\/v2\/users\/19"}],"replies":[{"embeddable":true,"href":"https:\/\/explora.cl\/antofagasta\/wp-json\/wp\/v2\/comments?post=40794"}],"version-history":[{"count":2,"href":"https:\/\/explora.cl\/antofagasta\/wp-json\/wp\/v2\/posts\/40794\/revisions"}],"predecessor-version":[{"id":40797,"href":"https:\/\/explora.cl\/antofagasta\/wp-json\/wp\/v2\/posts\/40794\/revisions\/40797"}],"wp:featuredmedia":[{"embeddable":true,"href":"https:\/\/explora.cl\/antofagasta\/wp-json\/wp\/v2\/media\/40795"}],"wp:attachment":[{"href":"https:\/\/explora.cl\/antofagasta\/wp-json\/wp\/v2\/media?parent=40794"}],"wp:term":[{"taxonomy":"category","embeddable":true,"href":"https:\/\/explora.cl\/antofagasta\/wp-json\/wp\/v2\/categories?post=40794"},{"taxonomy":"post_tag","embeddable":true,"href":"https:\/\/explora.cl\/antofagasta\/wp-json\/wp\/v2\/tags?post=40794"}],"curies":[{"name":"wp","href":"https:\/\/api.w.org\/{rel}","templated":true}]}}