{"id":38356,"date":"2015-11-17T15:46:58","date_gmt":"2015-11-17T15:46:58","guid":{"rendered":"https:\/\/explora.cl\/antofagasta\/blog\/2015\/11\/17\/pocos-dias-para-el-xvi-congreso-nacional-escolar-de-ciencia-y-tecnologia\/"},"modified":"2019-05-16T03:19:48","modified_gmt":"2019-05-16T03:19:48","slug":"pocos-dias-para-el-xvi-congreso-nacional-escolar-de-ciencia-y-tecnologia","status":"publish","type":"post","link":"https:\/\/explora.cl\/antofagasta\/pocos-dias-para-el-xvi-congreso-nacional-escolar-de-ciencia-y-tecnologia\/","title":{"rendered":"Pocos d\u00edas para el XVI Congreso Nacional Escolar de Ciencia y Tecnolog\u00eda"},"content":{"rendered":"<p>El pr\u00f3ximo <strong>24, 25 y 26 de noviembre<\/strong> los dos equipos ganadores del XII Congreso Regional Escolar de Ciencia y Tecnolog\u00eda de la Regi\u00f3n de Antofagasta, viajar\u00e1n hasta <strong>Valpara\u00edso<\/strong> para participar del XVI Congreso Nacional que congregar\u00e1 a cientos de ni\u00f1os y j\u00f3venes de quinto a tercero medio. <\/p>\n<p>Durante tres d\u00edas las estudiantes del <strong>Colegio Ingl\u00e9s San Jos\u00e9, Neda Lagos y Alanis Gonz\u00e1lez,<\/strong> ganadoras de la categor\u00eda de educaci\u00f3n b\u00e1sica, presentar\u00e1n el trabajo &#8220;Efectos de aguas de distintas fuentes de germinaci\u00f3n y crecimiento de plantas&#8221;, guiado por su profesora Norma Cruz.&nbsp;Mientras que <strong>Daniela Rojas y Mayte Cornejo del The Giant School<\/strong>, lo har\u00e1n en la categor\u00eda de educaci\u00f3n media con el trabajo &#8220;El sonido, otra forma de estudiar las estrellas&#8221;, el que fue preparado junto a su profesor Ra\u00fal M\u00fa\u00f1oz.<\/p>\n<p>En el encuentro habr\u00e1 desde un piano que suena gracias a la acidez de las frutas, hasta secadores de le\u00f1a o dispositivos para alertar un sismo. Proyectos que reflejan la&nbsp;realidad propia de las zonas de cada uno de los participantes, permitiendo abordar problem\u00e1ticas locales como la sequ\u00eda, la optimizaci\u00f3n de la energ\u00eda y el agua, la contaminaci\u00f3n ambiental y en otros casos el rescate de la memoria hist\u00f3rica o el potenciar recursos naturales.&nbsp;<\/p>\n<p>En este sentido, Natalia Mackenzie, Directora (s) Programa Explora CONICYT, reconoce la pasi\u00f3n con que las y los estudiantes defienden su inter\u00e9s por el mundo de la ciencia y la tecnolog\u00eda. &#8220;En esta instancia final los futuros cient\u00edficos de Chile podr\u00e1n ver su esfuerzo convertido en valiosos resultados gracias a la entrega, la curiosidad intelectual y el esfuerzo depositado en la ilusi\u00f3n del quehacer cient\u00edfico, contagiando este esp\u00edritu hacia la comunidad&#8221;, expres\u00f3.<\/p>\n<p>Durante el evento, los participantes podr\u00e1n compartir sus experiencias, participar en talleres grupales, realizar recorridos patrimoniales, entre otras actividades, lo que convierte el Congreso en una instancia para facilitar el intercambio cultural de nuevas ideas, proyectos e historias que los llevaron a volcar su mirada hacia la ciencia.<\/p>\n<p>M\u00e9xico, Per\u00fa y Argentina tambi\u00e9n estar\u00e1n presentes en esta jornada hist\u00f3rica que coincide con la celebraci\u00f3n de los 20 a\u00f1os que cumple el Programa Explora CONICYT. Adem\u00e1s de vivenciar una experiencia \u00fanica, las y los participantes del Congreso tendr\u00e1n la oportunidad de interactuar con mujeres y hombres de ciencia provenientes de los m\u00e1s diversos \u00e1mbitos del conocimiento, tal como el Premio Nacional de Ciencias Exactas 2015, el astr\u00f3nomo Mario Hamuy.<\/p>\n<p>Escrito por Claudia C\u00e1ceres con informaci\u00f3n de Explora CONICYT.<\/p><\/p>\n","protected":false},"excerpt":{"rendered":"<p>El pr\u00f3ximo 24, 25 y 26 de noviembre los dos equipos ganadores del XII Congreso Regional Escolar de Ciencia y Tecnolog\u00eda de la Regi\u00f3n de Antofagasta, viajar\u00e1n hasta Valpara\u00edso para participar del XVI Congreso Nacional que congregar\u00e1 a cientos de ni\u00f1os y j\u00f3venes de quinto a tercero medio. Durante tres d\u00edas las estudiantes del Colegio [&hellip;]<\/p>\n","protected":false},"author":2,"featured_media":0,"comment_status":"closed","ping_status":"open","sticky":false,"template":"","format":"standard","meta":{"_acf_changed":false,"_exactmetrics_skip_tracking":false,"_exactmetrics_sitenote_active":false,"_exactmetrics_sitenote_note":"","_exactmetrics_sitenote_category":0,"footnotes":"","_links_to":"","_links_to_target":""},"categories":[4],"tags":[],"class_list":["post-38356","post","type-post","status-publish","format-standard","hentry","category-noticias"],"acf":[],"yoast_head":"<!-- This site is optimized with the Yoast SEO plugin v26.9 - https:\/\/yoast.com\/product\/yoast-seo-wordpress\/ -->\n<title>Pocos d\u00edas para el XVI Congreso Nacional Escolar de Ciencia y Tecnolog\u00eda - Antofagasta<\/title>\n<meta name=\"robots\" content=\"index, follow, max-snippet:-1, max-image-preview:large, max-video-preview:-1\" \/>\n<link rel=\"canonical\" href=\"https:\/\/explora.cl\/antofagasta\/pocos-dias-para-el-xvi-congreso-nacional-escolar-de-ciencia-y-tecnologia\/\" class=\"yoast-seo-meta-tag\" \/>\n<meta property=\"og:locale\" content=\"es_ES\" class=\"yoast-seo-meta-tag\" \/>\n<meta property=\"og:type\" content=\"article\" class=\"yoast-seo-meta-tag\" \/>\n<meta property=\"og:title\" content=\"Pocos d\u00edas para el XVI Congreso Nacional Escolar de Ciencia y Tecnolog\u00eda - Antofagasta\" class=\"yoast-seo-meta-tag\" \/>\n<meta property=\"og:description\" content=\"El pr\u00f3ximo 24, 25 y 26 de noviembre los dos equipos ganadores del XII Congreso Regional Escolar de Ciencia y Tecnolog\u00eda de la Regi\u00f3n de Antofagasta, viajar\u00e1n hasta Valpara\u00edso para participar del XVI Congreso Nacional que congregar\u00e1 a cientos de ni\u00f1os y j\u00f3venes de quinto a tercero medio. Durante tres d\u00edas las estudiantes del Colegio [&hellip;]\" class=\"yoast-seo-meta-tag\" \/>\n<meta property=\"og:url\" content=\"https:\/\/explora.cl\/antofagasta\/pocos-dias-para-el-xvi-congreso-nacional-escolar-de-ciencia-y-tecnologia\/\" class=\"yoast-seo-meta-tag\" \/>\n<meta property=\"og:site_name\" content=\"Antofagasta\" class=\"yoast-seo-meta-tag\" \/>\n<meta property=\"article:published_time\" content=\"2015-11-17T15:46:58+00:00\" class=\"yoast-seo-meta-tag\" \/>\n<meta property=\"article:modified_time\" content=\"2019-05-16T03:19:48+00:00\" class=\"yoast-seo-meta-tag\" \/>\n<meta name=\"author\" content=\"webman\" class=\"yoast-seo-meta-tag\" \/>\n<meta name=\"twitter:card\" content=\"summary_large_image\" class=\"yoast-seo-meta-tag\" \/>\n<meta name=\"twitter:label1\" content=\"Escrito por\" class=\"yoast-seo-meta-tag\" \/>\n\t<meta name=\"twitter:data1\" content=\"webman\" class=\"yoast-seo-meta-tag\" \/>\n\t<meta name=\"twitter:label2\" content=\"Tiempo estimado de lectura\" class=\"yoast-seo-meta-tag\" \/>\n\t<meta name=\"twitter:data2\" content=\"2 minutos\" class=\"yoast-seo-meta-tag\" \/>\n<script type=\"application\/ld+json\" class=\"yoast-schema-graph\">{\"@context\":\"https:\/\/schema.org\",\"@graph\":[{\"@type\":\"Article\",\"@id\":\"https:\/\/explora.cl\/antofagasta\/pocos-dias-para-el-xvi-congreso-nacional-escolar-de-ciencia-y-tecnologia\/#article\",\"isPartOf\":{\"@id\":\"https:\/\/explora.cl\/antofagasta\/pocos-dias-para-el-xvi-congreso-nacional-escolar-de-ciencia-y-tecnologia\/\"},\"author\":{\"name\":\"webman\",\"@id\":\"https:\/\/explora.cl\/antofagasta\/#\/schema\/person\/cb8349c13ea2d324080adf8480d7ba5d\"},\"headline\":\"Pocos d\u00edas para el XVI Congreso Nacional Escolar de Ciencia y Tecnolog\u00eda\",\"datePublished\":\"2015-11-17T15:46:58+00:00\",\"dateModified\":\"2019-05-16T03:19:48+00:00\",\"mainEntityOfPage\":{\"@id\":\"https:\/\/explora.cl\/antofagasta\/pocos-dias-para-el-xvi-congreso-nacional-escolar-de-ciencia-y-tecnologia\/\"},\"wordCount\":464,\"articleSection\":[\"Noticias\"],\"inLanguage\":\"es-CL\"},{\"@type\":\"WebPage\",\"@id\":\"https:\/\/explora.cl\/antofagasta\/pocos-dias-para-el-xvi-congreso-nacional-escolar-de-ciencia-y-tecnologia\/\",\"url\":\"https:\/\/explora.cl\/antofagasta\/pocos-dias-para-el-xvi-congreso-nacional-escolar-de-ciencia-y-tecnologia\/\",\"name\":\"Pocos d\u00edas para el XVI Congreso Nacional Escolar de Ciencia y Tecnolog\u00eda - Antofagasta\",\"isPartOf\":{\"@id\":\"https:\/\/explora.cl\/antofagasta\/#website\"},\"datePublished\":\"2015-11-17T15:46:58+00:00\",\"dateModified\":\"2019-05-16T03:19:48+00:00\",\"author\":{\"@id\":\"https:\/\/explora.cl\/antofagasta\/#\/schema\/person\/cb8349c13ea2d324080adf8480d7ba5d\"},\"breadcrumb\":{\"@id\":\"https:\/\/explora.cl\/antofagasta\/pocos-dias-para-el-xvi-congreso-nacional-escolar-de-ciencia-y-tecnologia\/#breadcrumb\"},\"inLanguage\":\"es-CL\",\"potentialAction\":[{\"@type\":\"ReadAction\",\"target\":[\"https:\/\/explora.cl\/antofagasta\/pocos-dias-para-el-xvi-congreso-nacional-escolar-de-ciencia-y-tecnologia\/\"]}]},{\"@type\":\"BreadcrumbList\",\"@id\":\"https:\/\/explora.cl\/antofagasta\/pocos-dias-para-el-xvi-congreso-nacional-escolar-de-ciencia-y-tecnologia\/#breadcrumb\",\"itemListElement\":[{\"@type\":\"ListItem\",\"position\":1,\"name\":\"Portada\",\"item\":\"https:\/\/explora.cl\/antofagasta\/\"},{\"@type\":\"ListItem\",\"position\":2,\"name\":\"Pocos d\u00edas para el XVI Congreso Nacional Escolar de Ciencia y Tecnolog\u00eda\"}]},{\"@type\":\"WebSite\",\"@id\":\"https:\/\/explora.cl\/antofagasta\/#website\",\"url\":\"https:\/\/explora.cl\/antofagasta\/\",\"name\":\"Antofagasta\",\"description\":\"Otro sitio m\u00e1s de explora.cl\",\"potentialAction\":[{\"@type\":\"SearchAction\",\"target\":{\"@type\":\"EntryPoint\",\"urlTemplate\":\"https:\/\/explora.cl\/antofagasta\/?s={search_term_string}\"},\"query-input\":{\"@type\":\"PropertyValueSpecification\",\"valueRequired\":true,\"valueName\":\"search_term_string\"}}],\"inLanguage\":\"es-CL\"},{\"@type\":\"Person\",\"@id\":\"https:\/\/explora.cl\/antofagasta\/#\/schema\/person\/cb8349c13ea2d324080adf8480d7ba5d\",\"name\":\"webman\",\"image\":{\"@type\":\"ImageObject\",\"inLanguage\":\"es-CL\",\"@id\":\"https:\/\/explora.cl\/antofagasta\/#\/schema\/person\/image\/\",\"url\":\"https:\/\/secure.gravatar.com\/avatar\/eeff3c82f2c02f7177d13663b7e6f890e9a6a0647ce9bb29cae02dcb094c7312?s=96&d=mm&r=g\",\"contentUrl\":\"https:\/\/secure.gravatar.com\/avatar\/eeff3c82f2c02f7177d13663b7e6f890e9a6a0647ce9bb29cae02dcb094c7312?s=96&d=mm&r=g\",\"caption\":\"webman\"},\"url\":\"https:\/\/explora.cl\/antofagasta\/author\/webman\/\"}]}<\/script>\n<!-- \/ Yoast SEO plugin. -->","yoast_head_json":{"title":"Pocos d\u00edas para el XVI Congreso Nacional Escolar de Ciencia y Tecnolog\u00eda - Antofagasta","robots":{"index":"index","follow":"follow","max-snippet":"max-snippet:-1","max-image-preview":"max-image-preview:large","max-video-preview":"max-video-preview:-1"},"canonical":"https:\/\/explora.cl\/antofagasta\/pocos-dias-para-el-xvi-congreso-nacional-escolar-de-ciencia-y-tecnologia\/","og_locale":"es_ES","og_type":"article","og_title":"Pocos d\u00edas para el XVI Congreso Nacional Escolar de Ciencia y Tecnolog\u00eda - Antofagasta","og_description":"El pr\u00f3ximo 24, 25 y 26 de noviembre los dos equipos ganadores del XII Congreso Regional Escolar de Ciencia y Tecnolog\u00eda de la Regi\u00f3n de Antofagasta, viajar\u00e1n hasta Valpara\u00edso para participar del XVI Congreso Nacional que congregar\u00e1 a cientos de ni\u00f1os y j\u00f3venes de quinto a tercero medio. Durante tres d\u00edas las estudiantes del Colegio [&hellip;]","og_url":"https:\/\/explora.cl\/antofagasta\/pocos-dias-para-el-xvi-congreso-nacional-escolar-de-ciencia-y-tecnologia\/","og_site_name":"Antofagasta","article_published_time":"2015-11-17T15:46:58+00:00","article_modified_time":"2019-05-16T03:19:48+00:00","author":"webman","twitter_card":"summary_large_image","twitter_misc":{"Escrito por":"webman","Tiempo estimado de lectura":"2 minutos"},"schema":{"@context":"https:\/\/schema.org","@graph":[{"@type":"Article","@id":"https:\/\/explora.cl\/antofagasta\/pocos-dias-para-el-xvi-congreso-nacional-escolar-de-ciencia-y-tecnologia\/#article","isPartOf":{"@id":"https:\/\/explora.cl\/antofagasta\/pocos-dias-para-el-xvi-congreso-nacional-escolar-de-ciencia-y-tecnologia\/"},"author":{"name":"webman","@id":"https:\/\/explora.cl\/antofagasta\/#\/schema\/person\/cb8349c13ea2d324080adf8480d7ba5d"},"headline":"Pocos d\u00edas para el XVI Congreso Nacional Escolar de Ciencia y Tecnolog\u00eda","datePublished":"2015-11-17T15:46:58+00:00","dateModified":"2019-05-16T03:19:48+00:00","mainEntityOfPage":{"@id":"https:\/\/explora.cl\/antofagasta\/pocos-dias-para-el-xvi-congreso-nacional-escolar-de-ciencia-y-tecnologia\/"},"wordCount":464,"articleSection":["Noticias"],"inLanguage":"es-CL"},{"@type":"WebPage","@id":"https:\/\/explora.cl\/antofagasta\/pocos-dias-para-el-xvi-congreso-nacional-escolar-de-ciencia-y-tecnologia\/","url":"https:\/\/explora.cl\/antofagasta\/pocos-dias-para-el-xvi-congreso-nacional-escolar-de-ciencia-y-tecnologia\/","name":"Pocos d\u00edas para el XVI Congreso Nacional Escolar de Ciencia y Tecnolog\u00eda - Antofagasta","isPartOf":{"@id":"https:\/\/explora.cl\/antofagasta\/#website"},"datePublished":"2015-11-17T15:46:58+00:00","dateModified":"2019-05-16T03:19:48+00:00","author":{"@id":"https:\/\/explora.cl\/antofagasta\/#\/schema\/person\/cb8349c13ea2d324080adf8480d7ba5d"},"breadcrumb":{"@id":"https:\/\/explora.cl\/antofagasta\/pocos-dias-para-el-xvi-congreso-nacional-escolar-de-ciencia-y-tecnologia\/#breadcrumb"},"inLanguage":"es-CL","potentialAction":[{"@type":"ReadAction","target":["https:\/\/explora.cl\/antofagasta\/pocos-dias-para-el-xvi-congreso-nacional-escolar-de-ciencia-y-tecnologia\/"]}]},{"@type":"BreadcrumbList","@id":"https:\/\/explora.cl\/antofagasta\/pocos-dias-para-el-xvi-congreso-nacional-escolar-de-ciencia-y-tecnologia\/#breadcrumb","itemListElement":[{"@type":"ListItem","position":1,"name":"Portada","item":"https:\/\/explora.cl\/antofagasta\/"},{"@type":"ListItem","position":2,"name":"Pocos d\u00edas para el XVI Congreso Nacional Escolar de Ciencia y Tecnolog\u00eda"}]},{"@type":"WebSite","@id":"https:\/\/explora.cl\/antofagasta\/#website","url":"https:\/\/explora.cl\/antofagasta\/","name":"Antofagasta","description":"Otro sitio m\u00e1s de explora.cl","potentialAction":[{"@type":"SearchAction","target":{"@type":"EntryPoint","urlTemplate":"https:\/\/explora.cl\/antofagasta\/?s={search_term_string}"},"query-input":{"@type":"PropertyValueSpecification","valueRequired":true,"valueName":"search_term_string"}}],"inLanguage":"es-CL"},{"@type":"Person","@id":"https:\/\/explora.cl\/antofagasta\/#\/schema\/person\/cb8349c13ea2d324080adf8480d7ba5d","name":"webman","image":{"@type":"ImageObject","inLanguage":"es-CL","@id":"https:\/\/explora.cl\/antofagasta\/#\/schema\/person\/image\/","url":"https:\/\/secure.gravatar.com\/avatar\/eeff3c82f2c02f7177d13663b7e6f890e9a6a0647ce9bb29cae02dcb094c7312?s=96&d=mm&r=g","contentUrl":"https:\/\/secure.gravatar.com\/avatar\/eeff3c82f2c02f7177d13663b7e6f890e9a6a0647ce9bb29cae02dcb094c7312?s=96&d=mm&r=g","caption":"webman"},"url":"https:\/\/explora.cl\/antofagasta\/author\/webman\/"}]}},"_links":{"self":[{"href":"https:\/\/explora.cl\/antofagasta\/wp-json\/wp\/v2\/posts\/38356","targetHints":{"allow":["GET"]}}],"collection":[{"href":"https:\/\/explora.cl\/antofagasta\/wp-json\/wp\/v2\/posts"}],"about":[{"href":"https:\/\/explora.cl\/antofagasta\/wp-json\/wp\/v2\/types\/post"}],"author":[{"embeddable":true,"href":"https:\/\/explora.cl\/antofagasta\/wp-json\/wp\/v2\/users\/2"}],"replies":[{"embeddable":true,"href":"https:\/\/explora.cl\/antofagasta\/wp-json\/wp\/v2\/comments?post=38356"}],"version-history":[{"count":1,"href":"https:\/\/explora.cl\/antofagasta\/wp-json\/wp\/v2\/posts\/38356\/revisions"}],"predecessor-version":[{"id":38673,"href":"https:\/\/explora.cl\/antofagasta\/wp-json\/wp\/v2\/posts\/38356\/revisions\/38673"}],"wp:attachment":[{"href":"https:\/\/explora.cl\/antofagasta\/wp-json\/wp\/v2\/media?parent=38356"}],"wp:term":[{"taxonomy":"category","embeddable":true,"href":"https:\/\/explora.cl\/antofagasta\/wp-json\/wp\/v2\/categories?post=38356"},{"taxonomy":"post_tag","embeddable":true,"href":"https:\/\/explora.cl\/antofagasta\/wp-json\/wp\/v2\/tags?post=38356"}],"curies":[{"name":"wp","href":"https:\/\/api.w.org\/{rel}","templated":true}]}}