{"id":38346,"date":"2015-10-06T19:55:20","date_gmt":"2015-10-06T19:55:20","guid":{"rendered":"https:\/\/explora.cl\/antofagasta\/blog\/2015\/10\/06\/pasacalle-inauguro-la-xxi-semana-nacional-de-la-ciencia-y-la-tecnologia\/"},"modified":"2019-05-16T03:19:58","modified_gmt":"2019-05-16T03:19:58","slug":"pasacalle-inauguro-la-xxi-semana-nacional-de-la-ciencia-y-la-tecnologia","status":"publish","type":"post","link":"https:\/\/explora.cl\/antofagasta\/pasacalle-inauguro-la-xxi-semana-nacional-de-la-ciencia-y-la-tecnologia\/","title":{"rendered":"Pasacalle inaugur\u00f3 la XXI Semana Nacional de la Ciencia y la Tecnolog\u00eda"},"content":{"rendered":"<p><img fetchpriority=\"high\" decoding=\"async\" class=\" size-full wp-image-15439\" src=\"https:\/\/explora.cl\/wp-content\/uploads\/2015\/10\/e1f1c305f8a371c6d77e5d0a4751349c.jpg\" alt=\"\" width=\"4223\" height=\"2815\" \/><\/p>\n<p>Con el &#8220;Pasacalle 2015 Conocer Ilumina&#8221; se dio inicio a la XXI Semana Nacional de la Ciencia y la Tecnolog\u00eda, iniciativa que emana el Programa EXPLORA CONICYT y que en la Regi\u00f3n de Antofagasta es organizada y ejecutada por el PAR EXPLORA Antofagasta y la Universidad de Antofagasta. <\/p>\n<p>En la fiesta urbana participaron los estudiantes del Jard\u00edn Infantil del Liceo Experimental Art\u00edstico, Escuela D-73 Rep\u00fablica de Estados Unidos, Colegio Santa Emilia, Escuela Javiera Carrera, el Liceo Mario Bahamonde, el Liceo B-13 Domingo Herrera y el Lecya, quienes llegaron hasta el Ferrocarril de Antofagasta con disfraces y ornamentaci\u00f3n alusiva a la tem\u00e1tica anual &#8220;Conocer Ilumina&#8221;, que tiene como protagonista a la luz.<\/p>\n<p>Los ni\u00f1os, ni\u00f1as, j\u00f3venes, profesores y equipo del PAR EXPLORA Antofagasta, recorrieron el centro de la ciudad al ritmo de la batucada de la Casa Cultural La Escuela, dando a conocer las propiedades de la luz, la luz natural y artificial, para luego llegar hasta la intersecci\u00f3n de las calles Prat con Matta, en donde se mont\u00f3 la obra &#8220;Luz de vida&#8221; preparada por el taller universitario del Teatro Pedro de la Barra, dirigido por el destacado actor y profesor, Ra\u00fal Rocco.<\/p>\n<p>Sobre la actividad inaugural la directora del PAR EXPLORA Antofagasta, Gladys Hayashida, coment\u00f3 que &#8220;estamos muy contentos por la participaci\u00f3n de la comunidad educativa en esta fiesta urbana que dio a conocer, a trav\u00e9s de los disfraces y de la ornamentaci\u00f3n, las propiedades de la luz, la luz natural y la artificial. Agradecemos al Gobierno Regional y a Carabineros de Chile que nos permitieron recorrer las calles de la ciudad, como tambi\u00e9n a todos los participantes ya que con bastante alegr\u00eda y entusiasmo mostraron que la ciencia est\u00e1 en todas partes&#8221;.<\/p>\n<p>En la actividad tambi\u00e9n estuvo presente el seremi de Educaci\u00f3n, Juan Carlos Vega, quien manifest\u00f3 que &#8220;siempre es importante que los ni\u00f1os de todas las edades tengan un acercamiento a la ciencia y a la tecnolog\u00eda, y por lo tanto tambi\u00e9n al desarrollo de la regi\u00f3n. Con esto le damos un realce al desarrollo intelectual de los estudiantes para una mayor comprensi\u00f3n de nuestro mundo&#8221;.<\/p>\n<p>Por su parte el vicerrector de la Universidad de Antofagasta, Hern\u00e1n Sagua, expres\u00f3 que &#8220;para nuestra casa de estudios \u2013 instituci\u00f3n patrocinadora del PAR EXPLORA Antofagasta \u2013 es muy importante que los j\u00f3venes demuestren que las ciencias son importantes no solo para la regi\u00f3n, sino que para el futuro de nuestro pa\u00eds. Valoramos la XXI Semana Nacional de la Ciencia y la Tecnolog\u00eda e invitamos a que la comunidad se haga parte de \u00e9sta&#8221;.<\/p>\n<p>Finalmente el representante del Ferrocarril de Antofagasta, Gustavo Herrera, coment\u00f3 que &#8220;queremos que los j\u00f3venes sigan pas\u00e1ndola bien en esta Semana de la Ciencia, por lo que como Ferrocarril les facilitamos nuestras instalaciones para la actividad de hoy. Somos colaboradores del PAR EXPLORA Antofagasta en este mes de celebraciones, por lo que esperamos que los ni\u00f1os y ni\u00f1as sigan mostrando a la ciudadan\u00eda que las ciencias son relevantes para el desarrollo de Chile y que la hagan parte de ellos&#8221;.<\/p>\n<p>Escrito por Claudia C\u00e1ceres.<\/p><\/p>\n","protected":false},"excerpt":{"rendered":"<p>Con el &#8220;Pasacalle 2015 Conocer Ilumina&#8221; se dio inicio a la XXI Semana Nacional de la Ciencia y la Tecnolog\u00eda, iniciativa que emana el Programa EXPLORA CONICYT y que en la Regi\u00f3n de Antofagasta es organizada y ejecutada por el PAR EXPLORA Antofagasta y la Universidad de Antofagasta. En la fiesta urbana participaron los estudiantes [&hellip;]<\/p>\n","protected":false},"author":2,"featured_media":15439,"comment_status":"closed","ping_status":"open","sticky":false,"template":"","format":"standard","meta":{"_acf_changed":false,"_exactmetrics_skip_tracking":false,"_exactmetrics_sitenote_active":false,"_exactmetrics_sitenote_note":"","_exactmetrics_sitenote_category":0,"footnotes":"","_links_to":"","_links_to_target":""},"categories":[4],"tags":[],"class_list":["post-38346","post","type-post","status-publish","format-standard","has-post-thumbnail","hentry","category-noticias"],"acf":[],"yoast_head":"<!-- This site is optimized with the Yoast SEO plugin v26.9 - https:\/\/yoast.com\/product\/yoast-seo-wordpress\/ -->\n<title>Pasacalle inaugur\u00f3 la XXI Semana Nacional de la Ciencia y la Tecnolog\u00eda - Antofagasta<\/title>\n<meta name=\"robots\" content=\"index, follow, max-snippet:-1, max-image-preview:large, max-video-preview:-1\" \/>\n<link rel=\"canonical\" href=\"https:\/\/explora.cl\/antofagasta\/pasacalle-inauguro-la-xxi-semana-nacional-de-la-ciencia-y-la-tecnologia\/\" class=\"yoast-seo-meta-tag\" \/>\n<meta property=\"og:locale\" content=\"es_ES\" class=\"yoast-seo-meta-tag\" \/>\n<meta property=\"og:type\" content=\"article\" class=\"yoast-seo-meta-tag\" \/>\n<meta property=\"og:title\" content=\"Pasacalle inaugur\u00f3 la XXI Semana Nacional de la Ciencia y la Tecnolog\u00eda - Antofagasta\" class=\"yoast-seo-meta-tag\" \/>\n<meta property=\"og:description\" content=\"Con el &#8220;Pasacalle 2015 Conocer Ilumina&#8221; se dio inicio a la XXI Semana Nacional de la Ciencia y la Tecnolog\u00eda, iniciativa que emana el Programa EXPLORA CONICYT y que en la Regi\u00f3n de Antofagasta es organizada y ejecutada por el PAR EXPLORA Antofagasta y la Universidad de Antofagasta. En la fiesta urbana participaron los estudiantes [&hellip;]\" class=\"yoast-seo-meta-tag\" \/>\n<meta property=\"og:url\" content=\"https:\/\/explora.cl\/antofagasta\/pasacalle-inauguro-la-xxi-semana-nacional-de-la-ciencia-y-la-tecnologia\/\" class=\"yoast-seo-meta-tag\" \/>\n<meta property=\"og:site_name\" content=\"Antofagasta\" class=\"yoast-seo-meta-tag\" \/>\n<meta property=\"article:published_time\" content=\"2015-10-06T19:55:20+00:00\" class=\"yoast-seo-meta-tag\" \/>\n<meta property=\"article:modified_time\" content=\"2019-05-16T03:19:58+00:00\" class=\"yoast-seo-meta-tag\" \/>\n<meta name=\"author\" content=\"webman\" class=\"yoast-seo-meta-tag\" \/>\n<meta name=\"twitter:card\" content=\"summary_large_image\" class=\"yoast-seo-meta-tag\" \/>\n<meta name=\"twitter:label1\" content=\"Escrito por\" class=\"yoast-seo-meta-tag\" \/>\n\t<meta name=\"twitter:data1\" content=\"webman\" class=\"yoast-seo-meta-tag\" \/>\n\t<meta name=\"twitter:label2\" content=\"Tiempo estimado de lectura\" class=\"yoast-seo-meta-tag\" \/>\n\t<meta name=\"twitter:data2\" content=\"3 minutos\" class=\"yoast-seo-meta-tag\" \/>\n<script type=\"application\/ld+json\" class=\"yoast-schema-graph\">{\"@context\":\"https:\/\/schema.org\",\"@graph\":[{\"@type\":\"Article\",\"@id\":\"https:\/\/explora.cl\/antofagasta\/pasacalle-inauguro-la-xxi-semana-nacional-de-la-ciencia-y-la-tecnologia\/#article\",\"isPartOf\":{\"@id\":\"https:\/\/explora.cl\/antofagasta\/pasacalle-inauguro-la-xxi-semana-nacional-de-la-ciencia-y-la-tecnologia\/\"},\"author\":{\"name\":\"webman\",\"@id\":\"https:\/\/explora.cl\/antofagasta\/#\/schema\/person\/cb8349c13ea2d324080adf8480d7ba5d\"},\"headline\":\"Pasacalle inaugur\u00f3 la XXI Semana Nacional de la Ciencia y la Tecnolog\u00eda\",\"datePublished\":\"2015-10-06T19:55:20+00:00\",\"dateModified\":\"2019-05-16T03:19:58+00:00\",\"mainEntityOfPage\":{\"@id\":\"https:\/\/explora.cl\/antofagasta\/pasacalle-inauguro-la-xxi-semana-nacional-de-la-ciencia-y-la-tecnologia\/\"},\"wordCount\":553,\"image\":{\"@id\":\"https:\/\/explora.cl\/antofagasta\/pasacalle-inauguro-la-xxi-semana-nacional-de-la-ciencia-y-la-tecnologia\/#primaryimage\"},\"thumbnailUrl\":\"\",\"articleSection\":[\"Noticias\"],\"inLanguage\":\"es-CL\"},{\"@type\":\"WebPage\",\"@id\":\"https:\/\/explora.cl\/antofagasta\/pasacalle-inauguro-la-xxi-semana-nacional-de-la-ciencia-y-la-tecnologia\/\",\"url\":\"https:\/\/explora.cl\/antofagasta\/pasacalle-inauguro-la-xxi-semana-nacional-de-la-ciencia-y-la-tecnologia\/\",\"name\":\"Pasacalle inaugur\u00f3 la XXI Semana Nacional de la Ciencia y la Tecnolog\u00eda - Antofagasta\",\"isPartOf\":{\"@id\":\"https:\/\/explora.cl\/antofagasta\/#website\"},\"primaryImageOfPage\":{\"@id\":\"https:\/\/explora.cl\/antofagasta\/pasacalle-inauguro-la-xxi-semana-nacional-de-la-ciencia-y-la-tecnologia\/#primaryimage\"},\"image\":{\"@id\":\"https:\/\/explora.cl\/antofagasta\/pasacalle-inauguro-la-xxi-semana-nacional-de-la-ciencia-y-la-tecnologia\/#primaryimage\"},\"thumbnailUrl\":\"\",\"datePublished\":\"2015-10-06T19:55:20+00:00\",\"dateModified\":\"2019-05-16T03:19:58+00:00\",\"author\":{\"@id\":\"https:\/\/explora.cl\/antofagasta\/#\/schema\/person\/cb8349c13ea2d324080adf8480d7ba5d\"},\"breadcrumb\":{\"@id\":\"https:\/\/explora.cl\/antofagasta\/pasacalle-inauguro-la-xxi-semana-nacional-de-la-ciencia-y-la-tecnologia\/#breadcrumb\"},\"inLanguage\":\"es-CL\",\"potentialAction\":[{\"@type\":\"ReadAction\",\"target\":[\"https:\/\/explora.cl\/antofagasta\/pasacalle-inauguro-la-xxi-semana-nacional-de-la-ciencia-y-la-tecnologia\/\"]}]},{\"@type\":\"ImageObject\",\"inLanguage\":\"es-CL\",\"@id\":\"https:\/\/explora.cl\/antofagasta\/pasacalle-inauguro-la-xxi-semana-nacional-de-la-ciencia-y-la-tecnologia\/#primaryimage\",\"url\":\"\",\"contentUrl\":\"\"},{\"@type\":\"BreadcrumbList\",\"@id\":\"https:\/\/explora.cl\/antofagasta\/pasacalle-inauguro-la-xxi-semana-nacional-de-la-ciencia-y-la-tecnologia\/#breadcrumb\",\"itemListElement\":[{\"@type\":\"ListItem\",\"position\":1,\"name\":\"Portada\",\"item\":\"https:\/\/explora.cl\/antofagasta\/\"},{\"@type\":\"ListItem\",\"position\":2,\"name\":\"Pasacalle inaugur\u00f3 la XXI Semana Nacional de la Ciencia y la Tecnolog\u00eda\"}]},{\"@type\":\"WebSite\",\"@id\":\"https:\/\/explora.cl\/antofagasta\/#website\",\"url\":\"https:\/\/explora.cl\/antofagasta\/\",\"name\":\"Antofagasta\",\"description\":\"Otro sitio m\u00e1s de explora.cl\",\"potentialAction\":[{\"@type\":\"SearchAction\",\"target\":{\"@type\":\"EntryPoint\",\"urlTemplate\":\"https:\/\/explora.cl\/antofagasta\/?s={search_term_string}\"},\"query-input\":{\"@type\":\"PropertyValueSpecification\",\"valueRequired\":true,\"valueName\":\"search_term_string\"}}],\"inLanguage\":\"es-CL\"},{\"@type\":\"Person\",\"@id\":\"https:\/\/explora.cl\/antofagasta\/#\/schema\/person\/cb8349c13ea2d324080adf8480d7ba5d\",\"name\":\"webman\",\"image\":{\"@type\":\"ImageObject\",\"inLanguage\":\"es-CL\",\"@id\":\"https:\/\/explora.cl\/antofagasta\/#\/schema\/person\/image\/\",\"url\":\"https:\/\/secure.gravatar.com\/avatar\/eeff3c82f2c02f7177d13663b7e6f890e9a6a0647ce9bb29cae02dcb094c7312?s=96&d=mm&r=g\",\"contentUrl\":\"https:\/\/secure.gravatar.com\/avatar\/eeff3c82f2c02f7177d13663b7e6f890e9a6a0647ce9bb29cae02dcb094c7312?s=96&d=mm&r=g\",\"caption\":\"webman\"},\"url\":\"https:\/\/explora.cl\/antofagasta\/author\/webman\/\"}]}<\/script>\n<!-- \/ Yoast SEO plugin. -->","yoast_head_json":{"title":"Pasacalle inaugur\u00f3 la XXI Semana Nacional de la Ciencia y la Tecnolog\u00eda - Antofagasta","robots":{"index":"index","follow":"follow","max-snippet":"max-snippet:-1","max-image-preview":"max-image-preview:large","max-video-preview":"max-video-preview:-1"},"canonical":"https:\/\/explora.cl\/antofagasta\/pasacalle-inauguro-la-xxi-semana-nacional-de-la-ciencia-y-la-tecnologia\/","og_locale":"es_ES","og_type":"article","og_title":"Pasacalle inaugur\u00f3 la XXI Semana Nacional de la Ciencia y la Tecnolog\u00eda - Antofagasta","og_description":"Con el &#8220;Pasacalle 2015 Conocer Ilumina&#8221; se dio inicio a la XXI Semana Nacional de la Ciencia y la Tecnolog\u00eda, iniciativa que emana el Programa EXPLORA CONICYT y que en la Regi\u00f3n de Antofagasta es organizada y ejecutada por el PAR EXPLORA Antofagasta y la Universidad de Antofagasta. En la fiesta urbana participaron los estudiantes [&hellip;]","og_url":"https:\/\/explora.cl\/antofagasta\/pasacalle-inauguro-la-xxi-semana-nacional-de-la-ciencia-y-la-tecnologia\/","og_site_name":"Antofagasta","article_published_time":"2015-10-06T19:55:20+00:00","article_modified_time":"2019-05-16T03:19:58+00:00","author":"webman","twitter_card":"summary_large_image","twitter_misc":{"Escrito por":"webman","Tiempo estimado de lectura":"3 minutos"},"schema":{"@context":"https:\/\/schema.org","@graph":[{"@type":"Article","@id":"https:\/\/explora.cl\/antofagasta\/pasacalle-inauguro-la-xxi-semana-nacional-de-la-ciencia-y-la-tecnologia\/#article","isPartOf":{"@id":"https:\/\/explora.cl\/antofagasta\/pasacalle-inauguro-la-xxi-semana-nacional-de-la-ciencia-y-la-tecnologia\/"},"author":{"name":"webman","@id":"https:\/\/explora.cl\/antofagasta\/#\/schema\/person\/cb8349c13ea2d324080adf8480d7ba5d"},"headline":"Pasacalle inaugur\u00f3 la XXI Semana Nacional de la Ciencia y la Tecnolog\u00eda","datePublished":"2015-10-06T19:55:20+00:00","dateModified":"2019-05-16T03:19:58+00:00","mainEntityOfPage":{"@id":"https:\/\/explora.cl\/antofagasta\/pasacalle-inauguro-la-xxi-semana-nacional-de-la-ciencia-y-la-tecnologia\/"},"wordCount":553,"image":{"@id":"https:\/\/explora.cl\/antofagasta\/pasacalle-inauguro-la-xxi-semana-nacional-de-la-ciencia-y-la-tecnologia\/#primaryimage"},"thumbnailUrl":"","articleSection":["Noticias"],"inLanguage":"es-CL"},{"@type":"WebPage","@id":"https:\/\/explora.cl\/antofagasta\/pasacalle-inauguro-la-xxi-semana-nacional-de-la-ciencia-y-la-tecnologia\/","url":"https:\/\/explora.cl\/antofagasta\/pasacalle-inauguro-la-xxi-semana-nacional-de-la-ciencia-y-la-tecnologia\/","name":"Pasacalle inaugur\u00f3 la XXI Semana Nacional de la Ciencia y la Tecnolog\u00eda - Antofagasta","isPartOf":{"@id":"https:\/\/explora.cl\/antofagasta\/#website"},"primaryImageOfPage":{"@id":"https:\/\/explora.cl\/antofagasta\/pasacalle-inauguro-la-xxi-semana-nacional-de-la-ciencia-y-la-tecnologia\/#primaryimage"},"image":{"@id":"https:\/\/explora.cl\/antofagasta\/pasacalle-inauguro-la-xxi-semana-nacional-de-la-ciencia-y-la-tecnologia\/#primaryimage"},"thumbnailUrl":"","datePublished":"2015-10-06T19:55:20+00:00","dateModified":"2019-05-16T03:19:58+00:00","author":{"@id":"https:\/\/explora.cl\/antofagasta\/#\/schema\/person\/cb8349c13ea2d324080adf8480d7ba5d"},"breadcrumb":{"@id":"https:\/\/explora.cl\/antofagasta\/pasacalle-inauguro-la-xxi-semana-nacional-de-la-ciencia-y-la-tecnologia\/#breadcrumb"},"inLanguage":"es-CL","potentialAction":[{"@type":"ReadAction","target":["https:\/\/explora.cl\/antofagasta\/pasacalle-inauguro-la-xxi-semana-nacional-de-la-ciencia-y-la-tecnologia\/"]}]},{"@type":"ImageObject","inLanguage":"es-CL","@id":"https:\/\/explora.cl\/antofagasta\/pasacalle-inauguro-la-xxi-semana-nacional-de-la-ciencia-y-la-tecnologia\/#primaryimage","url":"","contentUrl":""},{"@type":"BreadcrumbList","@id":"https:\/\/explora.cl\/antofagasta\/pasacalle-inauguro-la-xxi-semana-nacional-de-la-ciencia-y-la-tecnologia\/#breadcrumb","itemListElement":[{"@type":"ListItem","position":1,"name":"Portada","item":"https:\/\/explora.cl\/antofagasta\/"},{"@type":"ListItem","position":2,"name":"Pasacalle inaugur\u00f3 la XXI Semana Nacional de la Ciencia y la Tecnolog\u00eda"}]},{"@type":"WebSite","@id":"https:\/\/explora.cl\/antofagasta\/#website","url":"https:\/\/explora.cl\/antofagasta\/","name":"Antofagasta","description":"Otro sitio m\u00e1s de explora.cl","potentialAction":[{"@type":"SearchAction","target":{"@type":"EntryPoint","urlTemplate":"https:\/\/explora.cl\/antofagasta\/?s={search_term_string}"},"query-input":{"@type":"PropertyValueSpecification","valueRequired":true,"valueName":"search_term_string"}}],"inLanguage":"es-CL"},{"@type":"Person","@id":"https:\/\/explora.cl\/antofagasta\/#\/schema\/person\/cb8349c13ea2d324080adf8480d7ba5d","name":"webman","image":{"@type":"ImageObject","inLanguage":"es-CL","@id":"https:\/\/explora.cl\/antofagasta\/#\/schema\/person\/image\/","url":"https:\/\/secure.gravatar.com\/avatar\/eeff3c82f2c02f7177d13663b7e6f890e9a6a0647ce9bb29cae02dcb094c7312?s=96&d=mm&r=g","contentUrl":"https:\/\/secure.gravatar.com\/avatar\/eeff3c82f2c02f7177d13663b7e6f890e9a6a0647ce9bb29cae02dcb094c7312?s=96&d=mm&r=g","caption":"webman"},"url":"https:\/\/explora.cl\/antofagasta\/author\/webman\/"}]}},"_links":{"self":[{"href":"https:\/\/explora.cl\/antofagasta\/wp-json\/wp\/v2\/posts\/38346","targetHints":{"allow":["GET"]}}],"collection":[{"href":"https:\/\/explora.cl\/antofagasta\/wp-json\/wp\/v2\/posts"}],"about":[{"href":"https:\/\/explora.cl\/antofagasta\/wp-json\/wp\/v2\/types\/post"}],"author":[{"embeddable":true,"href":"https:\/\/explora.cl\/antofagasta\/wp-json\/wp\/v2\/users\/2"}],"replies":[{"embeddable":true,"href":"https:\/\/explora.cl\/antofagasta\/wp-json\/wp\/v2\/comments?post=38346"}],"version-history":[{"count":1,"href":"https:\/\/explora.cl\/antofagasta\/wp-json\/wp\/v2\/posts\/38346\/revisions"}],"predecessor-version":[{"id":38695,"href":"https:\/\/explora.cl\/antofagasta\/wp-json\/wp\/v2\/posts\/38346\/revisions\/38695"}],"wp:featuredmedia":[{"embeddable":true,"href":"https:\/\/explora.cl\/antofagasta\/wp-json\/"}],"wp:attachment":[{"href":"https:\/\/explora.cl\/antofagasta\/wp-json\/wp\/v2\/media?parent=38346"}],"wp:term":[{"taxonomy":"category","embeddable":true,"href":"https:\/\/explora.cl\/antofagasta\/wp-json\/wp\/v2\/categories?post=38346"},{"taxonomy":"post_tag","embeddable":true,"href":"https:\/\/explora.cl\/antofagasta\/wp-json\/wp\/v2\/tags?post=38346"}],"curies":[{"name":"wp","href":"https:\/\/api.w.org\/{rel}","templated":true}]}}