{"id":38345,"date":"2015-10-06T21:34:37","date_gmt":"2015-10-06T21:34:37","guid":{"rendered":"https:\/\/explora.cl\/antofagasta\/blog\/2015\/10\/06\/cientificos-ya-visitan-las-aulas-de-la-region-de-antofagasta\/"},"modified":"2019-05-16T03:19:58","modified_gmt":"2019-05-16T03:19:58","slug":"cientificos-ya-visitan-las-aulas-de-la-region-de-antofagasta","status":"publish","type":"post","link":"https:\/\/explora.cl\/antofagasta\/cientificos-ya-visitan-las-aulas-de-la-region-de-antofagasta\/","title":{"rendered":"Cient\u00edficos ya visitan las aulas de la Regi\u00f3n de Antofagasta"},"content":{"rendered":"<p><img fetchpriority=\"high\" decoding=\"async\" class=\" size-full wp-image-15460\" src=\"https:\/\/explora.cl\/wp-content\/uploads\/2015\/10\/38c7e4abb41f8efec0ba241d78c7e0f0.jpg\" alt=\"\" width=\"2048\" height=\"1365\" \/><\/p>\n<p>Los cient\u00edficos y cient\u00edficas de la Regi\u00f3n de Antofagasta ya comenzaron a dictar charlas a estudiantes en el marco de la iniciativa &#8220;1000 Cient\u00edficos 1000 Aulas&#8221;, iniciativa del Programa EXPLORA CONICYT que se replica en las regiones del pa\u00eds que celebran la XXI Semana Nacional de la Ciencia y la Tecnolog\u00eda.<\/p>\n<p>En la regi\u00f3n las charlas son organizadas por el PAR EXPLORA Antofagasta y est\u00e1n dirigidas a estudiantes de los diversos niveles educacionales, quienes pueden recibir en su misma sala de clases a acad\u00e9micos, investigadores y estudiantes de postgrado, que les explican de manera did\u00e1ctica y en un lenguaje sencillo los trabajos que desarrollan, es decir, bajan el contenido cient\u00edfico.<\/p>\n<p>Las charlas han sido dictadas \u2013 y ser\u00e1n dictadas \u2013 en todas las comunas, con el objetivo de acercar la ciencia y la tecnolog\u00eda a la comunidad educativa. Hasta el momento se han realizado: &#8220;El microbioma humano: nuestro universo interior&#8221; y &#8220;La importancia de los microorganismos en la lactancia materna&#8221; de Cristina Dorador en la Escuela D-73 Rep\u00fablica de Estados Unidos; &#8220;Habitantes extremos en salares: microorganismos y su importancia&#8221; de Pablo Ar\u00e1n en el Liceo Linkai Antai de San Pedro de Atacama.<\/p>\n<p>Tambi\u00e9n &#8220;Bacterias: conociendo un mundo peque\u00f1o&#8221; de Daniela Meneses en el Colegio The Antofagasta British School; &#8220;Bacterias extrem\u00f3filas: las s\u00faper bacterias&#8221; de Jonathan Fortt en el Colegio San Nicol\u00e1s de Calama; &#8220;Biorremediaci\u00f3n: de una realidad social a una soluci\u00f3n ecol\u00f3gica&#8221; de Alessandra Rosetti en el Liceo Am\u00e9rica B-10 de Calama; &#8220;Energ\u00edas Renovables, el poder del sol&#8221; de Mauricio Vega tambi\u00e9n en el Liceo Am\u00e9rica; &#8220;Metano: \u00bfposibilidades de vida en otros planetas? de Bernardita Valenzuela en el Liceo Linkai Antai de San Pedro de Atacama; &#8220;Conociendo los sentidos a trav\u00e9s de los alimentos&#8221; de Mar\u00eda Jos\u00e9 Larrazabal en la Escuela E-80 de Antofagasta y &#8220;Ambientes termales: diversidad, ecolog\u00eda y evoluci\u00f3n de los microorganismos&#8221; de Francisca Marchant en el Liceo B-13 de Antofagasta.<\/p>\n<p>Sobre la relevancia de dictar una charla cient\u00edfica a ni\u00f1os, ni\u00f1as y j\u00f3venes, la Doctora Cristina Dorador, quien pertenece al Laboratorio de Complejidad Microbiana y Ecolog\u00eda Funcional de la Universidad de Antofagasta, coment\u00f3 que &#8220;creo que uno de los desaf\u00edos de los cient\u00edficos justamente es que las personas est\u00e9n expuestas a lo que es el conocimiento cient\u00edfico, sobre todo en los ni\u00f1os, porque ellos forman su manera de pensar. En este caso desarrollan las habilidades del pensamiento cient\u00edfico muy tempranamente y les ayuda a desarrollar el pensamiento cr\u00edtico, cuestionarse el mundo y generar nuevas ideas, que es lo que necesitamos para enfrentar todos los nuevos desaf\u00edos que tiene la humanidad&#8221;.<\/p>\n<p>En la charla &#8220;El microbioma humano: nuestro universo interior&#8221; dictada por Dorador, los estudiantes pudieron aprender acerca de los microorganismos y su presencia en el cuerpo humano, como tambi\u00e9n que cada persona tiene caracter\u00edsticas microbianas diferentes, lo que hace que su estudio sea interesante, ya que cada vez se van descubriendo biomas nuevos que ampl\u00edan a\u00fan m\u00e1s el horizonte de los investigadores.<\/p>\n<p>Escrito por Paolo Castro.&nbsp;<\/p>\n<p>&nbsp;<\/p>\n","protected":false},"excerpt":{"rendered":"<p>Los cient\u00edficos y cient\u00edficas de la Regi\u00f3n de Antofagasta ya comenzaron a dictar charlas a estudiantes en el marco de la iniciativa &#8220;1000 Cient\u00edficos 1000 Aulas&#8221;, iniciativa del Programa EXPLORA CONICYT que se replica en las regiones del pa\u00eds que celebran la XXI Semana Nacional de la Ciencia y la Tecnolog\u00eda. En la regi\u00f3n las [&hellip;]<\/p>\n","protected":false},"author":2,"featured_media":15460,"comment_status":"closed","ping_status":"open","sticky":false,"template":"","format":"standard","meta":{"_acf_changed":false,"_exactmetrics_skip_tracking":false,"_exactmetrics_sitenote_active":false,"_exactmetrics_sitenote_note":"","_exactmetrics_sitenote_category":0,"footnotes":"","_links_to":"","_links_to_target":""},"categories":[4],"tags":[],"class_list":["post-38345","post","type-post","status-publish","format-standard","has-post-thumbnail","hentry","category-noticias"],"acf":[],"yoast_head":"<!-- This site is optimized with the Yoast SEO plugin v26.9 - https:\/\/yoast.com\/product\/yoast-seo-wordpress\/ -->\n<title>Cient\u00edficos ya visitan las aulas de la Regi\u00f3n de Antofagasta - Antofagasta<\/title>\n<meta name=\"robots\" content=\"index, follow, max-snippet:-1, max-image-preview:large, max-video-preview:-1\" \/>\n<link rel=\"canonical\" href=\"https:\/\/explora.cl\/antofagasta\/cientificos-ya-visitan-las-aulas-de-la-region-de-antofagasta\/\" class=\"yoast-seo-meta-tag\" \/>\n<meta property=\"og:locale\" content=\"es_ES\" class=\"yoast-seo-meta-tag\" \/>\n<meta property=\"og:type\" content=\"article\" class=\"yoast-seo-meta-tag\" \/>\n<meta property=\"og:title\" content=\"Cient\u00edficos ya visitan las aulas de la Regi\u00f3n de Antofagasta - Antofagasta\" class=\"yoast-seo-meta-tag\" \/>\n<meta property=\"og:description\" content=\"Los cient\u00edficos y cient\u00edficas de la Regi\u00f3n de Antofagasta ya comenzaron a dictar charlas a estudiantes en el marco de la iniciativa &#8220;1000 Cient\u00edficos 1000 Aulas&#8221;, iniciativa del Programa EXPLORA CONICYT que se replica en las regiones del pa\u00eds que celebran la XXI Semana Nacional de la Ciencia y la Tecnolog\u00eda. En la regi\u00f3n las [&hellip;]\" class=\"yoast-seo-meta-tag\" \/>\n<meta property=\"og:url\" content=\"https:\/\/explora.cl\/antofagasta\/cientificos-ya-visitan-las-aulas-de-la-region-de-antofagasta\/\" class=\"yoast-seo-meta-tag\" \/>\n<meta property=\"og:site_name\" content=\"Antofagasta\" class=\"yoast-seo-meta-tag\" \/>\n<meta property=\"article:published_time\" content=\"2015-10-06T21:34:37+00:00\" class=\"yoast-seo-meta-tag\" \/>\n<meta property=\"article:modified_time\" content=\"2019-05-16T03:19:58+00:00\" class=\"yoast-seo-meta-tag\" \/>\n<meta name=\"author\" content=\"webman\" class=\"yoast-seo-meta-tag\" \/>\n<meta name=\"twitter:card\" content=\"summary_large_image\" class=\"yoast-seo-meta-tag\" \/>\n<meta name=\"twitter:label1\" content=\"Escrito por\" class=\"yoast-seo-meta-tag\" \/>\n\t<meta name=\"twitter:data1\" content=\"webman\" class=\"yoast-seo-meta-tag\" \/>\n\t<meta name=\"twitter:label2\" content=\"Tiempo estimado de lectura\" class=\"yoast-seo-meta-tag\" \/>\n\t<meta name=\"twitter:data2\" content=\"3 minutos\" class=\"yoast-seo-meta-tag\" \/>\n<script type=\"application\/ld+json\" class=\"yoast-schema-graph\">{\"@context\":\"https:\/\/schema.org\",\"@graph\":[{\"@type\":\"Article\",\"@id\":\"https:\/\/explora.cl\/antofagasta\/cientificos-ya-visitan-las-aulas-de-la-region-de-antofagasta\/#article\",\"isPartOf\":{\"@id\":\"https:\/\/explora.cl\/antofagasta\/cientificos-ya-visitan-las-aulas-de-la-region-de-antofagasta\/\"},\"author\":{\"name\":\"webman\",\"@id\":\"https:\/\/explora.cl\/antofagasta\/#\/schema\/person\/cb8349c13ea2d324080adf8480d7ba5d\"},\"headline\":\"Cient\u00edficos ya visitan las aulas de la Regi\u00f3n de Antofagasta\",\"datePublished\":\"2015-10-06T21:34:37+00:00\",\"dateModified\":\"2019-05-16T03:19:58+00:00\",\"mainEntityOfPage\":{\"@id\":\"https:\/\/explora.cl\/antofagasta\/cientificos-ya-visitan-las-aulas-de-la-region-de-antofagasta\/\"},\"wordCount\":548,\"image\":{\"@id\":\"https:\/\/explora.cl\/antofagasta\/cientificos-ya-visitan-las-aulas-de-la-region-de-antofagasta\/#primaryimage\"},\"thumbnailUrl\":\"\",\"articleSection\":[\"Noticias\"],\"inLanguage\":\"es-CL\"},{\"@type\":\"WebPage\",\"@id\":\"https:\/\/explora.cl\/antofagasta\/cientificos-ya-visitan-las-aulas-de-la-region-de-antofagasta\/\",\"url\":\"https:\/\/explora.cl\/antofagasta\/cientificos-ya-visitan-las-aulas-de-la-region-de-antofagasta\/\",\"name\":\"Cient\u00edficos ya visitan las aulas de la Regi\u00f3n de Antofagasta - Antofagasta\",\"isPartOf\":{\"@id\":\"https:\/\/explora.cl\/antofagasta\/#website\"},\"primaryImageOfPage\":{\"@id\":\"https:\/\/explora.cl\/antofagasta\/cientificos-ya-visitan-las-aulas-de-la-region-de-antofagasta\/#primaryimage\"},\"image\":{\"@id\":\"https:\/\/explora.cl\/antofagasta\/cientificos-ya-visitan-las-aulas-de-la-region-de-antofagasta\/#primaryimage\"},\"thumbnailUrl\":\"\",\"datePublished\":\"2015-10-06T21:34:37+00:00\",\"dateModified\":\"2019-05-16T03:19:58+00:00\",\"author\":{\"@id\":\"https:\/\/explora.cl\/antofagasta\/#\/schema\/person\/cb8349c13ea2d324080adf8480d7ba5d\"},\"breadcrumb\":{\"@id\":\"https:\/\/explora.cl\/antofagasta\/cientificos-ya-visitan-las-aulas-de-la-region-de-antofagasta\/#breadcrumb\"},\"inLanguage\":\"es-CL\",\"potentialAction\":[{\"@type\":\"ReadAction\",\"target\":[\"https:\/\/explora.cl\/antofagasta\/cientificos-ya-visitan-las-aulas-de-la-region-de-antofagasta\/\"]}]},{\"@type\":\"ImageObject\",\"inLanguage\":\"es-CL\",\"@id\":\"https:\/\/explora.cl\/antofagasta\/cientificos-ya-visitan-las-aulas-de-la-region-de-antofagasta\/#primaryimage\",\"url\":\"\",\"contentUrl\":\"\"},{\"@type\":\"BreadcrumbList\",\"@id\":\"https:\/\/explora.cl\/antofagasta\/cientificos-ya-visitan-las-aulas-de-la-region-de-antofagasta\/#breadcrumb\",\"itemListElement\":[{\"@type\":\"ListItem\",\"position\":1,\"name\":\"Portada\",\"item\":\"https:\/\/explora.cl\/antofagasta\/\"},{\"@type\":\"ListItem\",\"position\":2,\"name\":\"Cient\u00edficos ya visitan las aulas de la Regi\u00f3n de Antofagasta\"}]},{\"@type\":\"WebSite\",\"@id\":\"https:\/\/explora.cl\/antofagasta\/#website\",\"url\":\"https:\/\/explora.cl\/antofagasta\/\",\"name\":\"Antofagasta\",\"description\":\"Otro sitio m\u00e1s de explora.cl\",\"potentialAction\":[{\"@type\":\"SearchAction\",\"target\":{\"@type\":\"EntryPoint\",\"urlTemplate\":\"https:\/\/explora.cl\/antofagasta\/?s={search_term_string}\"},\"query-input\":{\"@type\":\"PropertyValueSpecification\",\"valueRequired\":true,\"valueName\":\"search_term_string\"}}],\"inLanguage\":\"es-CL\"},{\"@type\":\"Person\",\"@id\":\"https:\/\/explora.cl\/antofagasta\/#\/schema\/person\/cb8349c13ea2d324080adf8480d7ba5d\",\"name\":\"webman\",\"image\":{\"@type\":\"ImageObject\",\"inLanguage\":\"es-CL\",\"@id\":\"https:\/\/explora.cl\/antofagasta\/#\/schema\/person\/image\/\",\"url\":\"https:\/\/secure.gravatar.com\/avatar\/eeff3c82f2c02f7177d13663b7e6f890e9a6a0647ce9bb29cae02dcb094c7312?s=96&d=mm&r=g\",\"contentUrl\":\"https:\/\/secure.gravatar.com\/avatar\/eeff3c82f2c02f7177d13663b7e6f890e9a6a0647ce9bb29cae02dcb094c7312?s=96&d=mm&r=g\",\"caption\":\"webman\"},\"url\":\"https:\/\/explora.cl\/antofagasta\/author\/webman\/\"}]}<\/script>\n<!-- \/ Yoast SEO plugin. -->","yoast_head_json":{"title":"Cient\u00edficos ya visitan las aulas de la Regi\u00f3n de Antofagasta - Antofagasta","robots":{"index":"index","follow":"follow","max-snippet":"max-snippet:-1","max-image-preview":"max-image-preview:large","max-video-preview":"max-video-preview:-1"},"canonical":"https:\/\/explora.cl\/antofagasta\/cientificos-ya-visitan-las-aulas-de-la-region-de-antofagasta\/","og_locale":"es_ES","og_type":"article","og_title":"Cient\u00edficos ya visitan las aulas de la Regi\u00f3n de Antofagasta - Antofagasta","og_description":"Los cient\u00edficos y cient\u00edficas de la Regi\u00f3n de Antofagasta ya comenzaron a dictar charlas a estudiantes en el marco de la iniciativa &#8220;1000 Cient\u00edficos 1000 Aulas&#8221;, iniciativa del Programa EXPLORA CONICYT que se replica en las regiones del pa\u00eds que celebran la XXI Semana Nacional de la Ciencia y la Tecnolog\u00eda. En la regi\u00f3n las [&hellip;]","og_url":"https:\/\/explora.cl\/antofagasta\/cientificos-ya-visitan-las-aulas-de-la-region-de-antofagasta\/","og_site_name":"Antofagasta","article_published_time":"2015-10-06T21:34:37+00:00","article_modified_time":"2019-05-16T03:19:58+00:00","author":"webman","twitter_card":"summary_large_image","twitter_misc":{"Escrito por":"webman","Tiempo estimado de lectura":"3 minutos"},"schema":{"@context":"https:\/\/schema.org","@graph":[{"@type":"Article","@id":"https:\/\/explora.cl\/antofagasta\/cientificos-ya-visitan-las-aulas-de-la-region-de-antofagasta\/#article","isPartOf":{"@id":"https:\/\/explora.cl\/antofagasta\/cientificos-ya-visitan-las-aulas-de-la-region-de-antofagasta\/"},"author":{"name":"webman","@id":"https:\/\/explora.cl\/antofagasta\/#\/schema\/person\/cb8349c13ea2d324080adf8480d7ba5d"},"headline":"Cient\u00edficos ya visitan las aulas de la Regi\u00f3n de Antofagasta","datePublished":"2015-10-06T21:34:37+00:00","dateModified":"2019-05-16T03:19:58+00:00","mainEntityOfPage":{"@id":"https:\/\/explora.cl\/antofagasta\/cientificos-ya-visitan-las-aulas-de-la-region-de-antofagasta\/"},"wordCount":548,"image":{"@id":"https:\/\/explora.cl\/antofagasta\/cientificos-ya-visitan-las-aulas-de-la-region-de-antofagasta\/#primaryimage"},"thumbnailUrl":"","articleSection":["Noticias"],"inLanguage":"es-CL"},{"@type":"WebPage","@id":"https:\/\/explora.cl\/antofagasta\/cientificos-ya-visitan-las-aulas-de-la-region-de-antofagasta\/","url":"https:\/\/explora.cl\/antofagasta\/cientificos-ya-visitan-las-aulas-de-la-region-de-antofagasta\/","name":"Cient\u00edficos ya visitan las aulas de la Regi\u00f3n de Antofagasta - Antofagasta","isPartOf":{"@id":"https:\/\/explora.cl\/antofagasta\/#website"},"primaryImageOfPage":{"@id":"https:\/\/explora.cl\/antofagasta\/cientificos-ya-visitan-las-aulas-de-la-region-de-antofagasta\/#primaryimage"},"image":{"@id":"https:\/\/explora.cl\/antofagasta\/cientificos-ya-visitan-las-aulas-de-la-region-de-antofagasta\/#primaryimage"},"thumbnailUrl":"","datePublished":"2015-10-06T21:34:37+00:00","dateModified":"2019-05-16T03:19:58+00:00","author":{"@id":"https:\/\/explora.cl\/antofagasta\/#\/schema\/person\/cb8349c13ea2d324080adf8480d7ba5d"},"breadcrumb":{"@id":"https:\/\/explora.cl\/antofagasta\/cientificos-ya-visitan-las-aulas-de-la-region-de-antofagasta\/#breadcrumb"},"inLanguage":"es-CL","potentialAction":[{"@type":"ReadAction","target":["https:\/\/explora.cl\/antofagasta\/cientificos-ya-visitan-las-aulas-de-la-region-de-antofagasta\/"]}]},{"@type":"ImageObject","inLanguage":"es-CL","@id":"https:\/\/explora.cl\/antofagasta\/cientificos-ya-visitan-las-aulas-de-la-region-de-antofagasta\/#primaryimage","url":"","contentUrl":""},{"@type":"BreadcrumbList","@id":"https:\/\/explora.cl\/antofagasta\/cientificos-ya-visitan-las-aulas-de-la-region-de-antofagasta\/#breadcrumb","itemListElement":[{"@type":"ListItem","position":1,"name":"Portada","item":"https:\/\/explora.cl\/antofagasta\/"},{"@type":"ListItem","position":2,"name":"Cient\u00edficos ya visitan las aulas de la Regi\u00f3n de Antofagasta"}]},{"@type":"WebSite","@id":"https:\/\/explora.cl\/antofagasta\/#website","url":"https:\/\/explora.cl\/antofagasta\/","name":"Antofagasta","description":"Otro sitio m\u00e1s de explora.cl","potentialAction":[{"@type":"SearchAction","target":{"@type":"EntryPoint","urlTemplate":"https:\/\/explora.cl\/antofagasta\/?s={search_term_string}"},"query-input":{"@type":"PropertyValueSpecification","valueRequired":true,"valueName":"search_term_string"}}],"inLanguage":"es-CL"},{"@type":"Person","@id":"https:\/\/explora.cl\/antofagasta\/#\/schema\/person\/cb8349c13ea2d324080adf8480d7ba5d","name":"webman","image":{"@type":"ImageObject","inLanguage":"es-CL","@id":"https:\/\/explora.cl\/antofagasta\/#\/schema\/person\/image\/","url":"https:\/\/secure.gravatar.com\/avatar\/eeff3c82f2c02f7177d13663b7e6f890e9a6a0647ce9bb29cae02dcb094c7312?s=96&d=mm&r=g","contentUrl":"https:\/\/secure.gravatar.com\/avatar\/eeff3c82f2c02f7177d13663b7e6f890e9a6a0647ce9bb29cae02dcb094c7312?s=96&d=mm&r=g","caption":"webman"},"url":"https:\/\/explora.cl\/antofagasta\/author\/webman\/"}]}},"_links":{"self":[{"href":"https:\/\/explora.cl\/antofagasta\/wp-json\/wp\/v2\/posts\/38345","targetHints":{"allow":["GET"]}}],"collection":[{"href":"https:\/\/explora.cl\/antofagasta\/wp-json\/wp\/v2\/posts"}],"about":[{"href":"https:\/\/explora.cl\/antofagasta\/wp-json\/wp\/v2\/types\/post"}],"author":[{"embeddable":true,"href":"https:\/\/explora.cl\/antofagasta\/wp-json\/wp\/v2\/users\/2"}],"replies":[{"embeddable":true,"href":"https:\/\/explora.cl\/antofagasta\/wp-json\/wp\/v2\/comments?post=38345"}],"version-history":[{"count":1,"href":"https:\/\/explora.cl\/antofagasta\/wp-json\/wp\/v2\/posts\/38345\/revisions"}],"predecessor-version":[{"id":38693,"href":"https:\/\/explora.cl\/antofagasta\/wp-json\/wp\/v2\/posts\/38345\/revisions\/38693"}],"wp:featuredmedia":[{"embeddable":true,"href":"https:\/\/explora.cl\/antofagasta\/wp-json\/"}],"wp:attachment":[{"href":"https:\/\/explora.cl\/antofagasta\/wp-json\/wp\/v2\/media?parent=38345"}],"wp:term":[{"taxonomy":"category","embeddable":true,"href":"https:\/\/explora.cl\/antofagasta\/wp-json\/wp\/v2\/categories?post=38345"},{"taxonomy":"post_tag","embeddable":true,"href":"https:\/\/explora.cl\/antofagasta\/wp-json\/wp\/v2\/tags?post=38345"}],"curies":[{"name":"wp","href":"https:\/\/api.w.org\/{rel}","templated":true}]}}