{"id":38333,"date":"2015-09-08T21:40:18","date_gmt":"2015-09-08T21:40:18","guid":{"rendered":"https:\/\/explora.cl\/antofagasta\/blog\/2015\/09\/08\/todo-es-luz-estuvo-en-la-inauguracion-de-un-fablab-en-antofagasta\/"},"modified":"2019-05-16T03:20:22","modified_gmt":"2019-05-16T03:20:22","slug":"todo-es-luz-estuvo-en-la-inauguracion-de-un-fablab-en-antofagasta","status":"publish","type":"post","link":"https:\/\/explora.cl\/antofagasta\/todo-es-luz-estuvo-en-la-inauguracion-de-un-fablab-en-antofagasta\/","title":{"rendered":"Todo es luz estuvo en la inauguraci\u00f3n de un FabLab en Antofagasta"},"content":{"rendered":"<p><img fetchpriority=\"high\" decoding=\"async\" class=\" size-full wp-image-14593\" src=\"https:\/\/explora.cl\/wp-content\/uploads\/2015\/09\/a241219a16838c4f1c4a4d6836c364cf.jpg\" alt=\"\" width=\"1600\" height=\"900\" \/><\/p>\n<p>La muestra cient\u00edfica &#8220;Todo es luz&#8221; del PAR EXPLORA Antofagasta, estuvo presente en el lanzamiento del proyecto Corfo &#8220;Programa Piloto de Educaci\u00f3n para el Emprendimiento Tecnol\u00f3gico basado en el modelo del Centro Emprendimiento del Mit&#8221;, adjudicado por el Colegio Antofagasta Internacional School. <\/p>\n<p>&#8220;Todo es luz&#8221; fue parte de una serie de actividades que inauguraron este nuevo FabLab (laboratorio de fabricaci\u00f3n), el que estar\u00e1 ubicado en las dependencias del establecimiento educacional, y que tiene como objetivo desarrollar innovaci\u00f3n y tecnolog\u00eda en la comunidad educativa mediante m\u00e1quinas y equipos tecnol\u00f3gicos que permitan dar soluciones a los problemas que se van generando.<\/p>\n<p>El proyecto estar\u00e1 a disposici\u00f3n de la comunidad general, para quienes deseen visitarlo y participar de los cursos de capacitaci\u00f3n y perfeccionamiento para ni\u00f1os, j\u00f3venes y profesionales.<\/p>\n<p>Asimismo, en el proyecto del Colegio Antofagasta International School participan Corfo, Lego, Ferrocarril Antofagasta a Bolivia, la Universidad de Antofagasta, Incuba, y un grupo de profesionales.<\/p>\n<p>Escrito por Claudia C\u00e1ceres.<\/p><\/p>\n","protected":false},"excerpt":{"rendered":"<p>La muestra cient\u00edfica &#8220;Todo es luz&#8221; del PAR EXPLORA Antofagasta, estuvo presente en el lanzamiento del proyecto Corfo &#8220;Programa Piloto de Educaci\u00f3n para el Emprendimiento Tecnol\u00f3gico basado en el modelo del Centro Emprendimiento del Mit&#8221;, adjudicado por el Colegio Antofagasta Internacional School. &#8220;Todo es luz&#8221; fue parte de una serie de actividades que inauguraron este [&hellip;]<\/p>\n","protected":false},"author":2,"featured_media":14593,"comment_status":"closed","ping_status":"open","sticky":false,"template":"","format":"standard","meta":{"_acf_changed":false,"_exactmetrics_skip_tracking":false,"_exactmetrics_sitenote_active":false,"_exactmetrics_sitenote_note":"","_exactmetrics_sitenote_category":0,"footnotes":"","_links_to":"","_links_to_target":""},"categories":[4],"tags":[],"class_list":["post-38333","post","type-post","status-publish","format-standard","has-post-thumbnail","hentry","category-noticias"],"acf":[],"yoast_head":"<!-- This site is optimized with the Yoast SEO plugin v26.9 - https:\/\/yoast.com\/product\/yoast-seo-wordpress\/ -->\n<title>Todo es luz estuvo en la inauguraci\u00f3n de un FabLab en Antofagasta - Antofagasta<\/title>\n<meta name=\"robots\" content=\"index, follow, max-snippet:-1, max-image-preview:large, max-video-preview:-1\" \/>\n<link rel=\"canonical\" href=\"https:\/\/explora.cl\/antofagasta\/todo-es-luz-estuvo-en-la-inauguracion-de-un-fablab-en-antofagasta\/\" class=\"yoast-seo-meta-tag\" \/>\n<meta property=\"og:locale\" content=\"es_ES\" class=\"yoast-seo-meta-tag\" \/>\n<meta property=\"og:type\" content=\"article\" class=\"yoast-seo-meta-tag\" \/>\n<meta property=\"og:title\" content=\"Todo es luz estuvo en la inauguraci\u00f3n de un FabLab en Antofagasta - Antofagasta\" class=\"yoast-seo-meta-tag\" \/>\n<meta property=\"og:description\" content=\"La muestra cient\u00edfica &#8220;Todo es luz&#8221; del PAR EXPLORA Antofagasta, estuvo presente en el lanzamiento del proyecto Corfo &#8220;Programa Piloto de Educaci\u00f3n para el Emprendimiento Tecnol\u00f3gico basado en el modelo del Centro Emprendimiento del Mit&#8221;, adjudicado por el Colegio Antofagasta Internacional School. &#8220;Todo es luz&#8221; fue parte de una serie de actividades que inauguraron este [&hellip;]\" class=\"yoast-seo-meta-tag\" \/>\n<meta property=\"og:url\" content=\"https:\/\/explora.cl\/antofagasta\/todo-es-luz-estuvo-en-la-inauguracion-de-un-fablab-en-antofagasta\/\" class=\"yoast-seo-meta-tag\" \/>\n<meta property=\"og:site_name\" content=\"Antofagasta\" class=\"yoast-seo-meta-tag\" \/>\n<meta property=\"article:published_time\" content=\"2015-09-08T21:40:18+00:00\" class=\"yoast-seo-meta-tag\" \/>\n<meta property=\"article:modified_time\" content=\"2019-05-16T03:20:22+00:00\" class=\"yoast-seo-meta-tag\" \/>\n<meta name=\"author\" content=\"webman\" class=\"yoast-seo-meta-tag\" \/>\n<meta name=\"twitter:card\" content=\"summary_large_image\" class=\"yoast-seo-meta-tag\" \/>\n<meta name=\"twitter:label1\" content=\"Escrito por\" class=\"yoast-seo-meta-tag\" \/>\n\t<meta name=\"twitter:data1\" content=\"webman\" class=\"yoast-seo-meta-tag\" \/>\n\t<meta name=\"twitter:label2\" content=\"Tiempo estimado de lectura\" class=\"yoast-seo-meta-tag\" \/>\n\t<meta name=\"twitter:data2\" content=\"1 minuto\" class=\"yoast-seo-meta-tag\" \/>\n<script type=\"application\/ld+json\" class=\"yoast-schema-graph\">{\"@context\":\"https:\/\/schema.org\",\"@graph\":[{\"@type\":\"Article\",\"@id\":\"https:\/\/explora.cl\/antofagasta\/todo-es-luz-estuvo-en-la-inauguracion-de-un-fablab-en-antofagasta\/#article\",\"isPartOf\":{\"@id\":\"https:\/\/explora.cl\/antofagasta\/todo-es-luz-estuvo-en-la-inauguracion-de-un-fablab-en-antofagasta\/\"},\"author\":{\"name\":\"webman\",\"@id\":\"https:\/\/explora.cl\/antofagasta\/#\/schema\/person\/cb8349c13ea2d324080adf8480d7ba5d\"},\"headline\":\"Todo es luz estuvo en la inauguraci\u00f3n de un FabLab en Antofagasta\",\"datePublished\":\"2015-09-08T21:40:18+00:00\",\"dateModified\":\"2019-05-16T03:20:22+00:00\",\"mainEntityOfPage\":{\"@id\":\"https:\/\/explora.cl\/antofagasta\/todo-es-luz-estuvo-en-la-inauguracion-de-un-fablab-en-antofagasta\/\"},\"wordCount\":182,\"image\":{\"@id\":\"https:\/\/explora.cl\/antofagasta\/todo-es-luz-estuvo-en-la-inauguracion-de-un-fablab-en-antofagasta\/#primaryimage\"},\"thumbnailUrl\":\"\",\"articleSection\":[\"Noticias\"],\"inLanguage\":\"es-CL\"},{\"@type\":\"WebPage\",\"@id\":\"https:\/\/explora.cl\/antofagasta\/todo-es-luz-estuvo-en-la-inauguracion-de-un-fablab-en-antofagasta\/\",\"url\":\"https:\/\/explora.cl\/antofagasta\/todo-es-luz-estuvo-en-la-inauguracion-de-un-fablab-en-antofagasta\/\",\"name\":\"Todo es luz estuvo en la inauguraci\u00f3n de un FabLab en Antofagasta - Antofagasta\",\"isPartOf\":{\"@id\":\"https:\/\/explora.cl\/antofagasta\/#website\"},\"primaryImageOfPage\":{\"@id\":\"https:\/\/explora.cl\/antofagasta\/todo-es-luz-estuvo-en-la-inauguracion-de-un-fablab-en-antofagasta\/#primaryimage\"},\"image\":{\"@id\":\"https:\/\/explora.cl\/antofagasta\/todo-es-luz-estuvo-en-la-inauguracion-de-un-fablab-en-antofagasta\/#primaryimage\"},\"thumbnailUrl\":\"\",\"datePublished\":\"2015-09-08T21:40:18+00:00\",\"dateModified\":\"2019-05-16T03:20:22+00:00\",\"author\":{\"@id\":\"https:\/\/explora.cl\/antofagasta\/#\/schema\/person\/cb8349c13ea2d324080adf8480d7ba5d\"},\"breadcrumb\":{\"@id\":\"https:\/\/explora.cl\/antofagasta\/todo-es-luz-estuvo-en-la-inauguracion-de-un-fablab-en-antofagasta\/#breadcrumb\"},\"inLanguage\":\"es-CL\",\"potentialAction\":[{\"@type\":\"ReadAction\",\"target\":[\"https:\/\/explora.cl\/antofagasta\/todo-es-luz-estuvo-en-la-inauguracion-de-un-fablab-en-antofagasta\/\"]}]},{\"@type\":\"ImageObject\",\"inLanguage\":\"es-CL\",\"@id\":\"https:\/\/explora.cl\/antofagasta\/todo-es-luz-estuvo-en-la-inauguracion-de-un-fablab-en-antofagasta\/#primaryimage\",\"url\":\"\",\"contentUrl\":\"\"},{\"@type\":\"BreadcrumbList\",\"@id\":\"https:\/\/explora.cl\/antofagasta\/todo-es-luz-estuvo-en-la-inauguracion-de-un-fablab-en-antofagasta\/#breadcrumb\",\"itemListElement\":[{\"@type\":\"ListItem\",\"position\":1,\"name\":\"Portada\",\"item\":\"https:\/\/explora.cl\/antofagasta\/\"},{\"@type\":\"ListItem\",\"position\":2,\"name\":\"Todo es luz estuvo en la inauguraci\u00f3n de un FabLab en Antofagasta\"}]},{\"@type\":\"WebSite\",\"@id\":\"https:\/\/explora.cl\/antofagasta\/#website\",\"url\":\"https:\/\/explora.cl\/antofagasta\/\",\"name\":\"Antofagasta\",\"description\":\"Otro sitio m\u00e1s de explora.cl\",\"potentialAction\":[{\"@type\":\"SearchAction\",\"target\":{\"@type\":\"EntryPoint\",\"urlTemplate\":\"https:\/\/explora.cl\/antofagasta\/?s={search_term_string}\"},\"query-input\":{\"@type\":\"PropertyValueSpecification\",\"valueRequired\":true,\"valueName\":\"search_term_string\"}}],\"inLanguage\":\"es-CL\"},{\"@type\":\"Person\",\"@id\":\"https:\/\/explora.cl\/antofagasta\/#\/schema\/person\/cb8349c13ea2d324080adf8480d7ba5d\",\"name\":\"webman\",\"image\":{\"@type\":\"ImageObject\",\"inLanguage\":\"es-CL\",\"@id\":\"https:\/\/explora.cl\/antofagasta\/#\/schema\/person\/image\/\",\"url\":\"https:\/\/secure.gravatar.com\/avatar\/eeff3c82f2c02f7177d13663b7e6f890e9a6a0647ce9bb29cae02dcb094c7312?s=96&d=mm&r=g\",\"contentUrl\":\"https:\/\/secure.gravatar.com\/avatar\/eeff3c82f2c02f7177d13663b7e6f890e9a6a0647ce9bb29cae02dcb094c7312?s=96&d=mm&r=g\",\"caption\":\"webman\"},\"url\":\"https:\/\/explora.cl\/antofagasta\/author\/webman\/\"}]}<\/script>\n<!-- \/ Yoast SEO plugin. -->","yoast_head_json":{"title":"Todo es luz estuvo en la inauguraci\u00f3n de un FabLab en Antofagasta - Antofagasta","robots":{"index":"index","follow":"follow","max-snippet":"max-snippet:-1","max-image-preview":"max-image-preview:large","max-video-preview":"max-video-preview:-1"},"canonical":"https:\/\/explora.cl\/antofagasta\/todo-es-luz-estuvo-en-la-inauguracion-de-un-fablab-en-antofagasta\/","og_locale":"es_ES","og_type":"article","og_title":"Todo es luz estuvo en la inauguraci\u00f3n de un FabLab en Antofagasta - Antofagasta","og_description":"La muestra cient\u00edfica &#8220;Todo es luz&#8221; del PAR EXPLORA Antofagasta, estuvo presente en el lanzamiento del proyecto Corfo &#8220;Programa Piloto de Educaci\u00f3n para el Emprendimiento Tecnol\u00f3gico basado en el modelo del Centro Emprendimiento del Mit&#8221;, adjudicado por el Colegio Antofagasta Internacional School. &#8220;Todo es luz&#8221; fue parte de una serie de actividades que inauguraron este [&hellip;]","og_url":"https:\/\/explora.cl\/antofagasta\/todo-es-luz-estuvo-en-la-inauguracion-de-un-fablab-en-antofagasta\/","og_site_name":"Antofagasta","article_published_time":"2015-09-08T21:40:18+00:00","article_modified_time":"2019-05-16T03:20:22+00:00","author":"webman","twitter_card":"summary_large_image","twitter_misc":{"Escrito por":"webman","Tiempo estimado de lectura":"1 minuto"},"schema":{"@context":"https:\/\/schema.org","@graph":[{"@type":"Article","@id":"https:\/\/explora.cl\/antofagasta\/todo-es-luz-estuvo-en-la-inauguracion-de-un-fablab-en-antofagasta\/#article","isPartOf":{"@id":"https:\/\/explora.cl\/antofagasta\/todo-es-luz-estuvo-en-la-inauguracion-de-un-fablab-en-antofagasta\/"},"author":{"name":"webman","@id":"https:\/\/explora.cl\/antofagasta\/#\/schema\/person\/cb8349c13ea2d324080adf8480d7ba5d"},"headline":"Todo es luz estuvo en la inauguraci\u00f3n de un FabLab en Antofagasta","datePublished":"2015-09-08T21:40:18+00:00","dateModified":"2019-05-16T03:20:22+00:00","mainEntityOfPage":{"@id":"https:\/\/explora.cl\/antofagasta\/todo-es-luz-estuvo-en-la-inauguracion-de-un-fablab-en-antofagasta\/"},"wordCount":182,"image":{"@id":"https:\/\/explora.cl\/antofagasta\/todo-es-luz-estuvo-en-la-inauguracion-de-un-fablab-en-antofagasta\/#primaryimage"},"thumbnailUrl":"","articleSection":["Noticias"],"inLanguage":"es-CL"},{"@type":"WebPage","@id":"https:\/\/explora.cl\/antofagasta\/todo-es-luz-estuvo-en-la-inauguracion-de-un-fablab-en-antofagasta\/","url":"https:\/\/explora.cl\/antofagasta\/todo-es-luz-estuvo-en-la-inauguracion-de-un-fablab-en-antofagasta\/","name":"Todo es luz estuvo en la inauguraci\u00f3n de un FabLab en Antofagasta - Antofagasta","isPartOf":{"@id":"https:\/\/explora.cl\/antofagasta\/#website"},"primaryImageOfPage":{"@id":"https:\/\/explora.cl\/antofagasta\/todo-es-luz-estuvo-en-la-inauguracion-de-un-fablab-en-antofagasta\/#primaryimage"},"image":{"@id":"https:\/\/explora.cl\/antofagasta\/todo-es-luz-estuvo-en-la-inauguracion-de-un-fablab-en-antofagasta\/#primaryimage"},"thumbnailUrl":"","datePublished":"2015-09-08T21:40:18+00:00","dateModified":"2019-05-16T03:20:22+00:00","author":{"@id":"https:\/\/explora.cl\/antofagasta\/#\/schema\/person\/cb8349c13ea2d324080adf8480d7ba5d"},"breadcrumb":{"@id":"https:\/\/explora.cl\/antofagasta\/todo-es-luz-estuvo-en-la-inauguracion-de-un-fablab-en-antofagasta\/#breadcrumb"},"inLanguage":"es-CL","potentialAction":[{"@type":"ReadAction","target":["https:\/\/explora.cl\/antofagasta\/todo-es-luz-estuvo-en-la-inauguracion-de-un-fablab-en-antofagasta\/"]}]},{"@type":"ImageObject","inLanguage":"es-CL","@id":"https:\/\/explora.cl\/antofagasta\/todo-es-luz-estuvo-en-la-inauguracion-de-un-fablab-en-antofagasta\/#primaryimage","url":"","contentUrl":""},{"@type":"BreadcrumbList","@id":"https:\/\/explora.cl\/antofagasta\/todo-es-luz-estuvo-en-la-inauguracion-de-un-fablab-en-antofagasta\/#breadcrumb","itemListElement":[{"@type":"ListItem","position":1,"name":"Portada","item":"https:\/\/explora.cl\/antofagasta\/"},{"@type":"ListItem","position":2,"name":"Todo es luz estuvo en la inauguraci\u00f3n de un FabLab en Antofagasta"}]},{"@type":"WebSite","@id":"https:\/\/explora.cl\/antofagasta\/#website","url":"https:\/\/explora.cl\/antofagasta\/","name":"Antofagasta","description":"Otro sitio m\u00e1s de explora.cl","potentialAction":[{"@type":"SearchAction","target":{"@type":"EntryPoint","urlTemplate":"https:\/\/explora.cl\/antofagasta\/?s={search_term_string}"},"query-input":{"@type":"PropertyValueSpecification","valueRequired":true,"valueName":"search_term_string"}}],"inLanguage":"es-CL"},{"@type":"Person","@id":"https:\/\/explora.cl\/antofagasta\/#\/schema\/person\/cb8349c13ea2d324080adf8480d7ba5d","name":"webman","image":{"@type":"ImageObject","inLanguage":"es-CL","@id":"https:\/\/explora.cl\/antofagasta\/#\/schema\/person\/image\/","url":"https:\/\/secure.gravatar.com\/avatar\/eeff3c82f2c02f7177d13663b7e6f890e9a6a0647ce9bb29cae02dcb094c7312?s=96&d=mm&r=g","contentUrl":"https:\/\/secure.gravatar.com\/avatar\/eeff3c82f2c02f7177d13663b7e6f890e9a6a0647ce9bb29cae02dcb094c7312?s=96&d=mm&r=g","caption":"webman"},"url":"https:\/\/explora.cl\/antofagasta\/author\/webman\/"}]}},"_links":{"self":[{"href":"https:\/\/explora.cl\/antofagasta\/wp-json\/wp\/v2\/posts\/38333","targetHints":{"allow":["GET"]}}],"collection":[{"href":"https:\/\/explora.cl\/antofagasta\/wp-json\/wp\/v2\/posts"}],"about":[{"href":"https:\/\/explora.cl\/antofagasta\/wp-json\/wp\/v2\/types\/post"}],"author":[{"embeddable":true,"href":"https:\/\/explora.cl\/antofagasta\/wp-json\/wp\/v2\/users\/2"}],"replies":[{"embeddable":true,"href":"https:\/\/explora.cl\/antofagasta\/wp-json\/wp\/v2\/comments?post=38333"}],"version-history":[{"count":1,"href":"https:\/\/explora.cl\/antofagasta\/wp-json\/wp\/v2\/posts\/38333\/revisions"}],"predecessor-version":[{"id":38712,"href":"https:\/\/explora.cl\/antofagasta\/wp-json\/wp\/v2\/posts\/38333\/revisions\/38712"}],"wp:featuredmedia":[{"embeddable":true,"href":"https:\/\/explora.cl\/antofagasta\/wp-json\/"}],"wp:attachment":[{"href":"https:\/\/explora.cl\/antofagasta\/wp-json\/wp\/v2\/media?parent=38333"}],"wp:term":[{"taxonomy":"category","embeddable":true,"href":"https:\/\/explora.cl\/antofagasta\/wp-json\/wp\/v2\/categories?post=38333"},{"taxonomy":"post_tag","embeddable":true,"href":"https:\/\/explora.cl\/antofagasta\/wp-json\/wp\/v2\/tags?post=38333"}],"curies":[{"name":"wp","href":"https:\/\/api.w.org\/{rel}","templated":true}]}}