{"id":38330,"date":"2015-09-29T14:19:29","date_gmt":"2015-09-29T14:19:29","guid":{"rendered":"https:\/\/explora.cl\/antofagasta\/blog\/2015\/09\/29\/comienza-nueva-temporada-del-programa-radial-explora2\/"},"modified":"2019-05-16T03:20:19","modified_gmt":"2019-05-16T03:20:19","slug":"comienza-nueva-temporada-del-programa-radial-explora2","status":"publish","type":"post","link":"https:\/\/explora.cl\/antofagasta\/comienza-nueva-temporada-del-programa-radial-explora2\/","title":{"rendered":"Comienza nueva temporada del programa radial Explora2"},"content":{"rendered":"<p><img fetchpriority=\"high\" decoding=\"async\" class=\" size-full wp-image-15174\" src=\"https:\/\/explora.cl\/wp-content\/uploads\/2015\/09\/b6e1f5529a9878361cf577cedd3fe2c9.jpg\" alt=\"\" width=\"789\" height=\"487\" \/><\/p>\n<p>Este mi\u00e9rcoles 30 de septiembre a las 17:00 hrs. comienza la temporada 2015 de Explora2, programa radial del PAR EXPLORA Antofagasta que cuenta con la participaci\u00f3n de ni\u00f1os, ni\u00f1as y j\u00f3venes que forman parte de las diversas iniciativas y actividades cient\u00edficas y tecnol\u00f3gicas que desarrolla el proyecto en la regi\u00f3n.<\/p>\n<p>La nueva temporada tendr\u00e1 como especial la XXI Semana Nacional de la Ciencia y la Tecnolog\u00eda, por lo ser\u00e1 un formato que incluir\u00e1 c\u00e1psulas informativas sobre el tema que se tratar\u00e1 en cada cap\u00edtulo, como tambi\u00e9n informaci\u00f3n de asesores cient\u00edficos que profundizan en los contenidos y dan una mirada m\u00e1s general.<\/p>\n<p>En el primer cap\u00edtulo los invitados son los estudiantes de la Academia de Rob\u00f3tica del Liceo Experimental Art\u00edstico, quienes contar\u00e1n qu\u00e9 han aprendido durante este a\u00f1o con los sistemas de construcci\u00f3n Fischertechnik, cu\u00e1les son las habilidades y funciones dise\u00f1adas para su rob\u00f3t, los desaf\u00edos de su academia para este a\u00f1o y mucho m\u00e1s.<\/p>\n<p>La emisi\u00f3n ser\u00e1 a trav\u00e9s de la Radio Universidad de Antofagasta, en el dial 99.9.<\/p>\n<p>Escrito por Claudia C\u00e1ceres.&nbsp;<\/p>\n<p>&nbsp;<\/p>\n","protected":false},"excerpt":{"rendered":"<p>Este mi\u00e9rcoles 30 de septiembre a las 17:00 hrs. comienza la temporada 2015 de Explora2, programa radial del PAR EXPLORA Antofagasta que cuenta con la participaci\u00f3n de ni\u00f1os, ni\u00f1as y j\u00f3venes que forman parte de las diversas iniciativas y actividades cient\u00edficas y tecnol\u00f3gicas que desarrolla el proyecto en la regi\u00f3n. La nueva temporada tendr\u00e1 como [&hellip;]<\/p>\n","protected":false},"author":2,"featured_media":15174,"comment_status":"closed","ping_status":"open","sticky":false,"template":"","format":"standard","meta":{"_acf_changed":false,"_exactmetrics_skip_tracking":false,"_exactmetrics_sitenote_active":false,"_exactmetrics_sitenote_note":"","_exactmetrics_sitenote_category":0,"footnotes":"","_links_to":"","_links_to_target":""},"categories":[4],"tags":[],"class_list":["post-38330","post","type-post","status-publish","format-standard","has-post-thumbnail","hentry","category-noticias"],"acf":[],"yoast_head":"<!-- This site is optimized with the Yoast SEO plugin v26.9 - https:\/\/yoast.com\/product\/yoast-seo-wordpress\/ -->\n<title>Comienza nueva temporada del programa radial Explora2 - Antofagasta<\/title>\n<meta name=\"robots\" content=\"index, follow, max-snippet:-1, max-image-preview:large, max-video-preview:-1\" \/>\n<link rel=\"canonical\" href=\"https:\/\/explora.cl\/antofagasta\/comienza-nueva-temporada-del-programa-radial-explora2\/\" class=\"yoast-seo-meta-tag\" \/>\n<meta property=\"og:locale\" content=\"es_ES\" class=\"yoast-seo-meta-tag\" \/>\n<meta property=\"og:type\" content=\"article\" class=\"yoast-seo-meta-tag\" \/>\n<meta property=\"og:title\" content=\"Comienza nueva temporada del programa radial Explora2 - Antofagasta\" class=\"yoast-seo-meta-tag\" \/>\n<meta property=\"og:description\" content=\"Este mi\u00e9rcoles 30 de septiembre a las 17:00 hrs. comienza la temporada 2015 de Explora2, programa radial del PAR EXPLORA Antofagasta que cuenta con la participaci\u00f3n de ni\u00f1os, ni\u00f1as y j\u00f3venes que forman parte de las diversas iniciativas y actividades cient\u00edficas y tecnol\u00f3gicas que desarrolla el proyecto en la regi\u00f3n. La nueva temporada tendr\u00e1 como [&hellip;]\" class=\"yoast-seo-meta-tag\" \/>\n<meta property=\"og:url\" content=\"https:\/\/explora.cl\/antofagasta\/comienza-nueva-temporada-del-programa-radial-explora2\/\" class=\"yoast-seo-meta-tag\" \/>\n<meta property=\"og:site_name\" content=\"Antofagasta\" class=\"yoast-seo-meta-tag\" \/>\n<meta property=\"article:published_time\" content=\"2015-09-29T14:19:29+00:00\" class=\"yoast-seo-meta-tag\" \/>\n<meta property=\"article:modified_time\" content=\"2019-05-16T03:20:19+00:00\" class=\"yoast-seo-meta-tag\" \/>\n<meta name=\"author\" content=\"webman\" class=\"yoast-seo-meta-tag\" \/>\n<meta name=\"twitter:card\" content=\"summary_large_image\" class=\"yoast-seo-meta-tag\" \/>\n<meta name=\"twitter:label1\" content=\"Escrito por\" class=\"yoast-seo-meta-tag\" \/>\n\t<meta name=\"twitter:data1\" content=\"webman\" class=\"yoast-seo-meta-tag\" \/>\n\t<meta name=\"twitter:label2\" content=\"Tiempo estimado de lectura\" class=\"yoast-seo-meta-tag\" \/>\n\t<meta name=\"twitter:data2\" content=\"1 minuto\" class=\"yoast-seo-meta-tag\" \/>\n<script type=\"application\/ld+json\" class=\"yoast-schema-graph\">{\"@context\":\"https:\/\/schema.org\",\"@graph\":[{\"@type\":\"Article\",\"@id\":\"https:\/\/explora.cl\/antofagasta\/comienza-nueva-temporada-del-programa-radial-explora2\/#article\",\"isPartOf\":{\"@id\":\"https:\/\/explora.cl\/antofagasta\/comienza-nueva-temporada-del-programa-radial-explora2\/\"},\"author\":{\"name\":\"webman\",\"@id\":\"https:\/\/explora.cl\/antofagasta\/#\/schema\/person\/cb8349c13ea2d324080adf8480d7ba5d\"},\"headline\":\"Comienza nueva temporada del programa radial Explora2\",\"datePublished\":\"2015-09-29T14:19:29+00:00\",\"dateModified\":\"2019-05-16T03:20:19+00:00\",\"mainEntityOfPage\":{\"@id\":\"https:\/\/explora.cl\/antofagasta\/comienza-nueva-temporada-del-programa-radial-explora2\/\"},\"wordCount\":208,\"image\":{\"@id\":\"https:\/\/explora.cl\/antofagasta\/comienza-nueva-temporada-del-programa-radial-explora2\/#primaryimage\"},\"thumbnailUrl\":\"\",\"articleSection\":[\"Noticias\"],\"inLanguage\":\"es-CL\"},{\"@type\":\"WebPage\",\"@id\":\"https:\/\/explora.cl\/antofagasta\/comienza-nueva-temporada-del-programa-radial-explora2\/\",\"url\":\"https:\/\/explora.cl\/antofagasta\/comienza-nueva-temporada-del-programa-radial-explora2\/\",\"name\":\"Comienza nueva temporada del programa radial Explora2 - Antofagasta\",\"isPartOf\":{\"@id\":\"https:\/\/explora.cl\/antofagasta\/#website\"},\"primaryImageOfPage\":{\"@id\":\"https:\/\/explora.cl\/antofagasta\/comienza-nueva-temporada-del-programa-radial-explora2\/#primaryimage\"},\"image\":{\"@id\":\"https:\/\/explora.cl\/antofagasta\/comienza-nueva-temporada-del-programa-radial-explora2\/#primaryimage\"},\"thumbnailUrl\":\"\",\"datePublished\":\"2015-09-29T14:19:29+00:00\",\"dateModified\":\"2019-05-16T03:20:19+00:00\",\"author\":{\"@id\":\"https:\/\/explora.cl\/antofagasta\/#\/schema\/person\/cb8349c13ea2d324080adf8480d7ba5d\"},\"breadcrumb\":{\"@id\":\"https:\/\/explora.cl\/antofagasta\/comienza-nueva-temporada-del-programa-radial-explora2\/#breadcrumb\"},\"inLanguage\":\"es-CL\",\"potentialAction\":[{\"@type\":\"ReadAction\",\"target\":[\"https:\/\/explora.cl\/antofagasta\/comienza-nueva-temporada-del-programa-radial-explora2\/\"]}]},{\"@type\":\"ImageObject\",\"inLanguage\":\"es-CL\",\"@id\":\"https:\/\/explora.cl\/antofagasta\/comienza-nueva-temporada-del-programa-radial-explora2\/#primaryimage\",\"url\":\"\",\"contentUrl\":\"\"},{\"@type\":\"BreadcrumbList\",\"@id\":\"https:\/\/explora.cl\/antofagasta\/comienza-nueva-temporada-del-programa-radial-explora2\/#breadcrumb\",\"itemListElement\":[{\"@type\":\"ListItem\",\"position\":1,\"name\":\"Portada\",\"item\":\"https:\/\/explora.cl\/antofagasta\/\"},{\"@type\":\"ListItem\",\"position\":2,\"name\":\"Comienza nueva temporada del programa radial Explora2\"}]},{\"@type\":\"WebSite\",\"@id\":\"https:\/\/explora.cl\/antofagasta\/#website\",\"url\":\"https:\/\/explora.cl\/antofagasta\/\",\"name\":\"Antofagasta\",\"description\":\"Otro sitio m\u00e1s de explora.cl\",\"potentialAction\":[{\"@type\":\"SearchAction\",\"target\":{\"@type\":\"EntryPoint\",\"urlTemplate\":\"https:\/\/explora.cl\/antofagasta\/?s={search_term_string}\"},\"query-input\":{\"@type\":\"PropertyValueSpecification\",\"valueRequired\":true,\"valueName\":\"search_term_string\"}}],\"inLanguage\":\"es-CL\"},{\"@type\":\"Person\",\"@id\":\"https:\/\/explora.cl\/antofagasta\/#\/schema\/person\/cb8349c13ea2d324080adf8480d7ba5d\",\"name\":\"webman\",\"image\":{\"@type\":\"ImageObject\",\"inLanguage\":\"es-CL\",\"@id\":\"https:\/\/explora.cl\/antofagasta\/#\/schema\/person\/image\/\",\"url\":\"https:\/\/secure.gravatar.com\/avatar\/eeff3c82f2c02f7177d13663b7e6f890e9a6a0647ce9bb29cae02dcb094c7312?s=96&d=mm&r=g\",\"contentUrl\":\"https:\/\/secure.gravatar.com\/avatar\/eeff3c82f2c02f7177d13663b7e6f890e9a6a0647ce9bb29cae02dcb094c7312?s=96&d=mm&r=g\",\"caption\":\"webman\"},\"url\":\"https:\/\/explora.cl\/antofagasta\/author\/webman\/\"}]}<\/script>\n<!-- \/ Yoast SEO plugin. -->","yoast_head_json":{"title":"Comienza nueva temporada del programa radial Explora2 - Antofagasta","robots":{"index":"index","follow":"follow","max-snippet":"max-snippet:-1","max-image-preview":"max-image-preview:large","max-video-preview":"max-video-preview:-1"},"canonical":"https:\/\/explora.cl\/antofagasta\/comienza-nueva-temporada-del-programa-radial-explora2\/","og_locale":"es_ES","og_type":"article","og_title":"Comienza nueva temporada del programa radial Explora2 - Antofagasta","og_description":"Este mi\u00e9rcoles 30 de septiembre a las 17:00 hrs. comienza la temporada 2015 de Explora2, programa radial del PAR EXPLORA Antofagasta que cuenta con la participaci\u00f3n de ni\u00f1os, ni\u00f1as y j\u00f3venes que forman parte de las diversas iniciativas y actividades cient\u00edficas y tecnol\u00f3gicas que desarrolla el proyecto en la regi\u00f3n. La nueva temporada tendr\u00e1 como [&hellip;]","og_url":"https:\/\/explora.cl\/antofagasta\/comienza-nueva-temporada-del-programa-radial-explora2\/","og_site_name":"Antofagasta","article_published_time":"2015-09-29T14:19:29+00:00","article_modified_time":"2019-05-16T03:20:19+00:00","author":"webman","twitter_card":"summary_large_image","twitter_misc":{"Escrito por":"webman","Tiempo estimado de lectura":"1 minuto"},"schema":{"@context":"https:\/\/schema.org","@graph":[{"@type":"Article","@id":"https:\/\/explora.cl\/antofagasta\/comienza-nueva-temporada-del-programa-radial-explora2\/#article","isPartOf":{"@id":"https:\/\/explora.cl\/antofagasta\/comienza-nueva-temporada-del-programa-radial-explora2\/"},"author":{"name":"webman","@id":"https:\/\/explora.cl\/antofagasta\/#\/schema\/person\/cb8349c13ea2d324080adf8480d7ba5d"},"headline":"Comienza nueva temporada del programa radial Explora2","datePublished":"2015-09-29T14:19:29+00:00","dateModified":"2019-05-16T03:20:19+00:00","mainEntityOfPage":{"@id":"https:\/\/explora.cl\/antofagasta\/comienza-nueva-temporada-del-programa-radial-explora2\/"},"wordCount":208,"image":{"@id":"https:\/\/explora.cl\/antofagasta\/comienza-nueva-temporada-del-programa-radial-explora2\/#primaryimage"},"thumbnailUrl":"","articleSection":["Noticias"],"inLanguage":"es-CL"},{"@type":"WebPage","@id":"https:\/\/explora.cl\/antofagasta\/comienza-nueva-temporada-del-programa-radial-explora2\/","url":"https:\/\/explora.cl\/antofagasta\/comienza-nueva-temporada-del-programa-radial-explora2\/","name":"Comienza nueva temporada del programa radial Explora2 - Antofagasta","isPartOf":{"@id":"https:\/\/explora.cl\/antofagasta\/#website"},"primaryImageOfPage":{"@id":"https:\/\/explora.cl\/antofagasta\/comienza-nueva-temporada-del-programa-radial-explora2\/#primaryimage"},"image":{"@id":"https:\/\/explora.cl\/antofagasta\/comienza-nueva-temporada-del-programa-radial-explora2\/#primaryimage"},"thumbnailUrl":"","datePublished":"2015-09-29T14:19:29+00:00","dateModified":"2019-05-16T03:20:19+00:00","author":{"@id":"https:\/\/explora.cl\/antofagasta\/#\/schema\/person\/cb8349c13ea2d324080adf8480d7ba5d"},"breadcrumb":{"@id":"https:\/\/explora.cl\/antofagasta\/comienza-nueva-temporada-del-programa-radial-explora2\/#breadcrumb"},"inLanguage":"es-CL","potentialAction":[{"@type":"ReadAction","target":["https:\/\/explora.cl\/antofagasta\/comienza-nueva-temporada-del-programa-radial-explora2\/"]}]},{"@type":"ImageObject","inLanguage":"es-CL","@id":"https:\/\/explora.cl\/antofagasta\/comienza-nueva-temporada-del-programa-radial-explora2\/#primaryimage","url":"","contentUrl":""},{"@type":"BreadcrumbList","@id":"https:\/\/explora.cl\/antofagasta\/comienza-nueva-temporada-del-programa-radial-explora2\/#breadcrumb","itemListElement":[{"@type":"ListItem","position":1,"name":"Portada","item":"https:\/\/explora.cl\/antofagasta\/"},{"@type":"ListItem","position":2,"name":"Comienza nueva temporada del programa radial Explora2"}]},{"@type":"WebSite","@id":"https:\/\/explora.cl\/antofagasta\/#website","url":"https:\/\/explora.cl\/antofagasta\/","name":"Antofagasta","description":"Otro sitio m\u00e1s de explora.cl","potentialAction":[{"@type":"SearchAction","target":{"@type":"EntryPoint","urlTemplate":"https:\/\/explora.cl\/antofagasta\/?s={search_term_string}"},"query-input":{"@type":"PropertyValueSpecification","valueRequired":true,"valueName":"search_term_string"}}],"inLanguage":"es-CL"},{"@type":"Person","@id":"https:\/\/explora.cl\/antofagasta\/#\/schema\/person\/cb8349c13ea2d324080adf8480d7ba5d","name":"webman","image":{"@type":"ImageObject","inLanguage":"es-CL","@id":"https:\/\/explora.cl\/antofagasta\/#\/schema\/person\/image\/","url":"https:\/\/secure.gravatar.com\/avatar\/eeff3c82f2c02f7177d13663b7e6f890e9a6a0647ce9bb29cae02dcb094c7312?s=96&d=mm&r=g","contentUrl":"https:\/\/secure.gravatar.com\/avatar\/eeff3c82f2c02f7177d13663b7e6f890e9a6a0647ce9bb29cae02dcb094c7312?s=96&d=mm&r=g","caption":"webman"},"url":"https:\/\/explora.cl\/antofagasta\/author\/webman\/"}]}},"_links":{"self":[{"href":"https:\/\/explora.cl\/antofagasta\/wp-json\/wp\/v2\/posts\/38330","targetHints":{"allow":["GET"]}}],"collection":[{"href":"https:\/\/explora.cl\/antofagasta\/wp-json\/wp\/v2\/posts"}],"about":[{"href":"https:\/\/explora.cl\/antofagasta\/wp-json\/wp\/v2\/types\/post"}],"author":[{"embeddable":true,"href":"https:\/\/explora.cl\/antofagasta\/wp-json\/wp\/v2\/users\/2"}],"replies":[{"embeddable":true,"href":"https:\/\/explora.cl\/antofagasta\/wp-json\/wp\/v2\/comments?post=38330"}],"version-history":[{"count":1,"href":"https:\/\/explora.cl\/antofagasta\/wp-json\/wp\/v2\/posts\/38330\/revisions"}],"predecessor-version":[{"id":38699,"href":"https:\/\/explora.cl\/antofagasta\/wp-json\/wp\/v2\/posts\/38330\/revisions\/38699"}],"wp:featuredmedia":[{"embeddable":true,"href":"https:\/\/explora.cl\/antofagasta\/wp-json\/"}],"wp:attachment":[{"href":"https:\/\/explora.cl\/antofagasta\/wp-json\/wp\/v2\/media?parent=38330"}],"wp:term":[{"taxonomy":"category","embeddable":true,"href":"https:\/\/explora.cl\/antofagasta\/wp-json\/wp\/v2\/categories?post=38330"},{"taxonomy":"post_tag","embeddable":true,"href":"https:\/\/explora.cl\/antofagasta\/wp-json\/wp\/v2\/tags?post=38330"}],"curies":[{"name":"wp","href":"https:\/\/api.w.org\/{rel}","templated":true}]}}