{"id":37504,"date":"2019-04-30T12:37:16","date_gmt":"2019-04-30T16:37:16","guid":{"rendered":"https:\/\/explora.cl\/antofagasta\/?p=37504"},"modified":"2019-05-15T22:02:14","modified_gmt":"2019-05-15T22:02:14","slug":"estudiantes-y-docentes-podran-participar-en-la-xvi-feria-antartica-escolar-y-viajar-al-continente-blanco","status":"publish","type":"post","link":"https:\/\/explora.cl\/antofagasta\/estudiantes-y-docentes-podran-participar-en-la-xvi-feria-antartica-escolar-y-viajar-al-continente-blanco\/","title":{"rendered":"ESTUDIANTES Y DOCENTES PODR\u00c1N PARTICIPAR EN LA XVI FERIA ANT\u00c1RTICA ESCOLAR Y VIAJAR AL CONTINENTE BLANCO"},"content":{"rendered":"<p><em><img fetchpriority=\"high\" decoding=\"async\" class=\"size-medium wp-image-37505 alignleft\" src=\"https:\/\/explora.cl\/antofagasta\/wp-content\/uploads\/sites\/4\/2019\/04\/WhatsApp-Image-2019-04-30-at-11.36.21-1-300x200.jpeg\" alt=\"Charla INACH XVI Feria Ant\u00e1rtica Escolar en UCN\" width=\"300\" height=\"200\" srcset=\"https:\/\/explora.cl\/antofagasta\/wp-content\/uploads\/sites\/4\/2019\/04\/WhatsApp-Image-2019-04-30-at-11.36.21-1-300x200.jpeg 300w, https:\/\/explora.cl\/antofagasta\/wp-content\/uploads\/sites\/4\/2019\/04\/WhatsApp-Image-2019-04-30-at-11.36.21-1-768x512.jpeg 768w, https:\/\/explora.cl\/antofagasta\/wp-content\/uploads\/sites\/4\/2019\/04\/WhatsApp-Image-2019-04-30-at-11.36.21-1-1024x682.jpeg 1024w, https:\/\/explora.cl\/antofagasta\/wp-content\/uploads\/sites\/4\/2019\/04\/WhatsApp-Image-2019-04-30-at-11.36.21-1.jpeg 1280w\" sizes=\"(max-width: 300px) 100vw, 300px\" \/>En una expedici\u00f3n a la Ant\u00e1rtica podr\u00edan participar estudiantes y profesores de establecimientos educacionales. Este es el llamado que realiza el Instituto Ant\u00e1rtico Chileno\u00a0 (INACH), en alianza con el Programa Explora de CONICYT y con la colaboraci\u00f3n del Centro de Investigaci\u00f3n Din\u00e1mica de Ecosistemas Marinos en de Altas Latitudes (IDEAL).<\/em><br \/>\nEste lunes 29 de abril se dieron a conocer los detalles sobre la XVI Ant\u00e1rtica Escolar, en una jornada informativa que se realiz\u00f3 con el apoyo del Proyecto Asociativo Regional (PAR) Explora Antofagasta, en la Casa Central de la Universidad Cat\u00f3lica del Norte (UCN), y que cont\u00f3 con la asistencia de alumnos y profesores de distintos establecimientos educacionales.<br \/>\nDocentes y \u00a0estudiantes de 1ero a 3ero Medio de colegios y liceos cient\u00edfico-humanistas, y hasta 4to medio para los t\u00e9cnico-profesionales que deseen participar en la Feria, deber\u00e1n desarrollar una propuesta e investigaci\u00f3n en ciencias naturales, ciencias sociales o desarrollo tecnol\u00f3gico, siempre centrada en el \u00e1mbito ant\u00e1rtico, iniciativa con la cual podr\u00edan conocer la Ant\u00e1rtica.<br \/>\nLa directora de PAR Explora Antofagasta, Olga Hern\u00e1ndez, destac\u00f3 la relevancia de la actividad. \u201cLa importancia de esta jornada, que hoy se realiz\u00f3 en la Universidad Cat\u00f3lica del Norte, es de vinculaci\u00f3n con distintos centros e institutos nacionales que tienen relaci\u00f3n directa con la ciencia y la tecnolog\u00eda. Adem\u00e1s, damos \u00a0inicio a las distintas actividades que como PAR Explora Antofagasta vamos a desarrollar durante este periodo en toda la regi\u00f3n\u201d, mencion\u00f3.<br \/>\nLa expositora de la charla, directora de la XVI Feria Ant\u00e1rtica Escolar y jefa del Departamento de Comunicaciones y Educaci\u00f3n del Instituto Ant\u00e1rtico Chileno, Paulina Rojas, coment\u00f3 que est\u00e1n haciendo un viaje por distintas localidades del pa\u00eds, invitando a los estudiantes de educaci\u00f3n media a postular a la Feria. \u201cEs un concurso que premia propuestas de investigaci\u00f3n colaborativa con un viaje a la Ant\u00e1rtica\u201d, mencion\u00f3. Asimismo, agreg\u00f3 que \u201chist\u00f3ricamente la regi\u00f3n de Antofagasta siempre ha postulado e incluso han tenido ganadores en versiones anteriores, as\u00ed que sabemos que aqu\u00ed hay j\u00f3venes y docentes interesados\u201d.<br \/>\nEl plazo para presentar propuestas es hasta el 31 de mayo, y los 15 equipos seleccionados a nivel nacional podr\u00e1n viajar a Punta Arenas para participar en la XVI Feria Ant\u00e1rtica Escolar, que se realizar\u00e1 entre el 20 y 23 de junio. En esta actividad, un jurado cient\u00edfico y ciudadano seleccionar\u00e1 las tres mejores propuestas (una de cada l\u00ednea tem\u00e1tica), cuyos equipos podr\u00e1n tener una experiencia: una expedici\u00f3n a la Isla Rey Jorge para conocer el trabajo en terreno de los investigadores del Programa Nacional de Ciencia Ant\u00e1rtica. Tambi\u00e9n, tendr\u00e1n la oportunidad de visitar las bases de otros pa\u00edses en la Isla Rey Jorge, una de las islas Shetland del Sur.<br \/>\nPara conocer las bases de esta iniciativa, pulsa aqu\u00ed (<a href=\"http:\/\/www.inach.cl\/fae\/\">http:\/\/www.inach.cl\/fae\/<\/a>).<br \/>\n&nbsp;<br \/>\n<img decoding=\"async\" class=\"aligncenter size-large wp-image-37481\" src=\"https:\/\/explora.cl\/antofagasta\/wp-content\/uploads\/sites\/4\/2019\/04\/PHOTO-2019-04-24-15-26-22-1-1024x682.jpg\" alt=\"Expedici\u00f3n Escolar Ant\u00e1rtica\" width=\"1024\" height=\"682\" srcset=\"https:\/\/explora.cl\/antofagasta\/wp-content\/uploads\/sites\/4\/2019\/04\/PHOTO-2019-04-24-15-26-22-1-1024x682.jpg 1024w, https:\/\/explora.cl\/antofagasta\/wp-content\/uploads\/sites\/4\/2019\/04\/PHOTO-2019-04-24-15-26-22-1-300x200.jpg 300w, https:\/\/explora.cl\/antofagasta\/wp-content\/uploads\/sites\/4\/2019\/04\/PHOTO-2019-04-24-15-26-22-1-768x512.jpg 768w, https:\/\/explora.cl\/antofagasta\/wp-content\/uploads\/sites\/4\/2019\/04\/PHOTO-2019-04-24-15-26-22-1.jpg 1280w\" sizes=\"(max-width: 1024px) 100vw, 1024px\" \/><\/p>\n","protected":false},"excerpt":{"rendered":"<p>En una expedici\u00f3n a la Ant\u00e1rtica podr\u00edan participar estudiantes y profesores de establecimientos educacionales. Este es el llamado que realiza el Instituto Ant\u00e1rtico Chileno\u00a0 (INACH), en alianza con el Programa Explora de CONICYT y con la colaboraci\u00f3n del Centro de Investigaci\u00f3n Din\u00e1mica de Ecosistemas Marinos en de Altas Latitudes (IDEAL). Este lunes 29 de abril [&hellip;]<\/p>\n","protected":false},"author":2,"featured_media":37506,"comment_status":"closed","ping_status":"open","sticky":false,"template":"","format":"standard","meta":{"_acf_changed":false,"_exactmetrics_skip_tracking":false,"_exactmetrics_sitenote_active":false,"_exactmetrics_sitenote_note":"","_exactmetrics_sitenote_category":0,"footnotes":"","_links_to":"","_links_to_target":""},"categories":[1],"tags":[],"class_list":["post-37504","post","type-post","status-publish","format-standard","has-post-thumbnail","hentry","category-sin-categoria"],"acf":[],"yoast_head":"<!-- This site is optimized with the Yoast SEO plugin v26.9 - https:\/\/yoast.com\/product\/yoast-seo-wordpress\/ -->\n<title>ESTUDIANTES Y DOCENTES PODR\u00c1N PARTICIPAR EN LA XVI FERIA ANT\u00c1RTICA ESCOLAR Y VIAJAR AL CONTINENTE BLANCO - Antofagasta<\/title>\n<meta name=\"robots\" content=\"index, follow, max-snippet:-1, max-image-preview:large, max-video-preview:-1\" \/>\n<link rel=\"canonical\" href=\"https:\/\/explora.cl\/antofagasta\/estudiantes-y-docentes-podran-participar-en-la-xvi-feria-antartica-escolar-y-viajar-al-continente-blanco\/\" class=\"yoast-seo-meta-tag\" \/>\n<meta property=\"og:locale\" content=\"es_ES\" class=\"yoast-seo-meta-tag\" \/>\n<meta property=\"og:type\" content=\"article\" class=\"yoast-seo-meta-tag\" \/>\n<meta property=\"og:title\" content=\"ESTUDIANTES Y DOCENTES PODR\u00c1N PARTICIPAR EN LA XVI FERIA ANT\u00c1RTICA ESCOLAR Y VIAJAR AL CONTINENTE BLANCO - Antofagasta\" class=\"yoast-seo-meta-tag\" \/>\n<meta property=\"og:description\" content=\"En una expedici\u00f3n a la Ant\u00e1rtica podr\u00edan participar estudiantes y profesores de establecimientos educacionales. Este es el llamado que realiza el Instituto Ant\u00e1rtico Chileno\u00a0 (INACH), en alianza con el Programa Explora de CONICYT y con la colaboraci\u00f3n del Centro de Investigaci\u00f3n Din\u00e1mica de Ecosistemas Marinos en de Altas Latitudes (IDEAL). Este lunes 29 de abril [&hellip;]\" class=\"yoast-seo-meta-tag\" \/>\n<meta property=\"og:url\" content=\"https:\/\/explora.cl\/antofagasta\/estudiantes-y-docentes-podran-participar-en-la-xvi-feria-antartica-escolar-y-viajar-al-continente-blanco\/\" class=\"yoast-seo-meta-tag\" \/>\n<meta property=\"og:site_name\" content=\"Antofagasta\" class=\"yoast-seo-meta-tag\" \/>\n<meta property=\"article:published_time\" content=\"2019-04-30T16:37:16+00:00\" class=\"yoast-seo-meta-tag\" \/>\n<meta property=\"article:modified_time\" content=\"2019-05-15T22:02:14+00:00\" class=\"yoast-seo-meta-tag\" \/>\n<meta property=\"og:image\" content=\"https:\/\/explora.cl\/antofagasta\/wp-content\/uploads\/sites\/4\/2019\/04\/WhatsApp-Image-2019-04-30-at-11.36.21.jpeg\" class=\"yoast-seo-meta-tag\" \/>\n\t<meta property=\"og:image:width\" content=\"1280\" class=\"yoast-seo-meta-tag\" \/>\n\t<meta property=\"og:image:height\" content=\"960\" class=\"yoast-seo-meta-tag\" \/>\n\t<meta property=\"og:image:type\" content=\"image\/jpeg\" class=\"yoast-seo-meta-tag\" \/>\n<meta name=\"author\" content=\"webman\" class=\"yoast-seo-meta-tag\" \/>\n<meta name=\"twitter:card\" content=\"summary_large_image\" class=\"yoast-seo-meta-tag\" \/>\n<meta name=\"twitter:label1\" content=\"Escrito por\" class=\"yoast-seo-meta-tag\" \/>\n\t<meta name=\"twitter:data1\" content=\"webman\" class=\"yoast-seo-meta-tag\" \/>\n\t<meta name=\"twitter:label2\" content=\"Tiempo estimado de lectura\" class=\"yoast-seo-meta-tag\" \/>\n\t<meta name=\"twitter:data2\" content=\"2 minutos\" class=\"yoast-seo-meta-tag\" \/>\n<script type=\"application\/ld+json\" class=\"yoast-schema-graph\">{\"@context\":\"https:\/\/schema.org\",\"@graph\":[{\"@type\":\"Article\",\"@id\":\"https:\/\/explora.cl\/antofagasta\/estudiantes-y-docentes-podran-participar-en-la-xvi-feria-antartica-escolar-y-viajar-al-continente-blanco\/#article\",\"isPartOf\":{\"@id\":\"https:\/\/explora.cl\/antofagasta\/estudiantes-y-docentes-podran-participar-en-la-xvi-feria-antartica-escolar-y-viajar-al-continente-blanco\/\"},\"author\":{\"name\":\"webman\",\"@id\":\"https:\/\/explora.cl\/antofagasta\/#\/schema\/person\/cb8349c13ea2d324080adf8480d7ba5d\"},\"headline\":\"ESTUDIANTES Y DOCENTES PODR\u00c1N PARTICIPAR EN LA XVI FERIA ANT\u00c1RTICA ESCOLAR Y VIAJAR AL CONTINENTE BLANCO\",\"datePublished\":\"2019-04-30T16:37:16+00:00\",\"dateModified\":\"2019-05-15T22:02:14+00:00\",\"mainEntityOfPage\":{\"@id\":\"https:\/\/explora.cl\/antofagasta\/estudiantes-y-docentes-podran-participar-en-la-xvi-feria-antartica-escolar-y-viajar-al-continente-blanco\/\"},\"wordCount\":512,\"image\":{\"@id\":\"https:\/\/explora.cl\/antofagasta\/estudiantes-y-docentes-podran-participar-en-la-xvi-feria-antartica-escolar-y-viajar-al-continente-blanco\/#primaryimage\"},\"thumbnailUrl\":\"https:\/\/explora.cl\/antofagasta\/wp-content\/uploads\/sites\/4\/2019\/04\/WhatsApp-Image-2019-04-30-at-11.36.21.jpeg\",\"inLanguage\":\"es-CL\"},{\"@type\":\"WebPage\",\"@id\":\"https:\/\/explora.cl\/antofagasta\/estudiantes-y-docentes-podran-participar-en-la-xvi-feria-antartica-escolar-y-viajar-al-continente-blanco\/\",\"url\":\"https:\/\/explora.cl\/antofagasta\/estudiantes-y-docentes-podran-participar-en-la-xvi-feria-antartica-escolar-y-viajar-al-continente-blanco\/\",\"name\":\"ESTUDIANTES Y DOCENTES PODR\u00c1N PARTICIPAR EN LA XVI FERIA ANT\u00c1RTICA ESCOLAR Y VIAJAR AL CONTINENTE BLANCO - Antofagasta\",\"isPartOf\":{\"@id\":\"https:\/\/explora.cl\/antofagasta\/#website\"},\"primaryImageOfPage\":{\"@id\":\"https:\/\/explora.cl\/antofagasta\/estudiantes-y-docentes-podran-participar-en-la-xvi-feria-antartica-escolar-y-viajar-al-continente-blanco\/#primaryimage\"},\"image\":{\"@id\":\"https:\/\/explora.cl\/antofagasta\/estudiantes-y-docentes-podran-participar-en-la-xvi-feria-antartica-escolar-y-viajar-al-continente-blanco\/#primaryimage\"},\"thumbnailUrl\":\"https:\/\/explora.cl\/antofagasta\/wp-content\/uploads\/sites\/4\/2019\/04\/WhatsApp-Image-2019-04-30-at-11.36.21.jpeg\",\"datePublished\":\"2019-04-30T16:37:16+00:00\",\"dateModified\":\"2019-05-15T22:02:14+00:00\",\"author\":{\"@id\":\"https:\/\/explora.cl\/antofagasta\/#\/schema\/person\/cb8349c13ea2d324080adf8480d7ba5d\"},\"breadcrumb\":{\"@id\":\"https:\/\/explora.cl\/antofagasta\/estudiantes-y-docentes-podran-participar-en-la-xvi-feria-antartica-escolar-y-viajar-al-continente-blanco\/#breadcrumb\"},\"inLanguage\":\"es-CL\",\"potentialAction\":[{\"@type\":\"ReadAction\",\"target\":[\"https:\/\/explora.cl\/antofagasta\/estudiantes-y-docentes-podran-participar-en-la-xvi-feria-antartica-escolar-y-viajar-al-continente-blanco\/\"]}]},{\"@type\":\"ImageObject\",\"inLanguage\":\"es-CL\",\"@id\":\"https:\/\/explora.cl\/antofagasta\/estudiantes-y-docentes-podran-participar-en-la-xvi-feria-antartica-escolar-y-viajar-al-continente-blanco\/#primaryimage\",\"url\":\"https:\/\/explora.cl\/antofagasta\/wp-content\/uploads\/sites\/4\/2019\/04\/WhatsApp-Image-2019-04-30-at-11.36.21.jpeg\",\"contentUrl\":\"https:\/\/explora.cl\/antofagasta\/wp-content\/uploads\/sites\/4\/2019\/04\/WhatsApp-Image-2019-04-30-at-11.36.21.jpeg\",\"width\":1280,\"height\":960,\"caption\":\"Jornada Informativa INCAH en UCN\"},{\"@type\":\"BreadcrumbList\",\"@id\":\"https:\/\/explora.cl\/antofagasta\/estudiantes-y-docentes-podran-participar-en-la-xvi-feria-antartica-escolar-y-viajar-al-continente-blanco\/#breadcrumb\",\"itemListElement\":[{\"@type\":\"ListItem\",\"position\":1,\"name\":\"Portada\",\"item\":\"https:\/\/explora.cl\/antofagasta\/\"},{\"@type\":\"ListItem\",\"position\":2,\"name\":\"ESTUDIANTES Y DOCENTES PODR\u00c1N PARTICIPAR EN LA XVI FERIA ANT\u00c1RTICA ESCOLAR Y VIAJAR AL CONTINENTE BLANCO\"}]},{\"@type\":\"WebSite\",\"@id\":\"https:\/\/explora.cl\/antofagasta\/#website\",\"url\":\"https:\/\/explora.cl\/antofagasta\/\",\"name\":\"Antofagasta\",\"description\":\"Otro sitio m\u00e1s de explora.cl\",\"potentialAction\":[{\"@type\":\"SearchAction\",\"target\":{\"@type\":\"EntryPoint\",\"urlTemplate\":\"https:\/\/explora.cl\/antofagasta\/?s={search_term_string}\"},\"query-input\":{\"@type\":\"PropertyValueSpecification\",\"valueRequired\":true,\"valueName\":\"search_term_string\"}}],\"inLanguage\":\"es-CL\"},{\"@type\":\"Person\",\"@id\":\"https:\/\/explora.cl\/antofagasta\/#\/schema\/person\/cb8349c13ea2d324080adf8480d7ba5d\",\"name\":\"webman\",\"image\":{\"@type\":\"ImageObject\",\"inLanguage\":\"es-CL\",\"@id\":\"https:\/\/explora.cl\/antofagasta\/#\/schema\/person\/image\/\",\"url\":\"https:\/\/secure.gravatar.com\/avatar\/eeff3c82f2c02f7177d13663b7e6f890e9a6a0647ce9bb29cae02dcb094c7312?s=96&d=mm&r=g\",\"contentUrl\":\"https:\/\/secure.gravatar.com\/avatar\/eeff3c82f2c02f7177d13663b7e6f890e9a6a0647ce9bb29cae02dcb094c7312?s=96&d=mm&r=g\",\"caption\":\"webman\"},\"url\":\"https:\/\/explora.cl\/antofagasta\/author\/webman\/\"}]}<\/script>\n<!-- \/ Yoast SEO plugin. -->","yoast_head_json":{"title":"ESTUDIANTES Y DOCENTES PODR\u00c1N PARTICIPAR EN LA XVI FERIA ANT\u00c1RTICA ESCOLAR Y VIAJAR AL CONTINENTE BLANCO - Antofagasta","robots":{"index":"index","follow":"follow","max-snippet":"max-snippet:-1","max-image-preview":"max-image-preview:large","max-video-preview":"max-video-preview:-1"},"canonical":"https:\/\/explora.cl\/antofagasta\/estudiantes-y-docentes-podran-participar-en-la-xvi-feria-antartica-escolar-y-viajar-al-continente-blanco\/","og_locale":"es_ES","og_type":"article","og_title":"ESTUDIANTES Y DOCENTES PODR\u00c1N PARTICIPAR EN LA XVI FERIA ANT\u00c1RTICA ESCOLAR Y VIAJAR AL CONTINENTE BLANCO - Antofagasta","og_description":"En una expedici\u00f3n a la Ant\u00e1rtica podr\u00edan participar estudiantes y profesores de establecimientos educacionales. Este es el llamado que realiza el Instituto Ant\u00e1rtico Chileno\u00a0 (INACH), en alianza con el Programa Explora de CONICYT y con la colaboraci\u00f3n del Centro de Investigaci\u00f3n Din\u00e1mica de Ecosistemas Marinos en de Altas Latitudes (IDEAL). Este lunes 29 de abril [&hellip;]","og_url":"https:\/\/explora.cl\/antofagasta\/estudiantes-y-docentes-podran-participar-en-la-xvi-feria-antartica-escolar-y-viajar-al-continente-blanco\/","og_site_name":"Antofagasta","article_published_time":"2019-04-30T16:37:16+00:00","article_modified_time":"2019-05-15T22:02:14+00:00","og_image":[{"width":1280,"height":960,"url":"https:\/\/explora.cl\/antofagasta\/wp-content\/uploads\/sites\/4\/2019\/04\/WhatsApp-Image-2019-04-30-at-11.36.21.jpeg","type":"image\/jpeg"}],"author":"webman","twitter_card":"summary_large_image","twitter_misc":{"Escrito por":"webman","Tiempo estimado de lectura":"2 minutos"},"schema":{"@context":"https:\/\/schema.org","@graph":[{"@type":"Article","@id":"https:\/\/explora.cl\/antofagasta\/estudiantes-y-docentes-podran-participar-en-la-xvi-feria-antartica-escolar-y-viajar-al-continente-blanco\/#article","isPartOf":{"@id":"https:\/\/explora.cl\/antofagasta\/estudiantes-y-docentes-podran-participar-en-la-xvi-feria-antartica-escolar-y-viajar-al-continente-blanco\/"},"author":{"name":"webman","@id":"https:\/\/explora.cl\/antofagasta\/#\/schema\/person\/cb8349c13ea2d324080adf8480d7ba5d"},"headline":"ESTUDIANTES Y DOCENTES PODR\u00c1N PARTICIPAR EN LA XVI FERIA ANT\u00c1RTICA ESCOLAR Y VIAJAR AL CONTINENTE BLANCO","datePublished":"2019-04-30T16:37:16+00:00","dateModified":"2019-05-15T22:02:14+00:00","mainEntityOfPage":{"@id":"https:\/\/explora.cl\/antofagasta\/estudiantes-y-docentes-podran-participar-en-la-xvi-feria-antartica-escolar-y-viajar-al-continente-blanco\/"},"wordCount":512,"image":{"@id":"https:\/\/explora.cl\/antofagasta\/estudiantes-y-docentes-podran-participar-en-la-xvi-feria-antartica-escolar-y-viajar-al-continente-blanco\/#primaryimage"},"thumbnailUrl":"https:\/\/explora.cl\/antofagasta\/wp-content\/uploads\/sites\/4\/2019\/04\/WhatsApp-Image-2019-04-30-at-11.36.21.jpeg","inLanguage":"es-CL"},{"@type":"WebPage","@id":"https:\/\/explora.cl\/antofagasta\/estudiantes-y-docentes-podran-participar-en-la-xvi-feria-antartica-escolar-y-viajar-al-continente-blanco\/","url":"https:\/\/explora.cl\/antofagasta\/estudiantes-y-docentes-podran-participar-en-la-xvi-feria-antartica-escolar-y-viajar-al-continente-blanco\/","name":"ESTUDIANTES Y DOCENTES PODR\u00c1N PARTICIPAR EN LA XVI FERIA ANT\u00c1RTICA ESCOLAR Y VIAJAR AL CONTINENTE BLANCO - Antofagasta","isPartOf":{"@id":"https:\/\/explora.cl\/antofagasta\/#website"},"primaryImageOfPage":{"@id":"https:\/\/explora.cl\/antofagasta\/estudiantes-y-docentes-podran-participar-en-la-xvi-feria-antartica-escolar-y-viajar-al-continente-blanco\/#primaryimage"},"image":{"@id":"https:\/\/explora.cl\/antofagasta\/estudiantes-y-docentes-podran-participar-en-la-xvi-feria-antartica-escolar-y-viajar-al-continente-blanco\/#primaryimage"},"thumbnailUrl":"https:\/\/explora.cl\/antofagasta\/wp-content\/uploads\/sites\/4\/2019\/04\/WhatsApp-Image-2019-04-30-at-11.36.21.jpeg","datePublished":"2019-04-30T16:37:16+00:00","dateModified":"2019-05-15T22:02:14+00:00","author":{"@id":"https:\/\/explora.cl\/antofagasta\/#\/schema\/person\/cb8349c13ea2d324080adf8480d7ba5d"},"breadcrumb":{"@id":"https:\/\/explora.cl\/antofagasta\/estudiantes-y-docentes-podran-participar-en-la-xvi-feria-antartica-escolar-y-viajar-al-continente-blanco\/#breadcrumb"},"inLanguage":"es-CL","potentialAction":[{"@type":"ReadAction","target":["https:\/\/explora.cl\/antofagasta\/estudiantes-y-docentes-podran-participar-en-la-xvi-feria-antartica-escolar-y-viajar-al-continente-blanco\/"]}]},{"@type":"ImageObject","inLanguage":"es-CL","@id":"https:\/\/explora.cl\/antofagasta\/estudiantes-y-docentes-podran-participar-en-la-xvi-feria-antartica-escolar-y-viajar-al-continente-blanco\/#primaryimage","url":"https:\/\/explora.cl\/antofagasta\/wp-content\/uploads\/sites\/4\/2019\/04\/WhatsApp-Image-2019-04-30-at-11.36.21.jpeg","contentUrl":"https:\/\/explora.cl\/antofagasta\/wp-content\/uploads\/sites\/4\/2019\/04\/WhatsApp-Image-2019-04-30-at-11.36.21.jpeg","width":1280,"height":960,"caption":"Jornada Informativa INCAH en UCN"},{"@type":"BreadcrumbList","@id":"https:\/\/explora.cl\/antofagasta\/estudiantes-y-docentes-podran-participar-en-la-xvi-feria-antartica-escolar-y-viajar-al-continente-blanco\/#breadcrumb","itemListElement":[{"@type":"ListItem","position":1,"name":"Portada","item":"https:\/\/explora.cl\/antofagasta\/"},{"@type":"ListItem","position":2,"name":"ESTUDIANTES Y DOCENTES PODR\u00c1N PARTICIPAR EN LA XVI FERIA ANT\u00c1RTICA ESCOLAR Y VIAJAR AL CONTINENTE BLANCO"}]},{"@type":"WebSite","@id":"https:\/\/explora.cl\/antofagasta\/#website","url":"https:\/\/explora.cl\/antofagasta\/","name":"Antofagasta","description":"Otro sitio m\u00e1s de explora.cl","potentialAction":[{"@type":"SearchAction","target":{"@type":"EntryPoint","urlTemplate":"https:\/\/explora.cl\/antofagasta\/?s={search_term_string}"},"query-input":{"@type":"PropertyValueSpecification","valueRequired":true,"valueName":"search_term_string"}}],"inLanguage":"es-CL"},{"@type":"Person","@id":"https:\/\/explora.cl\/antofagasta\/#\/schema\/person\/cb8349c13ea2d324080adf8480d7ba5d","name":"webman","image":{"@type":"ImageObject","inLanguage":"es-CL","@id":"https:\/\/explora.cl\/antofagasta\/#\/schema\/person\/image\/","url":"https:\/\/secure.gravatar.com\/avatar\/eeff3c82f2c02f7177d13663b7e6f890e9a6a0647ce9bb29cae02dcb094c7312?s=96&d=mm&r=g","contentUrl":"https:\/\/secure.gravatar.com\/avatar\/eeff3c82f2c02f7177d13663b7e6f890e9a6a0647ce9bb29cae02dcb094c7312?s=96&d=mm&r=g","caption":"webman"},"url":"https:\/\/explora.cl\/antofagasta\/author\/webman\/"}]}},"_links":{"self":[{"href":"https:\/\/explora.cl\/antofagasta\/wp-json\/wp\/v2\/posts\/37504","targetHints":{"allow":["GET"]}}],"collection":[{"href":"https:\/\/explora.cl\/antofagasta\/wp-json\/wp\/v2\/posts"}],"about":[{"href":"https:\/\/explora.cl\/antofagasta\/wp-json\/wp\/v2\/types\/post"}],"author":[{"embeddable":true,"href":"https:\/\/explora.cl\/antofagasta\/wp-json\/wp\/v2\/users\/2"}],"replies":[{"embeddable":true,"href":"https:\/\/explora.cl\/antofagasta\/wp-json\/wp\/v2\/comments?post=37504"}],"version-history":[{"count":1,"href":"https:\/\/explora.cl\/antofagasta\/wp-json\/wp\/v2\/posts\/37504\/revisions"}],"predecessor-version":[{"id":37979,"href":"https:\/\/explora.cl\/antofagasta\/wp-json\/wp\/v2\/posts\/37504\/revisions\/37979"}],"wp:featuredmedia":[{"embeddable":true,"href":"https:\/\/explora.cl\/antofagasta\/wp-json\/wp\/v2\/media\/37506"}],"wp:attachment":[{"href":"https:\/\/explora.cl\/antofagasta\/wp-json\/wp\/v2\/media?parent=37504"}],"wp:term":[{"taxonomy":"category","embeddable":true,"href":"https:\/\/explora.cl\/antofagasta\/wp-json\/wp\/v2\/categories?post=37504"},{"taxonomy":"post_tag","embeddable":true,"href":"https:\/\/explora.cl\/antofagasta\/wp-json\/wp\/v2\/tags?post=37504"}],"curies":[{"name":"wp","href":"https:\/\/api.w.org\/{rel}","templated":true}]}}