{"id":32265,"date":"2015-09-09T19:10:02","date_gmt":"2015-09-09T19:10:02","guid":{"rendered":"https:\/\/explora.cl\/antofagasta\/blog\/2015\/09\/09\/par-explora-antofagasta-realizo-presentacion-de-la-xxi-sncyt\/"},"modified":"2019-05-16T03:20:22","modified_gmt":"2019-05-16T03:20:22","slug":"par-explora-antofagasta-realizo-presentacion-de-la-xxi-sncyt","status":"publish","type":"post","link":"https:\/\/explora.cl\/antofagasta\/par-explora-antofagasta-realizo-presentacion-de-la-xxi-sncyt\/","title":{"rendered":"PAR EXPLORA Antofagasta realiz\u00f3 presentaci\u00f3n de la XXI SNCYT"},"content":{"rendered":"<p><img fetchpriority=\"high\" decoding=\"async\" class=\" size-full wp-image-14639\" src=\"https:\/\/explora.cl\/wp-content\/uploads\/2015\/09\/bff47af7018f4f166ef78d16222649e2.jpg\" alt=\"\" width=\"1296\" height=\"864\" \/><\/p>\n<p>Diversos medios de comunicaci\u00f3n de Antofagasta asistieron esta ma\u00f1ana a la Presentaci\u00f3n de Actividades de la XXI Semana Nacional de la Ciencia y la Tecnolog\u00eda, iniciativa del Programa EXPLORA CONICYT que en la regi\u00f3n es organizada y ejecutada por el PAR EXPLORA Antofagasta.<\/p>\n<p>En la jornada desarrollada en el campus Angamos de la Universidad de Antofagasta, estuvieron presentes periodistas de los medios: Chileradar, El Mercurio de Antofagasta, La Estrella de Antofagasta, Ediciones Especiales de El Mercurio de Antofagasta, Vive Chile Antofagasta y Revista Norte Minero, como tambi\u00e9n profesionales de Comunicaciones UA y de la Vicerrector\u00eda de Investigaci\u00f3n y Desarrollo Tecnol\u00f3gico de la Universidad Cat\u00f3lica del Norte.<\/p>\n<p>Durante la actividad la directora del PAR EXPLORA Antofagasta, Gladys Hayashida, abord\u00f3 cada una de las iniciativas que se llevar\u00e1n a cabo en octubre, tanto nacionales como regionales, entre \u00e9stas: Pasacalle 2015 Conocer Ilumina, Laboratorios Abiertos, D\u00eda de la Ciencia en mi Colegio, Mon\u00f3logos Cient\u00edficos, Visitas Guiadas, Cient\u00edficos por un D\u00eda, 1000 Cient\u00edficos 1000 Aulas, y varios otras que ser\u00e1n en modalidad de charlas, talleres, eventos y muestras.<\/p>\n<p>Al respecto la directora coment\u00f3 que &#8220;estamos muy agradecidos por la presencia de los medios de comunicaci\u00f3n en esta actividad dirigida especialmente a la prensa, ya que a trav\u00e9s de ellos podemos llegar cada vez m\u00e1s a los habitantes de la regi\u00f3n. En ese sentido su rol es clave porque se realizan muchas investigaciones, trabajos a&nbsp;nivel de la comunidad cient\u00edfica y comunidad escolar,&nbsp;logros relevantes que es necesario que la gente conozca, que hay ciencia en la regi\u00f3n y que se viene haciendo hace mucho tiempo&#8221;.<\/p>\n<p>El director de la Direcci\u00f3n de Gesti\u00f3n de la Investigaci\u00f3n de la Universidad de Antofagasta, Luis Medina, tambi\u00e9n coment\u00f3 la importancia que tienen los profesionales de las comunicaciones en el apoyo de la difusi\u00f3n y divulgaci\u00f3n de la ciencia y la tecnolog\u00eda, ya que de esta manera la comunidad puede ser part\u00edcipe de las actividades, como tambi\u00e9n se pone en palestra el trabajo de los cient\u00edficos y cient\u00edficas de la regi\u00f3n. &#8220;Necesitamos reformar la mentalidad de las personas, de los estudiantes, una que no pasa solo por una ley, sino que a trav\u00e9s de lo que se transmite, de lo que se difunde. Somos seres visuales e instaurar los contenidos cient\u00edficos en la comunidad es una tarea por la que debemos trabajar&#8221;, expres\u00f3.<\/p>\n<p>&nbsp;<\/p>\n","protected":false},"excerpt":{"rendered":"<p>Diversos medios de comunicaci\u00f3n de Antofagasta asistieron esta ma\u00f1ana a la Presentaci\u00f3n de Actividades de la XXI Semana Nacional de la Ciencia y la Tecnolog\u00eda, iniciativa del Programa EXPLORA CONICYT que en la regi\u00f3n es organizada y ejecutada por el PAR EXPLORA Antofagasta. En la jornada desarrollada en el campus Angamos de la Universidad de [&hellip;]<\/p>\n","protected":false},"author":2,"featured_media":14639,"comment_status":"closed","ping_status":"open","sticky":false,"template":"","format":"standard","meta":{"_acf_changed":false,"_exactmetrics_skip_tracking":false,"_exactmetrics_sitenote_active":false,"_exactmetrics_sitenote_note":"","_exactmetrics_sitenote_category":0,"footnotes":"","_links_to":"","_links_to_target":""},"categories":[4],"tags":[],"class_list":["post-32265","post","type-post","status-publish","format-standard","has-post-thumbnail","hentry","category-noticias"],"acf":[],"yoast_head":"<!-- This site is optimized with the Yoast SEO plugin v26.9 - https:\/\/yoast.com\/product\/yoast-seo-wordpress\/ -->\n<title>PAR EXPLORA Antofagasta realiz\u00f3 presentaci\u00f3n de la XXI SNCYT - Antofagasta<\/title>\n<meta name=\"robots\" content=\"index, follow, max-snippet:-1, max-image-preview:large, max-video-preview:-1\" \/>\n<link rel=\"canonical\" href=\"https:\/\/explora.cl\/antofagasta\/par-explora-antofagasta-realizo-presentacion-de-la-xxi-sncyt\/\" class=\"yoast-seo-meta-tag\" \/>\n<meta property=\"og:locale\" content=\"es_ES\" class=\"yoast-seo-meta-tag\" \/>\n<meta property=\"og:type\" content=\"article\" class=\"yoast-seo-meta-tag\" \/>\n<meta property=\"og:title\" content=\"PAR EXPLORA Antofagasta realiz\u00f3 presentaci\u00f3n de la XXI SNCYT - Antofagasta\" class=\"yoast-seo-meta-tag\" \/>\n<meta property=\"og:description\" content=\"Diversos medios de comunicaci\u00f3n de Antofagasta asistieron esta ma\u00f1ana a la Presentaci\u00f3n de Actividades de la XXI Semana Nacional de la Ciencia y la Tecnolog\u00eda, iniciativa del Programa EXPLORA CONICYT que en la regi\u00f3n es organizada y ejecutada por el PAR EXPLORA Antofagasta. En la jornada desarrollada en el campus Angamos de la Universidad de [&hellip;]\" class=\"yoast-seo-meta-tag\" \/>\n<meta property=\"og:url\" content=\"https:\/\/explora.cl\/antofagasta\/par-explora-antofagasta-realizo-presentacion-de-la-xxi-sncyt\/\" class=\"yoast-seo-meta-tag\" \/>\n<meta property=\"og:site_name\" content=\"Antofagasta\" class=\"yoast-seo-meta-tag\" \/>\n<meta property=\"article:published_time\" content=\"2015-09-09T19:10:02+00:00\" class=\"yoast-seo-meta-tag\" \/>\n<meta property=\"article:modified_time\" content=\"2019-05-16T03:20:22+00:00\" class=\"yoast-seo-meta-tag\" \/>\n<meta name=\"author\" content=\"webman\" class=\"yoast-seo-meta-tag\" \/>\n<meta name=\"twitter:card\" content=\"summary_large_image\" class=\"yoast-seo-meta-tag\" \/>\n<meta name=\"twitter:label1\" content=\"Escrito por\" class=\"yoast-seo-meta-tag\" \/>\n\t<meta name=\"twitter:data1\" content=\"webman\" class=\"yoast-seo-meta-tag\" \/>\n\t<meta name=\"twitter:label2\" content=\"Tiempo estimado de lectura\" class=\"yoast-seo-meta-tag\" \/>\n\t<meta name=\"twitter:data2\" content=\"2 minutos\" class=\"yoast-seo-meta-tag\" \/>\n<script type=\"application\/ld+json\" class=\"yoast-schema-graph\">{\"@context\":\"https:\/\/schema.org\",\"@graph\":[{\"@type\":\"Article\",\"@id\":\"https:\/\/explora.cl\/antofagasta\/par-explora-antofagasta-realizo-presentacion-de-la-xxi-sncyt\/#article\",\"isPartOf\":{\"@id\":\"https:\/\/explora.cl\/antofagasta\/par-explora-antofagasta-realizo-presentacion-de-la-xxi-sncyt\/\"},\"author\":{\"name\":\"webman\",\"@id\":\"https:\/\/explora.cl\/antofagasta\/#\/schema\/person\/cb8349c13ea2d324080adf8480d7ba5d\"},\"headline\":\"PAR EXPLORA Antofagasta realiz\u00f3 presentaci\u00f3n de la XXI SNCYT\",\"datePublished\":\"2015-09-09T19:10:02+00:00\",\"dateModified\":\"2019-05-16T03:20:22+00:00\",\"mainEntityOfPage\":{\"@id\":\"https:\/\/explora.cl\/antofagasta\/par-explora-antofagasta-realizo-presentacion-de-la-xxi-sncyt\/\"},\"wordCount\":432,\"image\":{\"@id\":\"https:\/\/explora.cl\/antofagasta\/par-explora-antofagasta-realizo-presentacion-de-la-xxi-sncyt\/#primaryimage\"},\"thumbnailUrl\":\"\",\"articleSection\":[\"Noticias\"],\"inLanguage\":\"es-CL\"},{\"@type\":\"WebPage\",\"@id\":\"https:\/\/explora.cl\/antofagasta\/par-explora-antofagasta-realizo-presentacion-de-la-xxi-sncyt\/\",\"url\":\"https:\/\/explora.cl\/antofagasta\/par-explora-antofagasta-realizo-presentacion-de-la-xxi-sncyt\/\",\"name\":\"PAR EXPLORA Antofagasta realiz\u00f3 presentaci\u00f3n de la XXI SNCYT - Antofagasta\",\"isPartOf\":{\"@id\":\"https:\/\/explora.cl\/antofagasta\/#website\"},\"primaryImageOfPage\":{\"@id\":\"https:\/\/explora.cl\/antofagasta\/par-explora-antofagasta-realizo-presentacion-de-la-xxi-sncyt\/#primaryimage\"},\"image\":{\"@id\":\"https:\/\/explora.cl\/antofagasta\/par-explora-antofagasta-realizo-presentacion-de-la-xxi-sncyt\/#primaryimage\"},\"thumbnailUrl\":\"\",\"datePublished\":\"2015-09-09T19:10:02+00:00\",\"dateModified\":\"2019-05-16T03:20:22+00:00\",\"author\":{\"@id\":\"https:\/\/explora.cl\/antofagasta\/#\/schema\/person\/cb8349c13ea2d324080adf8480d7ba5d\"},\"breadcrumb\":{\"@id\":\"https:\/\/explora.cl\/antofagasta\/par-explora-antofagasta-realizo-presentacion-de-la-xxi-sncyt\/#breadcrumb\"},\"inLanguage\":\"es-CL\",\"potentialAction\":[{\"@type\":\"ReadAction\",\"target\":[\"https:\/\/explora.cl\/antofagasta\/par-explora-antofagasta-realizo-presentacion-de-la-xxi-sncyt\/\"]}]},{\"@type\":\"ImageObject\",\"inLanguage\":\"es-CL\",\"@id\":\"https:\/\/explora.cl\/antofagasta\/par-explora-antofagasta-realizo-presentacion-de-la-xxi-sncyt\/#primaryimage\",\"url\":\"\",\"contentUrl\":\"\"},{\"@type\":\"BreadcrumbList\",\"@id\":\"https:\/\/explora.cl\/antofagasta\/par-explora-antofagasta-realizo-presentacion-de-la-xxi-sncyt\/#breadcrumb\",\"itemListElement\":[{\"@type\":\"ListItem\",\"position\":1,\"name\":\"Portada\",\"item\":\"https:\/\/explora.cl\/antofagasta\/\"},{\"@type\":\"ListItem\",\"position\":2,\"name\":\"PAR EXPLORA Antofagasta realiz\u00f3 presentaci\u00f3n de la XXI SNCYT\"}]},{\"@type\":\"WebSite\",\"@id\":\"https:\/\/explora.cl\/antofagasta\/#website\",\"url\":\"https:\/\/explora.cl\/antofagasta\/\",\"name\":\"Antofagasta\",\"description\":\"Otro sitio m\u00e1s de explora.cl\",\"potentialAction\":[{\"@type\":\"SearchAction\",\"target\":{\"@type\":\"EntryPoint\",\"urlTemplate\":\"https:\/\/explora.cl\/antofagasta\/?s={search_term_string}\"},\"query-input\":{\"@type\":\"PropertyValueSpecification\",\"valueRequired\":true,\"valueName\":\"search_term_string\"}}],\"inLanguage\":\"es-CL\"},{\"@type\":\"Person\",\"@id\":\"https:\/\/explora.cl\/antofagasta\/#\/schema\/person\/cb8349c13ea2d324080adf8480d7ba5d\",\"name\":\"webman\",\"image\":{\"@type\":\"ImageObject\",\"inLanguage\":\"es-CL\",\"@id\":\"https:\/\/explora.cl\/antofagasta\/#\/schema\/person\/image\/\",\"url\":\"https:\/\/secure.gravatar.com\/avatar\/eeff3c82f2c02f7177d13663b7e6f890e9a6a0647ce9bb29cae02dcb094c7312?s=96&d=mm&r=g\",\"contentUrl\":\"https:\/\/secure.gravatar.com\/avatar\/eeff3c82f2c02f7177d13663b7e6f890e9a6a0647ce9bb29cae02dcb094c7312?s=96&d=mm&r=g\",\"caption\":\"webman\"},\"url\":\"https:\/\/explora.cl\/antofagasta\/author\/webman\/\"}]}<\/script>\n<!-- \/ Yoast SEO plugin. -->","yoast_head_json":{"title":"PAR EXPLORA Antofagasta realiz\u00f3 presentaci\u00f3n de la XXI SNCYT - Antofagasta","robots":{"index":"index","follow":"follow","max-snippet":"max-snippet:-1","max-image-preview":"max-image-preview:large","max-video-preview":"max-video-preview:-1"},"canonical":"https:\/\/explora.cl\/antofagasta\/par-explora-antofagasta-realizo-presentacion-de-la-xxi-sncyt\/","og_locale":"es_ES","og_type":"article","og_title":"PAR EXPLORA Antofagasta realiz\u00f3 presentaci\u00f3n de la XXI SNCYT - Antofagasta","og_description":"Diversos medios de comunicaci\u00f3n de Antofagasta asistieron esta ma\u00f1ana a la Presentaci\u00f3n de Actividades de la XXI Semana Nacional de la Ciencia y la Tecnolog\u00eda, iniciativa del Programa EXPLORA CONICYT que en la regi\u00f3n es organizada y ejecutada por el PAR EXPLORA Antofagasta. En la jornada desarrollada en el campus Angamos de la Universidad de [&hellip;]","og_url":"https:\/\/explora.cl\/antofagasta\/par-explora-antofagasta-realizo-presentacion-de-la-xxi-sncyt\/","og_site_name":"Antofagasta","article_published_time":"2015-09-09T19:10:02+00:00","article_modified_time":"2019-05-16T03:20:22+00:00","author":"webman","twitter_card":"summary_large_image","twitter_misc":{"Escrito por":"webman","Tiempo estimado de lectura":"2 minutos"},"schema":{"@context":"https:\/\/schema.org","@graph":[{"@type":"Article","@id":"https:\/\/explora.cl\/antofagasta\/par-explora-antofagasta-realizo-presentacion-de-la-xxi-sncyt\/#article","isPartOf":{"@id":"https:\/\/explora.cl\/antofagasta\/par-explora-antofagasta-realizo-presentacion-de-la-xxi-sncyt\/"},"author":{"name":"webman","@id":"https:\/\/explora.cl\/antofagasta\/#\/schema\/person\/cb8349c13ea2d324080adf8480d7ba5d"},"headline":"PAR EXPLORA Antofagasta realiz\u00f3 presentaci\u00f3n de la XXI SNCYT","datePublished":"2015-09-09T19:10:02+00:00","dateModified":"2019-05-16T03:20:22+00:00","mainEntityOfPage":{"@id":"https:\/\/explora.cl\/antofagasta\/par-explora-antofagasta-realizo-presentacion-de-la-xxi-sncyt\/"},"wordCount":432,"image":{"@id":"https:\/\/explora.cl\/antofagasta\/par-explora-antofagasta-realizo-presentacion-de-la-xxi-sncyt\/#primaryimage"},"thumbnailUrl":"","articleSection":["Noticias"],"inLanguage":"es-CL"},{"@type":"WebPage","@id":"https:\/\/explora.cl\/antofagasta\/par-explora-antofagasta-realizo-presentacion-de-la-xxi-sncyt\/","url":"https:\/\/explora.cl\/antofagasta\/par-explora-antofagasta-realizo-presentacion-de-la-xxi-sncyt\/","name":"PAR EXPLORA Antofagasta realiz\u00f3 presentaci\u00f3n de la XXI SNCYT - Antofagasta","isPartOf":{"@id":"https:\/\/explora.cl\/antofagasta\/#website"},"primaryImageOfPage":{"@id":"https:\/\/explora.cl\/antofagasta\/par-explora-antofagasta-realizo-presentacion-de-la-xxi-sncyt\/#primaryimage"},"image":{"@id":"https:\/\/explora.cl\/antofagasta\/par-explora-antofagasta-realizo-presentacion-de-la-xxi-sncyt\/#primaryimage"},"thumbnailUrl":"","datePublished":"2015-09-09T19:10:02+00:00","dateModified":"2019-05-16T03:20:22+00:00","author":{"@id":"https:\/\/explora.cl\/antofagasta\/#\/schema\/person\/cb8349c13ea2d324080adf8480d7ba5d"},"breadcrumb":{"@id":"https:\/\/explora.cl\/antofagasta\/par-explora-antofagasta-realizo-presentacion-de-la-xxi-sncyt\/#breadcrumb"},"inLanguage":"es-CL","potentialAction":[{"@type":"ReadAction","target":["https:\/\/explora.cl\/antofagasta\/par-explora-antofagasta-realizo-presentacion-de-la-xxi-sncyt\/"]}]},{"@type":"ImageObject","inLanguage":"es-CL","@id":"https:\/\/explora.cl\/antofagasta\/par-explora-antofagasta-realizo-presentacion-de-la-xxi-sncyt\/#primaryimage","url":"","contentUrl":""},{"@type":"BreadcrumbList","@id":"https:\/\/explora.cl\/antofagasta\/par-explora-antofagasta-realizo-presentacion-de-la-xxi-sncyt\/#breadcrumb","itemListElement":[{"@type":"ListItem","position":1,"name":"Portada","item":"https:\/\/explora.cl\/antofagasta\/"},{"@type":"ListItem","position":2,"name":"PAR EXPLORA Antofagasta realiz\u00f3 presentaci\u00f3n de la XXI SNCYT"}]},{"@type":"WebSite","@id":"https:\/\/explora.cl\/antofagasta\/#website","url":"https:\/\/explora.cl\/antofagasta\/","name":"Antofagasta","description":"Otro sitio m\u00e1s de explora.cl","potentialAction":[{"@type":"SearchAction","target":{"@type":"EntryPoint","urlTemplate":"https:\/\/explora.cl\/antofagasta\/?s={search_term_string}"},"query-input":{"@type":"PropertyValueSpecification","valueRequired":true,"valueName":"search_term_string"}}],"inLanguage":"es-CL"},{"@type":"Person","@id":"https:\/\/explora.cl\/antofagasta\/#\/schema\/person\/cb8349c13ea2d324080adf8480d7ba5d","name":"webman","image":{"@type":"ImageObject","inLanguage":"es-CL","@id":"https:\/\/explora.cl\/antofagasta\/#\/schema\/person\/image\/","url":"https:\/\/secure.gravatar.com\/avatar\/eeff3c82f2c02f7177d13663b7e6f890e9a6a0647ce9bb29cae02dcb094c7312?s=96&d=mm&r=g","contentUrl":"https:\/\/secure.gravatar.com\/avatar\/eeff3c82f2c02f7177d13663b7e6f890e9a6a0647ce9bb29cae02dcb094c7312?s=96&d=mm&r=g","caption":"webman"},"url":"https:\/\/explora.cl\/antofagasta\/author\/webman\/"}]}},"_links":{"self":[{"href":"https:\/\/explora.cl\/antofagasta\/wp-json\/wp\/v2\/posts\/32265","targetHints":{"allow":["GET"]}}],"collection":[{"href":"https:\/\/explora.cl\/antofagasta\/wp-json\/wp\/v2\/posts"}],"about":[{"href":"https:\/\/explora.cl\/antofagasta\/wp-json\/wp\/v2\/types\/post"}],"author":[{"embeddable":true,"href":"https:\/\/explora.cl\/antofagasta\/wp-json\/wp\/v2\/users\/2"}],"replies":[{"embeddable":true,"href":"https:\/\/explora.cl\/antofagasta\/wp-json\/wp\/v2\/comments?post=32265"}],"version-history":[{"count":1,"href":"https:\/\/explora.cl\/antofagasta\/wp-json\/wp\/v2\/posts\/32265\/revisions"}],"predecessor-version":[{"id":38711,"href":"https:\/\/explora.cl\/antofagasta\/wp-json\/wp\/v2\/posts\/32265\/revisions\/38711"}],"wp:featuredmedia":[{"embeddable":true,"href":"https:\/\/explora.cl\/antofagasta\/wp-json\/"}],"wp:attachment":[{"href":"https:\/\/explora.cl\/antofagasta\/wp-json\/wp\/v2\/media?parent=32265"}],"wp:term":[{"taxonomy":"category","embeddable":true,"href":"https:\/\/explora.cl\/antofagasta\/wp-json\/wp\/v2\/categories?post=32265"},{"taxonomy":"post_tag","embeddable":true,"href":"https:\/\/explora.cl\/antofagasta\/wp-json\/wp\/v2\/tags?post=32265"}],"curies":[{"name":"wp","href":"https:\/\/api.w.org\/{rel}","templated":true}]}}