{"id":32255,"date":"2015-09-21T20:01:25","date_gmt":"2015-09-21T20:01:25","guid":{"rendered":"https:\/\/explora.cl\/antofagasta\/blog\/2015\/09\/21\/jovenes-intervendran-plaza-de-tocopilla-por-proyecto-medioambiental\/"},"modified":"2019-05-16T03:20:21","modified_gmt":"2019-05-16T03:20:21","slug":"jovenes-intervendran-plaza-de-tocopilla-por-proyecto-medioambiental","status":"publish","type":"post","link":"https:\/\/explora.cl\/antofagasta\/jovenes-intervendran-plaza-de-tocopilla-por-proyecto-medioambiental\/","title":{"rendered":"J\u00f3venes intervendr\u00e1n plaza de Tocopilla por proyecto medioambiental"},"content":{"rendered":"<p><img fetchpriority=\"high\" decoding=\"async\" class=\" size-full wp-image-14904\" src=\"https:\/\/explora.cl\/wp-content\/uploads\/2015\/09\/d90b93ac02750928f7cce1f439c89e76.jpg\" alt=\"\" width=\"960\" height=\"720\" \/><\/p>\n<p>&#8220;La Contaminaci\u00f3n Humana y los Mecanismos de Remediaci\u00f3n&#8221; es el nombre de la actividad que la encargada de divulgaci\u00f3n del PAR EXPLORA Antofagasta, Marisol Castro, est\u00e1 desarrollando en Tocopilla, en el marco del Programa Nuestro Norte de Aguas Antofagasta. <\/p>\n<p>La profesional realiz\u00f3 una charla y un taller a los estudiantes del Colegio Sagrada Familia y del Liceo Polit\u00e9cnico Diego Portales, con el objetivo de fomentar sus habilidades para convertirlos en investigadores y agentes de cambio en el vecino puerto y as\u00ed recuperar las \u00e1reas verdes y los espacios p\u00fablicos.<\/p>\n<p>Es as\u00ed como la primera parte de la actividad consisti\u00f3 en entregar conceptos y lineamientos generales sobre las principales fuentes de contaminaci\u00f3n a nivel mundial y local, exponiendo el caso de Tocopilla. Adem\u00e1s, se reconocieron los \u00edtems de basura en el sector a intervenir. &#8220;Durante la charla se les explic\u00f3 a los j\u00f3venes acerca de c\u00f3mo cuidamos el medio ambiente y en qu\u00e9 consiste el concepto de contaminaci\u00f3n, c\u00f3mo se usa, cu\u00e1l es la correcta definici\u00f3n.<\/p>\n<p>Tambi\u00e9n se abord\u00f3 el tema a nivel mundial y en esa l\u00ednea ver en qu\u00e9 situaci\u00f3n est\u00e1 la localidad. Vimos ejemplos de los 10 pa\u00edses m\u00e1s contaminados del mundo y en Tocopilla nos enfocamos en la contaminaci\u00f3n del aire que se produce principalmente por las termoel\u00e9ctricas instaladas all\u00ed&#8221;, explic\u00f3 Castro.<br \/>Luego realizaron un taller pr\u00e1ctico denominado &#8220;Descubriendo la Basura en la Plaza de mi Barrio&#8221;, en el que los estudiantes debieron elaborar una encuesta para los vecinos y as\u00ed, en una segunda instancia, levantar datos en la que cuantificar\u00e1n los principales \u00edtems de basura.<\/p>\n<p>&#8220;La idea de la encuesta es que los ni\u00f1os entiendan que se puede hacer algo, una intervenci\u00f3n en la plaza. Con \u00e9sta sabremos cu\u00e1l es la percepci\u00f3n de los vecinos sobre el medio ambiente en el que est\u00e1n insertos. Tambi\u00e9n van a hacer un muestreo en terreno para identificar los \u00edtems de basura de la plaza, eso se hace a trav\u00e9s de estaciones &#8220;, coment\u00f3 la encargada de divulgaci\u00f3n. En la segunda parte del taller se analizar\u00e1 la encuesta aplicada a los vecinos para elaborar una tabla de gr\u00e1ficos y resultados que den cuenta del trabajo realizado en Tocopilla.<\/p>\n<p>Escrito por Claudia C\u00e1ceres.<\/p><\/p>\n","protected":false},"excerpt":{"rendered":"<p>&#8220;La Contaminaci\u00f3n Humana y los Mecanismos de Remediaci\u00f3n&#8221; es el nombre de la actividad que la encargada de divulgaci\u00f3n del PAR EXPLORA Antofagasta, Marisol Castro, est\u00e1 desarrollando en Tocopilla, en el marco del Programa Nuestro Norte de Aguas Antofagasta. La profesional realiz\u00f3 una charla y un taller a los estudiantes del Colegio Sagrada Familia y [&hellip;]<\/p>\n","protected":false},"author":2,"featured_media":14904,"comment_status":"closed","ping_status":"open","sticky":false,"template":"","format":"standard","meta":{"_acf_changed":false,"_exactmetrics_skip_tracking":false,"_exactmetrics_sitenote_active":false,"_exactmetrics_sitenote_note":"","_exactmetrics_sitenote_category":0,"footnotes":"","_links_to":"","_links_to_target":""},"categories":[4],"tags":[],"class_list":["post-32255","post","type-post","status-publish","format-standard","has-post-thumbnail","hentry","category-noticias"],"acf":[],"yoast_head":"<!-- This site is optimized with the Yoast SEO plugin v26.9 - https:\/\/yoast.com\/product\/yoast-seo-wordpress\/ -->\n<title>J\u00f3venes intervendr\u00e1n plaza de Tocopilla por proyecto medioambiental - Antofagasta<\/title>\n<meta name=\"robots\" content=\"index, follow, max-snippet:-1, max-image-preview:large, max-video-preview:-1\" \/>\n<link rel=\"canonical\" href=\"https:\/\/explora.cl\/antofagasta\/jovenes-intervendran-plaza-de-tocopilla-por-proyecto-medioambiental\/\" class=\"yoast-seo-meta-tag\" \/>\n<meta property=\"og:locale\" content=\"es_ES\" class=\"yoast-seo-meta-tag\" \/>\n<meta property=\"og:type\" content=\"article\" class=\"yoast-seo-meta-tag\" \/>\n<meta property=\"og:title\" content=\"J\u00f3venes intervendr\u00e1n plaza de Tocopilla por proyecto medioambiental - Antofagasta\" class=\"yoast-seo-meta-tag\" \/>\n<meta property=\"og:description\" content=\"&#8220;La Contaminaci\u00f3n Humana y los Mecanismos de Remediaci\u00f3n&#8221; es el nombre de la actividad que la encargada de divulgaci\u00f3n del PAR EXPLORA Antofagasta, Marisol Castro, est\u00e1 desarrollando en Tocopilla, en el marco del Programa Nuestro Norte de Aguas Antofagasta. La profesional realiz\u00f3 una charla y un taller a los estudiantes del Colegio Sagrada Familia y [&hellip;]\" class=\"yoast-seo-meta-tag\" \/>\n<meta property=\"og:url\" content=\"https:\/\/explora.cl\/antofagasta\/jovenes-intervendran-plaza-de-tocopilla-por-proyecto-medioambiental\/\" class=\"yoast-seo-meta-tag\" \/>\n<meta property=\"og:site_name\" content=\"Antofagasta\" class=\"yoast-seo-meta-tag\" \/>\n<meta property=\"article:published_time\" content=\"2015-09-21T20:01:25+00:00\" class=\"yoast-seo-meta-tag\" \/>\n<meta property=\"article:modified_time\" content=\"2019-05-16T03:20:21+00:00\" class=\"yoast-seo-meta-tag\" \/>\n<meta name=\"author\" content=\"webman\" class=\"yoast-seo-meta-tag\" \/>\n<meta name=\"twitter:card\" content=\"summary_large_image\" class=\"yoast-seo-meta-tag\" \/>\n<meta name=\"twitter:label1\" content=\"Escrito por\" class=\"yoast-seo-meta-tag\" \/>\n\t<meta name=\"twitter:data1\" content=\"webman\" class=\"yoast-seo-meta-tag\" \/>\n\t<meta name=\"twitter:label2\" content=\"Tiempo estimado de lectura\" class=\"yoast-seo-meta-tag\" \/>\n\t<meta name=\"twitter:data2\" content=\"2 minutos\" class=\"yoast-seo-meta-tag\" \/>\n<script type=\"application\/ld+json\" class=\"yoast-schema-graph\">{\"@context\":\"https:\/\/schema.org\",\"@graph\":[{\"@type\":\"Article\",\"@id\":\"https:\/\/explora.cl\/antofagasta\/jovenes-intervendran-plaza-de-tocopilla-por-proyecto-medioambiental\/#article\",\"isPartOf\":{\"@id\":\"https:\/\/explora.cl\/antofagasta\/jovenes-intervendran-plaza-de-tocopilla-por-proyecto-medioambiental\/\"},\"author\":{\"name\":\"webman\",\"@id\":\"https:\/\/explora.cl\/antofagasta\/#\/schema\/person\/cb8349c13ea2d324080adf8480d7ba5d\"},\"headline\":\"J\u00f3venes intervendr\u00e1n plaza de Tocopilla por proyecto medioambiental\",\"datePublished\":\"2015-09-21T20:01:25+00:00\",\"dateModified\":\"2019-05-16T03:20:21+00:00\",\"mainEntityOfPage\":{\"@id\":\"https:\/\/explora.cl\/antofagasta\/jovenes-intervendran-plaza-de-tocopilla-por-proyecto-medioambiental\/\"},\"wordCount\":402,\"image\":{\"@id\":\"https:\/\/explora.cl\/antofagasta\/jovenes-intervendran-plaza-de-tocopilla-por-proyecto-medioambiental\/#primaryimage\"},\"thumbnailUrl\":\"\",\"articleSection\":[\"Noticias\"],\"inLanguage\":\"es-CL\"},{\"@type\":\"WebPage\",\"@id\":\"https:\/\/explora.cl\/antofagasta\/jovenes-intervendran-plaza-de-tocopilla-por-proyecto-medioambiental\/\",\"url\":\"https:\/\/explora.cl\/antofagasta\/jovenes-intervendran-plaza-de-tocopilla-por-proyecto-medioambiental\/\",\"name\":\"J\u00f3venes intervendr\u00e1n plaza de Tocopilla por proyecto medioambiental - Antofagasta\",\"isPartOf\":{\"@id\":\"https:\/\/explora.cl\/antofagasta\/#website\"},\"primaryImageOfPage\":{\"@id\":\"https:\/\/explora.cl\/antofagasta\/jovenes-intervendran-plaza-de-tocopilla-por-proyecto-medioambiental\/#primaryimage\"},\"image\":{\"@id\":\"https:\/\/explora.cl\/antofagasta\/jovenes-intervendran-plaza-de-tocopilla-por-proyecto-medioambiental\/#primaryimage\"},\"thumbnailUrl\":\"\",\"datePublished\":\"2015-09-21T20:01:25+00:00\",\"dateModified\":\"2019-05-16T03:20:21+00:00\",\"author\":{\"@id\":\"https:\/\/explora.cl\/antofagasta\/#\/schema\/person\/cb8349c13ea2d324080adf8480d7ba5d\"},\"breadcrumb\":{\"@id\":\"https:\/\/explora.cl\/antofagasta\/jovenes-intervendran-plaza-de-tocopilla-por-proyecto-medioambiental\/#breadcrumb\"},\"inLanguage\":\"es-CL\",\"potentialAction\":[{\"@type\":\"ReadAction\",\"target\":[\"https:\/\/explora.cl\/antofagasta\/jovenes-intervendran-plaza-de-tocopilla-por-proyecto-medioambiental\/\"]}]},{\"@type\":\"ImageObject\",\"inLanguage\":\"es-CL\",\"@id\":\"https:\/\/explora.cl\/antofagasta\/jovenes-intervendran-plaza-de-tocopilla-por-proyecto-medioambiental\/#primaryimage\",\"url\":\"\",\"contentUrl\":\"\"},{\"@type\":\"BreadcrumbList\",\"@id\":\"https:\/\/explora.cl\/antofagasta\/jovenes-intervendran-plaza-de-tocopilla-por-proyecto-medioambiental\/#breadcrumb\",\"itemListElement\":[{\"@type\":\"ListItem\",\"position\":1,\"name\":\"Portada\",\"item\":\"https:\/\/explora.cl\/antofagasta\/\"},{\"@type\":\"ListItem\",\"position\":2,\"name\":\"J\u00f3venes intervendr\u00e1n plaza de Tocopilla por proyecto medioambiental\"}]},{\"@type\":\"WebSite\",\"@id\":\"https:\/\/explora.cl\/antofagasta\/#website\",\"url\":\"https:\/\/explora.cl\/antofagasta\/\",\"name\":\"Antofagasta\",\"description\":\"Otro sitio m\u00e1s de explora.cl\",\"potentialAction\":[{\"@type\":\"SearchAction\",\"target\":{\"@type\":\"EntryPoint\",\"urlTemplate\":\"https:\/\/explora.cl\/antofagasta\/?s={search_term_string}\"},\"query-input\":{\"@type\":\"PropertyValueSpecification\",\"valueRequired\":true,\"valueName\":\"search_term_string\"}}],\"inLanguage\":\"es-CL\"},{\"@type\":\"Person\",\"@id\":\"https:\/\/explora.cl\/antofagasta\/#\/schema\/person\/cb8349c13ea2d324080adf8480d7ba5d\",\"name\":\"webman\",\"image\":{\"@type\":\"ImageObject\",\"inLanguage\":\"es-CL\",\"@id\":\"https:\/\/explora.cl\/antofagasta\/#\/schema\/person\/image\/\",\"url\":\"https:\/\/secure.gravatar.com\/avatar\/eeff3c82f2c02f7177d13663b7e6f890e9a6a0647ce9bb29cae02dcb094c7312?s=96&d=mm&r=g\",\"contentUrl\":\"https:\/\/secure.gravatar.com\/avatar\/eeff3c82f2c02f7177d13663b7e6f890e9a6a0647ce9bb29cae02dcb094c7312?s=96&d=mm&r=g\",\"caption\":\"webman\"},\"url\":\"https:\/\/explora.cl\/antofagasta\/author\/webman\/\"}]}<\/script>\n<!-- \/ Yoast SEO plugin. -->","yoast_head_json":{"title":"J\u00f3venes intervendr\u00e1n plaza de Tocopilla por proyecto medioambiental - Antofagasta","robots":{"index":"index","follow":"follow","max-snippet":"max-snippet:-1","max-image-preview":"max-image-preview:large","max-video-preview":"max-video-preview:-1"},"canonical":"https:\/\/explora.cl\/antofagasta\/jovenes-intervendran-plaza-de-tocopilla-por-proyecto-medioambiental\/","og_locale":"es_ES","og_type":"article","og_title":"J\u00f3venes intervendr\u00e1n plaza de Tocopilla por proyecto medioambiental - Antofagasta","og_description":"&#8220;La Contaminaci\u00f3n Humana y los Mecanismos de Remediaci\u00f3n&#8221; es el nombre de la actividad que la encargada de divulgaci\u00f3n del PAR EXPLORA Antofagasta, Marisol Castro, est\u00e1 desarrollando en Tocopilla, en el marco del Programa Nuestro Norte de Aguas Antofagasta. La profesional realiz\u00f3 una charla y un taller a los estudiantes del Colegio Sagrada Familia y [&hellip;]","og_url":"https:\/\/explora.cl\/antofagasta\/jovenes-intervendran-plaza-de-tocopilla-por-proyecto-medioambiental\/","og_site_name":"Antofagasta","article_published_time":"2015-09-21T20:01:25+00:00","article_modified_time":"2019-05-16T03:20:21+00:00","author":"webman","twitter_card":"summary_large_image","twitter_misc":{"Escrito por":"webman","Tiempo estimado de lectura":"2 minutos"},"schema":{"@context":"https:\/\/schema.org","@graph":[{"@type":"Article","@id":"https:\/\/explora.cl\/antofagasta\/jovenes-intervendran-plaza-de-tocopilla-por-proyecto-medioambiental\/#article","isPartOf":{"@id":"https:\/\/explora.cl\/antofagasta\/jovenes-intervendran-plaza-de-tocopilla-por-proyecto-medioambiental\/"},"author":{"name":"webman","@id":"https:\/\/explora.cl\/antofagasta\/#\/schema\/person\/cb8349c13ea2d324080adf8480d7ba5d"},"headline":"J\u00f3venes intervendr\u00e1n plaza de Tocopilla por proyecto medioambiental","datePublished":"2015-09-21T20:01:25+00:00","dateModified":"2019-05-16T03:20:21+00:00","mainEntityOfPage":{"@id":"https:\/\/explora.cl\/antofagasta\/jovenes-intervendran-plaza-de-tocopilla-por-proyecto-medioambiental\/"},"wordCount":402,"image":{"@id":"https:\/\/explora.cl\/antofagasta\/jovenes-intervendran-plaza-de-tocopilla-por-proyecto-medioambiental\/#primaryimage"},"thumbnailUrl":"","articleSection":["Noticias"],"inLanguage":"es-CL"},{"@type":"WebPage","@id":"https:\/\/explora.cl\/antofagasta\/jovenes-intervendran-plaza-de-tocopilla-por-proyecto-medioambiental\/","url":"https:\/\/explora.cl\/antofagasta\/jovenes-intervendran-plaza-de-tocopilla-por-proyecto-medioambiental\/","name":"J\u00f3venes intervendr\u00e1n plaza de Tocopilla por proyecto medioambiental - Antofagasta","isPartOf":{"@id":"https:\/\/explora.cl\/antofagasta\/#website"},"primaryImageOfPage":{"@id":"https:\/\/explora.cl\/antofagasta\/jovenes-intervendran-plaza-de-tocopilla-por-proyecto-medioambiental\/#primaryimage"},"image":{"@id":"https:\/\/explora.cl\/antofagasta\/jovenes-intervendran-plaza-de-tocopilla-por-proyecto-medioambiental\/#primaryimage"},"thumbnailUrl":"","datePublished":"2015-09-21T20:01:25+00:00","dateModified":"2019-05-16T03:20:21+00:00","author":{"@id":"https:\/\/explora.cl\/antofagasta\/#\/schema\/person\/cb8349c13ea2d324080adf8480d7ba5d"},"breadcrumb":{"@id":"https:\/\/explora.cl\/antofagasta\/jovenes-intervendran-plaza-de-tocopilla-por-proyecto-medioambiental\/#breadcrumb"},"inLanguage":"es-CL","potentialAction":[{"@type":"ReadAction","target":["https:\/\/explora.cl\/antofagasta\/jovenes-intervendran-plaza-de-tocopilla-por-proyecto-medioambiental\/"]}]},{"@type":"ImageObject","inLanguage":"es-CL","@id":"https:\/\/explora.cl\/antofagasta\/jovenes-intervendran-plaza-de-tocopilla-por-proyecto-medioambiental\/#primaryimage","url":"","contentUrl":""},{"@type":"BreadcrumbList","@id":"https:\/\/explora.cl\/antofagasta\/jovenes-intervendran-plaza-de-tocopilla-por-proyecto-medioambiental\/#breadcrumb","itemListElement":[{"@type":"ListItem","position":1,"name":"Portada","item":"https:\/\/explora.cl\/antofagasta\/"},{"@type":"ListItem","position":2,"name":"J\u00f3venes intervendr\u00e1n plaza de Tocopilla por proyecto medioambiental"}]},{"@type":"WebSite","@id":"https:\/\/explora.cl\/antofagasta\/#website","url":"https:\/\/explora.cl\/antofagasta\/","name":"Antofagasta","description":"Otro sitio m\u00e1s de explora.cl","potentialAction":[{"@type":"SearchAction","target":{"@type":"EntryPoint","urlTemplate":"https:\/\/explora.cl\/antofagasta\/?s={search_term_string}"},"query-input":{"@type":"PropertyValueSpecification","valueRequired":true,"valueName":"search_term_string"}}],"inLanguage":"es-CL"},{"@type":"Person","@id":"https:\/\/explora.cl\/antofagasta\/#\/schema\/person\/cb8349c13ea2d324080adf8480d7ba5d","name":"webman","image":{"@type":"ImageObject","inLanguage":"es-CL","@id":"https:\/\/explora.cl\/antofagasta\/#\/schema\/person\/image\/","url":"https:\/\/secure.gravatar.com\/avatar\/eeff3c82f2c02f7177d13663b7e6f890e9a6a0647ce9bb29cae02dcb094c7312?s=96&d=mm&r=g","contentUrl":"https:\/\/secure.gravatar.com\/avatar\/eeff3c82f2c02f7177d13663b7e6f890e9a6a0647ce9bb29cae02dcb094c7312?s=96&d=mm&r=g","caption":"webman"},"url":"https:\/\/explora.cl\/antofagasta\/author\/webman\/"}]}},"_links":{"self":[{"href":"https:\/\/explora.cl\/antofagasta\/wp-json\/wp\/v2\/posts\/32255","targetHints":{"allow":["GET"]}}],"collection":[{"href":"https:\/\/explora.cl\/antofagasta\/wp-json\/wp\/v2\/posts"}],"about":[{"href":"https:\/\/explora.cl\/antofagasta\/wp-json\/wp\/v2\/types\/post"}],"author":[{"embeddable":true,"href":"https:\/\/explora.cl\/antofagasta\/wp-json\/wp\/v2\/users\/2"}],"replies":[{"embeddable":true,"href":"https:\/\/explora.cl\/antofagasta\/wp-json\/wp\/v2\/comments?post=32255"}],"version-history":[{"count":1,"href":"https:\/\/explora.cl\/antofagasta\/wp-json\/wp\/v2\/posts\/32255\/revisions"}],"predecessor-version":[{"id":38706,"href":"https:\/\/explora.cl\/antofagasta\/wp-json\/wp\/v2\/posts\/32255\/revisions\/38706"}],"wp:featuredmedia":[{"embeddable":true,"href":"https:\/\/explora.cl\/antofagasta\/wp-json\/"}],"wp:attachment":[{"href":"https:\/\/explora.cl\/antofagasta\/wp-json\/wp\/v2\/media?parent=32255"}],"wp:term":[{"taxonomy":"category","embeddable":true,"href":"https:\/\/explora.cl\/antofagasta\/wp-json\/wp\/v2\/categories?post=32255"},{"taxonomy":"post_tag","embeddable":true,"href":"https:\/\/explora.cl\/antofagasta\/wp-json\/wp\/v2\/tags?post=32255"}],"curies":[{"name":"wp","href":"https:\/\/api.w.org\/{rel}","templated":true}]}}