{"id":32253,"date":"2015-09-21T21:06:24","date_gmt":"2015-09-21T21:06:24","guid":{"rendered":"https:\/\/explora.cl\/antofagasta\/blog\/2015\/09\/21\/nuevo-plazo-de-inscripcion-para-el-xii-congreso-regional-escolar-de-ciencia-y-tecnologia\/"},"modified":"2019-05-16T03:20:20","modified_gmt":"2019-05-16T03:20:20","slug":"nuevo-plazo-de-inscripcion-para-el-xii-congreso-regional-escolar-de-ciencia-y-tecnologia","status":"publish","type":"post","link":"https:\/\/explora.cl\/antofagasta\/nuevo-plazo-de-inscripcion-para-el-xii-congreso-regional-escolar-de-ciencia-y-tecnologia\/","title":{"rendered":"Nuevo plazo de inscripci\u00f3n para el XII Congreso Regional Escolar de Ciencia y Tecnolog\u00eda"},"content":{"rendered":"<img fetchpriority=\"high\" decoding=\"async\" class=\" size-full wp-image-14906\" src=\"https:\/\/explora.cl\/wp-content\/uploads\/2015\/09\/2cf6b9a7275a978463a5f27a03243c1d.jpg\" alt=\"\" title=\"Rodrigo Maluenda \" width=\"1328\" height=\"888\" \/>\n<p>Hasta el 30 de septiembre habr\u00e1 plazo para inscribir trabajos de investigaci\u00f3n en el XII Congreso Regional Escolar de Ciencia y Tecnolog\u00eda EXPLORA CONICYT 2015, feria cient\u00edfica dirigida a estudiantes de quinto b\u00e1sico a tercero medio de la Regi\u00f3n de Antofagasta.<\/p>\n<p>El evento es organizado por el PAR EXPLORA Antofagasta y se realizar\u00e1 durante el 22, 23 y 24 de octubre, d\u00edas en que los participantes podr\u00e1n sociabilizar sus investigaciones y desarrollos tecnol\u00f3gicos escolares con la comunidad educativa y el p\u00fablico general, fomentando de esta manera la cultura cient\u00edfica y la apropiaci\u00f3n de los beneficios de la ciencia y la tecnolog\u00eda por parte de ni\u00f1os, ni\u00f1as y j\u00f3venes.<\/p>\n<p>Los equipos deben estar conformados por un m\u00ednimo de dos estudiantes, quienes podr\u00e1n participar de las categor\u00edas: Investigaci\u00f3n en ciencias naturales, m\u00e9dicas y de la salud, agr\u00edcolas, humanas y de la comunicaci\u00f3n; Desarrollo en las \u00e1reas de ingenier\u00eda y tecnolog\u00eda y Ciencias Sociales.<\/p>\n<p>&#8220;Invitamos a los estudiantes de la Regi\u00f3n de Antofagasta a que se inscriban en este Congreso que tiene como fin fortalecer las competencias de investigaci\u00f3n en todas las \u00e1reas de las ciencias y desarrollo tecnol\u00f3gico. Adem\u00e1s, se potencia su actitud cr\u00edtica y propositiva con respecto a su entorno, por medio de su trabajo&#8221;, coment\u00f3 el encargado de ferias y congresos del PAR EXPLORA Antofagasta, Sebasti\u00e1n Gallardo.<\/p>\n<p>En cada regi\u00f3n podr\u00e1 haber al menos dos proyectos ganadores, uno de educaci\u00f3n media y otro de educaci\u00f3n b\u00e1sica, los que estar\u00e1n en el XVI Congreso Nacional Escolar de Ciencia y Tecnolog\u00eda EXPLORA CONICYT, que se realizar\u00e1 en Valpara\u00edso el 26 y 28 de noviembre del presente a\u00f1o.<\/p>\n<p>Los interesados deben completar el formulario adjunto y enviarlo a explora2@uantof.cl. M\u00e1s informaci\u00f3n en las bases y anexos.<\/p>\n<p>Escrito por Claudia C\u00e1ceres.<\/p>\n<p><span style=\"margin: 0px;padding: 0px 4px 0px 0px;border: 0px;color: #555555;font-weight: bold;font-family: 'Trebuchet MS', helvetica, arial, sans-serif;font-size: 15px\">Descargar archivos adjuntos:<\/span><span style=\"color: #666666;font-family: 'Trebuchet MS', helvetica, arial, sans-serif;font-size: 15px\">\u00a0<\/span><\/p>\n<ul class=\"itemAttachments\" style=\"margin: 0px;padding: 0px;border: 0px;color: #666666;font-family: 'Trebuchet MS', helvetica, arial, sans-serif;font-size: 15px\">\n<li style=\"margin: 0px;padding: 0px 4px;border: 0px;background-image: url('http:\/\/regiones.explora.cl\/plugins\/system\/jat3\/jat3\/base-themes\/default\/images\/bullet.gif');line-height: 24px;overflow: hidden;text-align: center;background-position: 20px 7px\"><a style=\"margin: 0px;padding: 0px;border: 0px;color: #666666;cursor: pointer\" title=\"Anexo_Admisibilidad1.pdf\" href=\"http:\/\/regiones.explora.cl\/antofagasta\/noticias-antofagasta\/download\/1207_da193b7d3e94bca1a68b08dd01e6f4b8\">Anexo_Admisibilidad1.pdf<\/a>\u00a0<\/li>\n<li style=\"margin: 0px;padding: 0px 4px;border: 0px;background-image: url('http:\/\/regiones.explora.cl\/plugins\/system\/jat3\/jat3\/base-themes\/default\/images\/bullet.gif');line-height: 24px;overflow: hidden;text-align: center;background-position: 20px 7px\"><a style=\"margin: 0px;padding: 0px;border: 0px;color: #666666;cursor: pointer\" title=\"Formulario_Inscripcion_INVESTIGACION_DESARROLLO_Y_TECNOLOGIA.doc\" href=\"http:\/\/regiones.explora.cl\/antofagasta\/noticias-antofagasta\/download\/1208_1badbdc07d2563eb391dad4e83021bc1\">Formulario_Inscripcion_INVESTIGACION_DESARROLLO_Y_TECNOLOGIA.doc<\/a><\/li>\n<li style=\"margin: 0px;padding: 0px 4px;border: 0px;background-image: url('http:\/\/regiones.explora.cl\/plugins\/system\/jat3\/jat3\/base-themes\/default\/images\/bullet.gif');line-height: 24px;overflow: hidden;text-align: center;background-position: 20px 7px\"><a style=\"margin: 0px;padding: 0px;border: 0px;color: #666666;cursor: pointer\" title=\"Formulario_Inscripcion_CIENCIAS_SOCIALES.docx\" href=\"http:\/\/regiones.explora.cl\/antofagasta\/noticias-antofagasta\/download\/1209_7362ce025efb024068278cf2ae99da18\">Formulario_Inscripcion_CIENCIAS_SOCIALES.docx<\/a>\u00a0<\/li>\n<li style=\"margin: 0px;padding: 0px 4px;border: 0px;background-image: url('http:\/\/regiones.explora.cl\/plugins\/system\/jat3\/jat3\/base-themes\/default\/images\/bullet.gif');line-height: 24px;overflow: hidden;text-align: center;background-position: 20px 7px\"><a style=\"margin: 0px;padding: 0px;border: 0px;color: #666666;cursor: pointer\" title=\"Formulario_Inscripcion_INVESTIGACION_CIENCIAS_NATURALES.docx\" href=\"http:\/\/regiones.explora.cl\/antofagasta\/noticias-antofagasta\/download\/1210_bae61479b4b98a4290d057959132d40a\">Formulario_Inscripcion_INVESTIGACION_CIENCIAS_NATURALES.docx<\/a><\/li>\n<\/ul>\n<p>\u00a0<\/p>\n","protected":false},"excerpt":{"rendered":"<p>Hasta el 30 de septiembre habr\u00e1 plazo para inscribir trabajos de investigaci\u00f3n en el XII Congreso Regional Escolar de Ciencia y Tecnolog\u00eda EXPLORA CONICYT 2015, feria cient\u00edfica dirigida a estudiantes de quinto b\u00e1sico a tercero medio de la Regi\u00f3n de Antofagasta. El evento es organizado por el PAR EXPLORA Antofagasta y se realizar\u00e1 durante el [&hellip;]<\/p>\n","protected":false},"author":2,"featured_media":14906,"comment_status":"closed","ping_status":"open","sticky":false,"template":"","format":"standard","meta":{"_acf_changed":false,"_exactmetrics_skip_tracking":false,"_exactmetrics_sitenote_active":false,"_exactmetrics_sitenote_note":"","_exactmetrics_sitenote_category":0,"footnotes":"","_links_to":"","_links_to_target":""},"categories":[4],"tags":[],"class_list":["post-32253","post","type-post","status-publish","format-standard","has-post-thumbnail","hentry","category-noticias"],"acf":[],"yoast_head":"<!-- This site is optimized with the Yoast SEO plugin v26.9 - https:\/\/yoast.com\/product\/yoast-seo-wordpress\/ -->\n<title>Nuevo plazo de inscripci\u00f3n para el XII Congreso Regional Escolar de Ciencia y Tecnolog\u00eda - Antofagasta<\/title>\n<meta name=\"robots\" content=\"index, follow, max-snippet:-1, max-image-preview:large, max-video-preview:-1\" \/>\n<link rel=\"canonical\" href=\"https:\/\/explora.cl\/antofagasta\/nuevo-plazo-de-inscripcion-para-el-xii-congreso-regional-escolar-de-ciencia-y-tecnologia\/\" class=\"yoast-seo-meta-tag\" \/>\n<meta property=\"og:locale\" content=\"es_ES\" class=\"yoast-seo-meta-tag\" \/>\n<meta property=\"og:type\" content=\"article\" class=\"yoast-seo-meta-tag\" \/>\n<meta property=\"og:title\" content=\"Nuevo plazo de inscripci\u00f3n para el XII Congreso Regional Escolar de Ciencia y Tecnolog\u00eda - Antofagasta\" class=\"yoast-seo-meta-tag\" \/>\n<meta property=\"og:description\" content=\"Hasta el 30 de septiembre habr\u00e1 plazo para inscribir trabajos de investigaci\u00f3n en el XII Congreso Regional Escolar de Ciencia y Tecnolog\u00eda EXPLORA CONICYT 2015, feria cient\u00edfica dirigida a estudiantes de quinto b\u00e1sico a tercero medio de la Regi\u00f3n de Antofagasta. El evento es organizado por el PAR EXPLORA Antofagasta y se realizar\u00e1 durante el [&hellip;]\" class=\"yoast-seo-meta-tag\" \/>\n<meta property=\"og:url\" content=\"https:\/\/explora.cl\/antofagasta\/nuevo-plazo-de-inscripcion-para-el-xii-congreso-regional-escolar-de-ciencia-y-tecnologia\/\" class=\"yoast-seo-meta-tag\" \/>\n<meta property=\"og:site_name\" content=\"Antofagasta\" class=\"yoast-seo-meta-tag\" \/>\n<meta property=\"article:published_time\" content=\"2015-09-21T21:06:24+00:00\" class=\"yoast-seo-meta-tag\" \/>\n<meta property=\"article:modified_time\" content=\"2019-05-16T03:20:20+00:00\" class=\"yoast-seo-meta-tag\" \/>\n<meta name=\"author\" content=\"webman\" class=\"yoast-seo-meta-tag\" \/>\n<meta name=\"twitter:card\" content=\"summary_large_image\" class=\"yoast-seo-meta-tag\" \/>\n<meta name=\"twitter:label1\" content=\"Escrito por\" class=\"yoast-seo-meta-tag\" \/>\n\t<meta name=\"twitter:data1\" content=\"webman\" class=\"yoast-seo-meta-tag\" \/>\n\t<meta name=\"twitter:label2\" content=\"Tiempo estimado de lectura\" class=\"yoast-seo-meta-tag\" \/>\n\t<meta name=\"twitter:data2\" content=\"2 minutos\" class=\"yoast-seo-meta-tag\" \/>\n<script type=\"application\/ld+json\" class=\"yoast-schema-graph\">{\"@context\":\"https:\/\/schema.org\",\"@graph\":[{\"@type\":\"Article\",\"@id\":\"https:\/\/explora.cl\/antofagasta\/nuevo-plazo-de-inscripcion-para-el-xii-congreso-regional-escolar-de-ciencia-y-tecnologia\/#article\",\"isPartOf\":{\"@id\":\"https:\/\/explora.cl\/antofagasta\/nuevo-plazo-de-inscripcion-para-el-xii-congreso-regional-escolar-de-ciencia-y-tecnologia\/\"},\"author\":{\"name\":\"webman\",\"@id\":\"https:\/\/explora.cl\/antofagasta\/#\/schema\/person\/cb8349c13ea2d324080adf8480d7ba5d\"},\"headline\":\"Nuevo plazo de inscripci\u00f3n para el XII Congreso Regional Escolar de Ciencia y Tecnolog\u00eda\",\"datePublished\":\"2015-09-21T21:06:24+00:00\",\"dateModified\":\"2019-05-16T03:20:20+00:00\",\"mainEntityOfPage\":{\"@id\":\"https:\/\/explora.cl\/antofagasta\/nuevo-plazo-de-inscripcion-para-el-xii-congreso-regional-escolar-de-ciencia-y-tecnologia\/\"},\"wordCount\":372,\"image\":{\"@id\":\"https:\/\/explora.cl\/antofagasta\/nuevo-plazo-de-inscripcion-para-el-xii-congreso-regional-escolar-de-ciencia-y-tecnologia\/#primaryimage\"},\"thumbnailUrl\":\"\",\"articleSection\":[\"Noticias\"],\"inLanguage\":\"es-CL\"},{\"@type\":\"WebPage\",\"@id\":\"https:\/\/explora.cl\/antofagasta\/nuevo-plazo-de-inscripcion-para-el-xii-congreso-regional-escolar-de-ciencia-y-tecnologia\/\",\"url\":\"https:\/\/explora.cl\/antofagasta\/nuevo-plazo-de-inscripcion-para-el-xii-congreso-regional-escolar-de-ciencia-y-tecnologia\/\",\"name\":\"Nuevo plazo de inscripci\u00f3n para el XII Congreso Regional Escolar de Ciencia y Tecnolog\u00eda - Antofagasta\",\"isPartOf\":{\"@id\":\"https:\/\/explora.cl\/antofagasta\/#website\"},\"primaryImageOfPage\":{\"@id\":\"https:\/\/explora.cl\/antofagasta\/nuevo-plazo-de-inscripcion-para-el-xii-congreso-regional-escolar-de-ciencia-y-tecnologia\/#primaryimage\"},\"image\":{\"@id\":\"https:\/\/explora.cl\/antofagasta\/nuevo-plazo-de-inscripcion-para-el-xii-congreso-regional-escolar-de-ciencia-y-tecnologia\/#primaryimage\"},\"thumbnailUrl\":\"\",\"datePublished\":\"2015-09-21T21:06:24+00:00\",\"dateModified\":\"2019-05-16T03:20:20+00:00\",\"author\":{\"@id\":\"https:\/\/explora.cl\/antofagasta\/#\/schema\/person\/cb8349c13ea2d324080adf8480d7ba5d\"},\"breadcrumb\":{\"@id\":\"https:\/\/explora.cl\/antofagasta\/nuevo-plazo-de-inscripcion-para-el-xii-congreso-regional-escolar-de-ciencia-y-tecnologia\/#breadcrumb\"},\"inLanguage\":\"es-CL\",\"potentialAction\":[{\"@type\":\"ReadAction\",\"target\":[\"https:\/\/explora.cl\/antofagasta\/nuevo-plazo-de-inscripcion-para-el-xii-congreso-regional-escolar-de-ciencia-y-tecnologia\/\"]}]},{\"@type\":\"ImageObject\",\"inLanguage\":\"es-CL\",\"@id\":\"https:\/\/explora.cl\/antofagasta\/nuevo-plazo-de-inscripcion-para-el-xii-congreso-regional-escolar-de-ciencia-y-tecnologia\/#primaryimage\",\"url\":\"\",\"contentUrl\":\"\"},{\"@type\":\"BreadcrumbList\",\"@id\":\"https:\/\/explora.cl\/antofagasta\/nuevo-plazo-de-inscripcion-para-el-xii-congreso-regional-escolar-de-ciencia-y-tecnologia\/#breadcrumb\",\"itemListElement\":[{\"@type\":\"ListItem\",\"position\":1,\"name\":\"Portada\",\"item\":\"https:\/\/explora.cl\/antofagasta\/\"},{\"@type\":\"ListItem\",\"position\":2,\"name\":\"Nuevo plazo de inscripci\u00f3n para el XII Congreso Regional Escolar de Ciencia y Tecnolog\u00eda\"}]},{\"@type\":\"WebSite\",\"@id\":\"https:\/\/explora.cl\/antofagasta\/#website\",\"url\":\"https:\/\/explora.cl\/antofagasta\/\",\"name\":\"Antofagasta\",\"description\":\"Otro sitio m\u00e1s de explora.cl\",\"potentialAction\":[{\"@type\":\"SearchAction\",\"target\":{\"@type\":\"EntryPoint\",\"urlTemplate\":\"https:\/\/explora.cl\/antofagasta\/?s={search_term_string}\"},\"query-input\":{\"@type\":\"PropertyValueSpecification\",\"valueRequired\":true,\"valueName\":\"search_term_string\"}}],\"inLanguage\":\"es-CL\"},{\"@type\":\"Person\",\"@id\":\"https:\/\/explora.cl\/antofagasta\/#\/schema\/person\/cb8349c13ea2d324080adf8480d7ba5d\",\"name\":\"webman\",\"image\":{\"@type\":\"ImageObject\",\"inLanguage\":\"es-CL\",\"@id\":\"https:\/\/explora.cl\/antofagasta\/#\/schema\/person\/image\/\",\"url\":\"https:\/\/secure.gravatar.com\/avatar\/eeff3c82f2c02f7177d13663b7e6f890e9a6a0647ce9bb29cae02dcb094c7312?s=96&d=mm&r=g\",\"contentUrl\":\"https:\/\/secure.gravatar.com\/avatar\/eeff3c82f2c02f7177d13663b7e6f890e9a6a0647ce9bb29cae02dcb094c7312?s=96&d=mm&r=g\",\"caption\":\"webman\"},\"url\":\"https:\/\/explora.cl\/antofagasta\/author\/webman\/\"}]}<\/script>\n<!-- \/ Yoast SEO plugin. -->","yoast_head_json":{"title":"Nuevo plazo de inscripci\u00f3n para el XII Congreso Regional Escolar de Ciencia y Tecnolog\u00eda - Antofagasta","robots":{"index":"index","follow":"follow","max-snippet":"max-snippet:-1","max-image-preview":"max-image-preview:large","max-video-preview":"max-video-preview:-1"},"canonical":"https:\/\/explora.cl\/antofagasta\/nuevo-plazo-de-inscripcion-para-el-xii-congreso-regional-escolar-de-ciencia-y-tecnologia\/","og_locale":"es_ES","og_type":"article","og_title":"Nuevo plazo de inscripci\u00f3n para el XII Congreso Regional Escolar de Ciencia y Tecnolog\u00eda - Antofagasta","og_description":"Hasta el 30 de septiembre habr\u00e1 plazo para inscribir trabajos de investigaci\u00f3n en el XII Congreso Regional Escolar de Ciencia y Tecnolog\u00eda EXPLORA CONICYT 2015, feria cient\u00edfica dirigida a estudiantes de quinto b\u00e1sico a tercero medio de la Regi\u00f3n de Antofagasta. El evento es organizado por el PAR EXPLORA Antofagasta y se realizar\u00e1 durante el [&hellip;]","og_url":"https:\/\/explora.cl\/antofagasta\/nuevo-plazo-de-inscripcion-para-el-xii-congreso-regional-escolar-de-ciencia-y-tecnologia\/","og_site_name":"Antofagasta","article_published_time":"2015-09-21T21:06:24+00:00","article_modified_time":"2019-05-16T03:20:20+00:00","author":"webman","twitter_card":"summary_large_image","twitter_misc":{"Escrito por":"webman","Tiempo estimado de lectura":"2 minutos"},"schema":{"@context":"https:\/\/schema.org","@graph":[{"@type":"Article","@id":"https:\/\/explora.cl\/antofagasta\/nuevo-plazo-de-inscripcion-para-el-xii-congreso-regional-escolar-de-ciencia-y-tecnologia\/#article","isPartOf":{"@id":"https:\/\/explora.cl\/antofagasta\/nuevo-plazo-de-inscripcion-para-el-xii-congreso-regional-escolar-de-ciencia-y-tecnologia\/"},"author":{"name":"webman","@id":"https:\/\/explora.cl\/antofagasta\/#\/schema\/person\/cb8349c13ea2d324080adf8480d7ba5d"},"headline":"Nuevo plazo de inscripci\u00f3n para el XII Congreso Regional Escolar de Ciencia y Tecnolog\u00eda","datePublished":"2015-09-21T21:06:24+00:00","dateModified":"2019-05-16T03:20:20+00:00","mainEntityOfPage":{"@id":"https:\/\/explora.cl\/antofagasta\/nuevo-plazo-de-inscripcion-para-el-xii-congreso-regional-escolar-de-ciencia-y-tecnologia\/"},"wordCount":372,"image":{"@id":"https:\/\/explora.cl\/antofagasta\/nuevo-plazo-de-inscripcion-para-el-xii-congreso-regional-escolar-de-ciencia-y-tecnologia\/#primaryimage"},"thumbnailUrl":"","articleSection":["Noticias"],"inLanguage":"es-CL"},{"@type":"WebPage","@id":"https:\/\/explora.cl\/antofagasta\/nuevo-plazo-de-inscripcion-para-el-xii-congreso-regional-escolar-de-ciencia-y-tecnologia\/","url":"https:\/\/explora.cl\/antofagasta\/nuevo-plazo-de-inscripcion-para-el-xii-congreso-regional-escolar-de-ciencia-y-tecnologia\/","name":"Nuevo plazo de inscripci\u00f3n para el XII Congreso Regional Escolar de Ciencia y Tecnolog\u00eda - Antofagasta","isPartOf":{"@id":"https:\/\/explora.cl\/antofagasta\/#website"},"primaryImageOfPage":{"@id":"https:\/\/explora.cl\/antofagasta\/nuevo-plazo-de-inscripcion-para-el-xii-congreso-regional-escolar-de-ciencia-y-tecnologia\/#primaryimage"},"image":{"@id":"https:\/\/explora.cl\/antofagasta\/nuevo-plazo-de-inscripcion-para-el-xii-congreso-regional-escolar-de-ciencia-y-tecnologia\/#primaryimage"},"thumbnailUrl":"","datePublished":"2015-09-21T21:06:24+00:00","dateModified":"2019-05-16T03:20:20+00:00","author":{"@id":"https:\/\/explora.cl\/antofagasta\/#\/schema\/person\/cb8349c13ea2d324080adf8480d7ba5d"},"breadcrumb":{"@id":"https:\/\/explora.cl\/antofagasta\/nuevo-plazo-de-inscripcion-para-el-xii-congreso-regional-escolar-de-ciencia-y-tecnologia\/#breadcrumb"},"inLanguage":"es-CL","potentialAction":[{"@type":"ReadAction","target":["https:\/\/explora.cl\/antofagasta\/nuevo-plazo-de-inscripcion-para-el-xii-congreso-regional-escolar-de-ciencia-y-tecnologia\/"]}]},{"@type":"ImageObject","inLanguage":"es-CL","@id":"https:\/\/explora.cl\/antofagasta\/nuevo-plazo-de-inscripcion-para-el-xii-congreso-regional-escolar-de-ciencia-y-tecnologia\/#primaryimage","url":"","contentUrl":""},{"@type":"BreadcrumbList","@id":"https:\/\/explora.cl\/antofagasta\/nuevo-plazo-de-inscripcion-para-el-xii-congreso-regional-escolar-de-ciencia-y-tecnologia\/#breadcrumb","itemListElement":[{"@type":"ListItem","position":1,"name":"Portada","item":"https:\/\/explora.cl\/antofagasta\/"},{"@type":"ListItem","position":2,"name":"Nuevo plazo de inscripci\u00f3n para el XII Congreso Regional Escolar de Ciencia y Tecnolog\u00eda"}]},{"@type":"WebSite","@id":"https:\/\/explora.cl\/antofagasta\/#website","url":"https:\/\/explora.cl\/antofagasta\/","name":"Antofagasta","description":"Otro sitio m\u00e1s de explora.cl","potentialAction":[{"@type":"SearchAction","target":{"@type":"EntryPoint","urlTemplate":"https:\/\/explora.cl\/antofagasta\/?s={search_term_string}"},"query-input":{"@type":"PropertyValueSpecification","valueRequired":true,"valueName":"search_term_string"}}],"inLanguage":"es-CL"},{"@type":"Person","@id":"https:\/\/explora.cl\/antofagasta\/#\/schema\/person\/cb8349c13ea2d324080adf8480d7ba5d","name":"webman","image":{"@type":"ImageObject","inLanguage":"es-CL","@id":"https:\/\/explora.cl\/antofagasta\/#\/schema\/person\/image\/","url":"https:\/\/secure.gravatar.com\/avatar\/eeff3c82f2c02f7177d13663b7e6f890e9a6a0647ce9bb29cae02dcb094c7312?s=96&d=mm&r=g","contentUrl":"https:\/\/secure.gravatar.com\/avatar\/eeff3c82f2c02f7177d13663b7e6f890e9a6a0647ce9bb29cae02dcb094c7312?s=96&d=mm&r=g","caption":"webman"},"url":"https:\/\/explora.cl\/antofagasta\/author\/webman\/"}]}},"_links":{"self":[{"href":"https:\/\/explora.cl\/antofagasta\/wp-json\/wp\/v2\/posts\/32253","targetHints":{"allow":["GET"]}}],"collection":[{"href":"https:\/\/explora.cl\/antofagasta\/wp-json\/wp\/v2\/posts"}],"about":[{"href":"https:\/\/explora.cl\/antofagasta\/wp-json\/wp\/v2\/types\/post"}],"author":[{"embeddable":true,"href":"https:\/\/explora.cl\/antofagasta\/wp-json\/wp\/v2\/users\/2"}],"replies":[{"embeddable":true,"href":"https:\/\/explora.cl\/antofagasta\/wp-json\/wp\/v2\/comments?post=32253"}],"version-history":[{"count":1,"href":"https:\/\/explora.cl\/antofagasta\/wp-json\/wp\/v2\/posts\/32253\/revisions"}],"predecessor-version":[{"id":38705,"href":"https:\/\/explora.cl\/antofagasta\/wp-json\/wp\/v2\/posts\/32253\/revisions\/38705"}],"wp:featuredmedia":[{"embeddable":true,"href":"https:\/\/explora.cl\/antofagasta\/wp-json\/"}],"wp:attachment":[{"href":"https:\/\/explora.cl\/antofagasta\/wp-json\/wp\/v2\/media?parent=32253"}],"wp:term":[{"taxonomy":"category","embeddable":true,"href":"https:\/\/explora.cl\/antofagasta\/wp-json\/wp\/v2\/categories?post=32253"},{"taxonomy":"post_tag","embeddable":true,"href":"https:\/\/explora.cl\/antofagasta\/wp-json\/wp\/v2\/tags?post=32253"}],"curies":[{"name":"wp","href":"https:\/\/api.w.org\/{rel}","templated":true}]}}