{"id":32217,"date":"2015-10-13T14:52:30","date_gmt":"2015-10-13T14:52:30","guid":{"rendered":"https:\/\/explora.cl\/antofagasta\/blog\/2015\/10\/13\/delegaciones-listas-para-el-xii-congreso-regional-escolar-de-ciencia-y-tecnologia\/"},"modified":"2019-05-16T03:19:54","modified_gmt":"2019-05-16T03:19:54","slug":"delegaciones-listas-para-el-xii-congreso-regional-escolar-de-ciencia-y-tecnologia","status":"publish","type":"post","link":"https:\/\/explora.cl\/antofagasta\/delegaciones-listas-para-el-xii-congreso-regional-escolar-de-ciencia-y-tecnologia\/","title":{"rendered":"Delegaciones listas para el XII Congreso Regional Escolar de Ciencia y Tecnolog\u00eda"},"content":{"rendered":"<p><img fetchpriority=\"high\" decoding=\"async\" class=\" size-full wp-image-15627\" src=\"https:\/\/explora.cl\/wp-content\/uploads\/2015\/10\/c9307f88d295c13d96c945887785b41e.jpg\" alt=\"\" width=\"1341\" height=\"896\" \/><\/p>\n<p>El pr\u00f3ximo <strong>22, 23 y 24 de octubre<\/strong>, estudiantes de Antofagasta, Calama, Tocopilla y Mejillones, se reunir\u00e1n en la explanada del Ferrocarril de Antofagasta para participar del <strong>XII Congreso Regional Escolar de Ciencia y Tecnolog\u00eda<\/strong>, encuentro organizado por el PAR EXPLORA Antofagasta que permite que ni\u00f1os, ni\u00f1as y j\u00f3venes puedan dar a conocer trabajos de investigaci\u00f3n desarrollados con sus compa\u00f1eros, profesores y asesores durante el a\u00f1o. <\/p>\n<p>La iniciativa forma parte de las actividades de la XXI Semana Nacional de la Ciencia y la Tecnolog\u00eda del Programa EXPLORA CONICYT, que en la regi\u00f3n es celebrada durante todo el mes, generando as\u00ed un espacio de valoraci\u00f3n y divulgaci\u00f3n cient\u00edfica que podr\u00e1 ser visitado por el p\u00fablico general.<\/p>\n<p>En total ser\u00e1n<strong> 17 delegaciones que exhibir\u00e1n sus trabajos,<\/strong> los que ser\u00e1n evaluados por un jurado que escoger\u00e1 los proyectos ganadores. \u00c9stos pasar\u00e1n al XVI Congreso Nacional Escolar de Ciencia y Tecnolog\u00eda, que se realizar\u00e1 en Valpara\u00edso el 26 y 28 de noviembre del presente a\u00f1o.<\/p>\n<p>&#8220;Felicitamos a todos los equipos que se presentar\u00e1n en este gran evento cient\u00edfico que re\u00fane a la ciencia y la tecnolog\u00eda en un solo lugar y que pone en valor el trabajo que han venido haciendo las distintas delegaciones de las comunas de la regi\u00f3n. En versiones anteriores los estudiantes ganadores han tenido la oportunidad no solo de llegar a instancias nacionales sino que tambi\u00e9n internacionales, por lo que es una gran vitrina para poder mostrar el nivel de investigaci\u00f3n que se desarrolla en los establecimientos educacionales de la zona&#8221;, coment\u00f3 la directora del PAR EXPLORA Antofagasta, Gladys Hayashida.<\/p>\n<p>Durante el XII Congreso Regional de Ciencia y Tecnolog\u00eda Escolar tambi\u00e9n habr\u00e1 una Feria Cient\u00edfica de P\u00e1rvulos, presentaciones de las academias de astronom\u00eda Exploradores del Cielo y Rob\u00f3tica; un encuentro de la macro zona norte de postulantes a la Feria Ant\u00e1rtica Escolar 2015, como tambi\u00e9n diversas actividades culturales y art\u00edsticas.<\/p>\n<p>Escrito por Claudia C\u00e1ceres.<\/p><\/p>\n","protected":false},"excerpt":{"rendered":"<p>El pr\u00f3ximo 22, 23 y 24 de octubre, estudiantes de Antofagasta, Calama, Tocopilla y Mejillones, se reunir\u00e1n en la explanada del Ferrocarril de Antofagasta para participar del XII Congreso Regional Escolar de Ciencia y Tecnolog\u00eda, encuentro organizado por el PAR EXPLORA Antofagasta que permite que ni\u00f1os, ni\u00f1as y j\u00f3venes puedan dar a conocer trabajos de [&hellip;]<\/p>\n","protected":false},"author":2,"featured_media":15627,"comment_status":"closed","ping_status":"open","sticky":false,"template":"","format":"standard","meta":{"_acf_changed":false,"_exactmetrics_skip_tracking":false,"_exactmetrics_sitenote_active":false,"_exactmetrics_sitenote_note":"","_exactmetrics_sitenote_category":0,"footnotes":"","_links_to":"","_links_to_target":""},"categories":[4],"tags":[],"class_list":["post-32217","post","type-post","status-publish","format-standard","has-post-thumbnail","hentry","category-noticias"],"acf":[],"yoast_head":"<!-- This site is optimized with the Yoast SEO plugin v26.9 - https:\/\/yoast.com\/product\/yoast-seo-wordpress\/ -->\n<title>Delegaciones listas para el XII Congreso Regional Escolar de Ciencia y Tecnolog\u00eda - Antofagasta<\/title>\n<meta name=\"robots\" content=\"index, follow, max-snippet:-1, max-image-preview:large, max-video-preview:-1\" \/>\n<link rel=\"canonical\" href=\"https:\/\/explora.cl\/antofagasta\/delegaciones-listas-para-el-xii-congreso-regional-escolar-de-ciencia-y-tecnologia\/\" class=\"yoast-seo-meta-tag\" \/>\n<meta property=\"og:locale\" content=\"es_ES\" class=\"yoast-seo-meta-tag\" \/>\n<meta property=\"og:type\" content=\"article\" class=\"yoast-seo-meta-tag\" \/>\n<meta property=\"og:title\" content=\"Delegaciones listas para el XII Congreso Regional Escolar de Ciencia y Tecnolog\u00eda - Antofagasta\" class=\"yoast-seo-meta-tag\" \/>\n<meta property=\"og:description\" content=\"El pr\u00f3ximo 22, 23 y 24 de octubre, estudiantes de Antofagasta, Calama, Tocopilla y Mejillones, se reunir\u00e1n en la explanada del Ferrocarril de Antofagasta para participar del XII Congreso Regional Escolar de Ciencia y Tecnolog\u00eda, encuentro organizado por el PAR EXPLORA Antofagasta que permite que ni\u00f1os, ni\u00f1as y j\u00f3venes puedan dar a conocer trabajos de [&hellip;]\" class=\"yoast-seo-meta-tag\" \/>\n<meta property=\"og:url\" content=\"https:\/\/explora.cl\/antofagasta\/delegaciones-listas-para-el-xii-congreso-regional-escolar-de-ciencia-y-tecnologia\/\" class=\"yoast-seo-meta-tag\" \/>\n<meta property=\"og:site_name\" content=\"Antofagasta\" class=\"yoast-seo-meta-tag\" \/>\n<meta property=\"article:published_time\" content=\"2015-10-13T14:52:30+00:00\" class=\"yoast-seo-meta-tag\" \/>\n<meta property=\"article:modified_time\" content=\"2019-05-16T03:19:54+00:00\" class=\"yoast-seo-meta-tag\" \/>\n<meta name=\"author\" content=\"webman\" class=\"yoast-seo-meta-tag\" \/>\n<meta name=\"twitter:card\" content=\"summary_large_image\" class=\"yoast-seo-meta-tag\" \/>\n<meta name=\"twitter:label1\" content=\"Escrito por\" class=\"yoast-seo-meta-tag\" \/>\n\t<meta name=\"twitter:data1\" content=\"webman\" class=\"yoast-seo-meta-tag\" \/>\n\t<meta name=\"twitter:label2\" content=\"Tiempo estimado de lectura\" class=\"yoast-seo-meta-tag\" \/>\n\t<meta name=\"twitter:data2\" content=\"2 minutos\" class=\"yoast-seo-meta-tag\" \/>\n<script type=\"application\/ld+json\" class=\"yoast-schema-graph\">{\"@context\":\"https:\/\/schema.org\",\"@graph\":[{\"@type\":\"Article\",\"@id\":\"https:\/\/explora.cl\/antofagasta\/delegaciones-listas-para-el-xii-congreso-regional-escolar-de-ciencia-y-tecnologia\/#article\",\"isPartOf\":{\"@id\":\"https:\/\/explora.cl\/antofagasta\/delegaciones-listas-para-el-xii-congreso-regional-escolar-de-ciencia-y-tecnologia\/\"},\"author\":{\"name\":\"webman\",\"@id\":\"https:\/\/explora.cl\/antofagasta\/#\/schema\/person\/cb8349c13ea2d324080adf8480d7ba5d\"},\"headline\":\"Delegaciones listas para el XII Congreso Regional Escolar de Ciencia y Tecnolog\u00eda\",\"datePublished\":\"2015-10-13T14:52:30+00:00\",\"dateModified\":\"2019-05-16T03:19:54+00:00\",\"mainEntityOfPage\":{\"@id\":\"https:\/\/explora.cl\/antofagasta\/delegaciones-listas-para-el-xii-congreso-regional-escolar-de-ciencia-y-tecnologia\/\"},\"wordCount\":359,\"image\":{\"@id\":\"https:\/\/explora.cl\/antofagasta\/delegaciones-listas-para-el-xii-congreso-regional-escolar-de-ciencia-y-tecnologia\/#primaryimage\"},\"thumbnailUrl\":\"\",\"articleSection\":[\"Noticias\"],\"inLanguage\":\"es-CL\"},{\"@type\":\"WebPage\",\"@id\":\"https:\/\/explora.cl\/antofagasta\/delegaciones-listas-para-el-xii-congreso-regional-escolar-de-ciencia-y-tecnologia\/\",\"url\":\"https:\/\/explora.cl\/antofagasta\/delegaciones-listas-para-el-xii-congreso-regional-escolar-de-ciencia-y-tecnologia\/\",\"name\":\"Delegaciones listas para el XII Congreso Regional Escolar de Ciencia y Tecnolog\u00eda - Antofagasta\",\"isPartOf\":{\"@id\":\"https:\/\/explora.cl\/antofagasta\/#website\"},\"primaryImageOfPage\":{\"@id\":\"https:\/\/explora.cl\/antofagasta\/delegaciones-listas-para-el-xii-congreso-regional-escolar-de-ciencia-y-tecnologia\/#primaryimage\"},\"image\":{\"@id\":\"https:\/\/explora.cl\/antofagasta\/delegaciones-listas-para-el-xii-congreso-regional-escolar-de-ciencia-y-tecnologia\/#primaryimage\"},\"thumbnailUrl\":\"\",\"datePublished\":\"2015-10-13T14:52:30+00:00\",\"dateModified\":\"2019-05-16T03:19:54+00:00\",\"author\":{\"@id\":\"https:\/\/explora.cl\/antofagasta\/#\/schema\/person\/cb8349c13ea2d324080adf8480d7ba5d\"},\"breadcrumb\":{\"@id\":\"https:\/\/explora.cl\/antofagasta\/delegaciones-listas-para-el-xii-congreso-regional-escolar-de-ciencia-y-tecnologia\/#breadcrumb\"},\"inLanguage\":\"es-CL\",\"potentialAction\":[{\"@type\":\"ReadAction\",\"target\":[\"https:\/\/explora.cl\/antofagasta\/delegaciones-listas-para-el-xii-congreso-regional-escolar-de-ciencia-y-tecnologia\/\"]}]},{\"@type\":\"ImageObject\",\"inLanguage\":\"es-CL\",\"@id\":\"https:\/\/explora.cl\/antofagasta\/delegaciones-listas-para-el-xii-congreso-regional-escolar-de-ciencia-y-tecnologia\/#primaryimage\",\"url\":\"\",\"contentUrl\":\"\"},{\"@type\":\"BreadcrumbList\",\"@id\":\"https:\/\/explora.cl\/antofagasta\/delegaciones-listas-para-el-xii-congreso-regional-escolar-de-ciencia-y-tecnologia\/#breadcrumb\",\"itemListElement\":[{\"@type\":\"ListItem\",\"position\":1,\"name\":\"Portada\",\"item\":\"https:\/\/explora.cl\/antofagasta\/\"},{\"@type\":\"ListItem\",\"position\":2,\"name\":\"Delegaciones listas para el XII Congreso Regional Escolar de Ciencia y Tecnolog\u00eda\"}]},{\"@type\":\"WebSite\",\"@id\":\"https:\/\/explora.cl\/antofagasta\/#website\",\"url\":\"https:\/\/explora.cl\/antofagasta\/\",\"name\":\"Antofagasta\",\"description\":\"Otro sitio m\u00e1s de explora.cl\",\"potentialAction\":[{\"@type\":\"SearchAction\",\"target\":{\"@type\":\"EntryPoint\",\"urlTemplate\":\"https:\/\/explora.cl\/antofagasta\/?s={search_term_string}\"},\"query-input\":{\"@type\":\"PropertyValueSpecification\",\"valueRequired\":true,\"valueName\":\"search_term_string\"}}],\"inLanguage\":\"es-CL\"},{\"@type\":\"Person\",\"@id\":\"https:\/\/explora.cl\/antofagasta\/#\/schema\/person\/cb8349c13ea2d324080adf8480d7ba5d\",\"name\":\"webman\",\"image\":{\"@type\":\"ImageObject\",\"inLanguage\":\"es-CL\",\"@id\":\"https:\/\/explora.cl\/antofagasta\/#\/schema\/person\/image\/\",\"url\":\"https:\/\/secure.gravatar.com\/avatar\/eeff3c82f2c02f7177d13663b7e6f890e9a6a0647ce9bb29cae02dcb094c7312?s=96&d=mm&r=g\",\"contentUrl\":\"https:\/\/secure.gravatar.com\/avatar\/eeff3c82f2c02f7177d13663b7e6f890e9a6a0647ce9bb29cae02dcb094c7312?s=96&d=mm&r=g\",\"caption\":\"webman\"},\"url\":\"https:\/\/explora.cl\/antofagasta\/author\/webman\/\"}]}<\/script>\n<!-- \/ Yoast SEO plugin. -->","yoast_head_json":{"title":"Delegaciones listas para el XII Congreso Regional Escolar de Ciencia y Tecnolog\u00eda - Antofagasta","robots":{"index":"index","follow":"follow","max-snippet":"max-snippet:-1","max-image-preview":"max-image-preview:large","max-video-preview":"max-video-preview:-1"},"canonical":"https:\/\/explora.cl\/antofagasta\/delegaciones-listas-para-el-xii-congreso-regional-escolar-de-ciencia-y-tecnologia\/","og_locale":"es_ES","og_type":"article","og_title":"Delegaciones listas para el XII Congreso Regional Escolar de Ciencia y Tecnolog\u00eda - Antofagasta","og_description":"El pr\u00f3ximo 22, 23 y 24 de octubre, estudiantes de Antofagasta, Calama, Tocopilla y Mejillones, se reunir\u00e1n en la explanada del Ferrocarril de Antofagasta para participar del XII Congreso Regional Escolar de Ciencia y Tecnolog\u00eda, encuentro organizado por el PAR EXPLORA Antofagasta que permite que ni\u00f1os, ni\u00f1as y j\u00f3venes puedan dar a conocer trabajos de [&hellip;]","og_url":"https:\/\/explora.cl\/antofagasta\/delegaciones-listas-para-el-xii-congreso-regional-escolar-de-ciencia-y-tecnologia\/","og_site_name":"Antofagasta","article_published_time":"2015-10-13T14:52:30+00:00","article_modified_time":"2019-05-16T03:19:54+00:00","author":"webman","twitter_card":"summary_large_image","twitter_misc":{"Escrito por":"webman","Tiempo estimado de lectura":"2 minutos"},"schema":{"@context":"https:\/\/schema.org","@graph":[{"@type":"Article","@id":"https:\/\/explora.cl\/antofagasta\/delegaciones-listas-para-el-xii-congreso-regional-escolar-de-ciencia-y-tecnologia\/#article","isPartOf":{"@id":"https:\/\/explora.cl\/antofagasta\/delegaciones-listas-para-el-xii-congreso-regional-escolar-de-ciencia-y-tecnologia\/"},"author":{"name":"webman","@id":"https:\/\/explora.cl\/antofagasta\/#\/schema\/person\/cb8349c13ea2d324080adf8480d7ba5d"},"headline":"Delegaciones listas para el XII Congreso Regional Escolar de Ciencia y Tecnolog\u00eda","datePublished":"2015-10-13T14:52:30+00:00","dateModified":"2019-05-16T03:19:54+00:00","mainEntityOfPage":{"@id":"https:\/\/explora.cl\/antofagasta\/delegaciones-listas-para-el-xii-congreso-regional-escolar-de-ciencia-y-tecnologia\/"},"wordCount":359,"image":{"@id":"https:\/\/explora.cl\/antofagasta\/delegaciones-listas-para-el-xii-congreso-regional-escolar-de-ciencia-y-tecnologia\/#primaryimage"},"thumbnailUrl":"","articleSection":["Noticias"],"inLanguage":"es-CL"},{"@type":"WebPage","@id":"https:\/\/explora.cl\/antofagasta\/delegaciones-listas-para-el-xii-congreso-regional-escolar-de-ciencia-y-tecnologia\/","url":"https:\/\/explora.cl\/antofagasta\/delegaciones-listas-para-el-xii-congreso-regional-escolar-de-ciencia-y-tecnologia\/","name":"Delegaciones listas para el XII Congreso Regional Escolar de Ciencia y Tecnolog\u00eda - Antofagasta","isPartOf":{"@id":"https:\/\/explora.cl\/antofagasta\/#website"},"primaryImageOfPage":{"@id":"https:\/\/explora.cl\/antofagasta\/delegaciones-listas-para-el-xii-congreso-regional-escolar-de-ciencia-y-tecnologia\/#primaryimage"},"image":{"@id":"https:\/\/explora.cl\/antofagasta\/delegaciones-listas-para-el-xii-congreso-regional-escolar-de-ciencia-y-tecnologia\/#primaryimage"},"thumbnailUrl":"","datePublished":"2015-10-13T14:52:30+00:00","dateModified":"2019-05-16T03:19:54+00:00","author":{"@id":"https:\/\/explora.cl\/antofagasta\/#\/schema\/person\/cb8349c13ea2d324080adf8480d7ba5d"},"breadcrumb":{"@id":"https:\/\/explora.cl\/antofagasta\/delegaciones-listas-para-el-xii-congreso-regional-escolar-de-ciencia-y-tecnologia\/#breadcrumb"},"inLanguage":"es-CL","potentialAction":[{"@type":"ReadAction","target":["https:\/\/explora.cl\/antofagasta\/delegaciones-listas-para-el-xii-congreso-regional-escolar-de-ciencia-y-tecnologia\/"]}]},{"@type":"ImageObject","inLanguage":"es-CL","@id":"https:\/\/explora.cl\/antofagasta\/delegaciones-listas-para-el-xii-congreso-regional-escolar-de-ciencia-y-tecnologia\/#primaryimage","url":"","contentUrl":""},{"@type":"BreadcrumbList","@id":"https:\/\/explora.cl\/antofagasta\/delegaciones-listas-para-el-xii-congreso-regional-escolar-de-ciencia-y-tecnologia\/#breadcrumb","itemListElement":[{"@type":"ListItem","position":1,"name":"Portada","item":"https:\/\/explora.cl\/antofagasta\/"},{"@type":"ListItem","position":2,"name":"Delegaciones listas para el XII Congreso Regional Escolar de Ciencia y Tecnolog\u00eda"}]},{"@type":"WebSite","@id":"https:\/\/explora.cl\/antofagasta\/#website","url":"https:\/\/explora.cl\/antofagasta\/","name":"Antofagasta","description":"Otro sitio m\u00e1s de explora.cl","potentialAction":[{"@type":"SearchAction","target":{"@type":"EntryPoint","urlTemplate":"https:\/\/explora.cl\/antofagasta\/?s={search_term_string}"},"query-input":{"@type":"PropertyValueSpecification","valueRequired":true,"valueName":"search_term_string"}}],"inLanguage":"es-CL"},{"@type":"Person","@id":"https:\/\/explora.cl\/antofagasta\/#\/schema\/person\/cb8349c13ea2d324080adf8480d7ba5d","name":"webman","image":{"@type":"ImageObject","inLanguage":"es-CL","@id":"https:\/\/explora.cl\/antofagasta\/#\/schema\/person\/image\/","url":"https:\/\/secure.gravatar.com\/avatar\/eeff3c82f2c02f7177d13663b7e6f890e9a6a0647ce9bb29cae02dcb094c7312?s=96&d=mm&r=g","contentUrl":"https:\/\/secure.gravatar.com\/avatar\/eeff3c82f2c02f7177d13663b7e6f890e9a6a0647ce9bb29cae02dcb094c7312?s=96&d=mm&r=g","caption":"webman"},"url":"https:\/\/explora.cl\/antofagasta\/author\/webman\/"}]}},"_links":{"self":[{"href":"https:\/\/explora.cl\/antofagasta\/wp-json\/wp\/v2\/posts\/32217","targetHints":{"allow":["GET"]}}],"collection":[{"href":"https:\/\/explora.cl\/antofagasta\/wp-json\/wp\/v2\/posts"}],"about":[{"href":"https:\/\/explora.cl\/antofagasta\/wp-json\/wp\/v2\/types\/post"}],"author":[{"embeddable":true,"href":"https:\/\/explora.cl\/antofagasta\/wp-json\/wp\/v2\/users\/2"}],"replies":[{"embeddable":true,"href":"https:\/\/explora.cl\/antofagasta\/wp-json\/wp\/v2\/comments?post=32217"}],"version-history":[{"count":1,"href":"https:\/\/explora.cl\/antofagasta\/wp-json\/wp\/v2\/posts\/32217\/revisions"}],"predecessor-version":[{"id":38687,"href":"https:\/\/explora.cl\/antofagasta\/wp-json\/wp\/v2\/posts\/32217\/revisions\/38687"}],"wp:featuredmedia":[{"embeddable":true,"href":"https:\/\/explora.cl\/antofagasta\/wp-json\/"}],"wp:attachment":[{"href":"https:\/\/explora.cl\/antofagasta\/wp-json\/wp\/v2\/media?parent=32217"}],"wp:term":[{"taxonomy":"category","embeddable":true,"href":"https:\/\/explora.cl\/antofagasta\/wp-json\/wp\/v2\/categories?post=32217"},{"taxonomy":"post_tag","embeddable":true,"href":"https:\/\/explora.cl\/antofagasta\/wp-json\/wp\/v2\/tags?post=32217"}],"curies":[{"name":"wp","href":"https:\/\/api.w.org\/{rel}","templated":true}]}}