{"id":32213,"date":"2015-10-14T18:40:16","date_gmt":"2015-10-14T18:40:16","guid":{"rendered":"https:\/\/explora.cl\/antofagasta\/blog\/2015\/10\/14\/este-viernes-es-la-final-del-ii-torneo-interescolar-de-debate-en-ciencia-y-tecnologia\/"},"modified":"2019-05-16T03:19:53","modified_gmt":"2019-05-16T03:19:53","slug":"este-viernes-es-la-final-del-ii-torneo-interescolar-de-debate-en-ciencia-y-tecnologia","status":"publish","type":"post","link":"https:\/\/explora.cl\/antofagasta\/este-viernes-es-la-final-del-ii-torneo-interescolar-de-debate-en-ciencia-y-tecnologia\/","title":{"rendered":"Este viernes es la final del II Torneo Interescolar de Debate en Ciencia y Tecnolog\u00eda"},"content":{"rendered":"<p><img fetchpriority=\"high\" decoding=\"async\" class=\" size-full wp-image-15677\" src=\"https:\/\/explora.cl\/wp-content\/uploads\/2015\/10\/442f37d3ee385afe0a2055390d091f47.jpg\" alt=\"\" width=\"1136\" height=\"751\" \/><\/p>\n<p>Este viernes 16 de octubre ser\u00e1 la final del<strong> II Torneo Interescolar de Debate en Ciencia y Tecnolog\u00eda<\/strong>, actividad organizada por el PAR EXPLORA Antofagasta, el Centro de Investigaci\u00f3n Cient\u00edfico Tecnol\u00f3gico para la Miner\u00eda (CICITEM) y Aguas Antofagasta. <\/p>\n<p>La actividad comenzar\u00e1 las 8:30 hrs. en el auditorio Horacio Mel\u00e9ndez del Campus Angamos de la Universidad de Antofagasta (Angamos 601), y en esta participar\u00e1n los colegios Universitario Antonio Rendic, Santa Teresita, Coraz\u00f3n de Mar\u00eda y The Giant School.<\/p>\n<p>La primera ronda \u2013 que decida el tercer y cuarto lugar \u2013 ser\u00e1 entre los colegios Universitario Antonio Rendic (a favor) y The Giant School (en contra), y tendr\u00e1 como premisa el tema<strong> &#8220;Se debe invertir en la creaci\u00f3n de Plantas de desalinizaci\u00f3n de agua de mar para el uso de la miner\u00eda&#8221;.<\/strong> El equipo que presenta la investigaci\u00f3n sobre el tema es el del Colegio Santa Teresita.<\/p>\n<p>El primer y segundo lugar ser\u00e1 entre los colegios Santa Teresita (a favor) y Coraz\u00f3n de Mar\u00eda (en contra), con el tema<strong> &#8220;Es correcta la investigaci\u00f3n cient\u00edfica con c\u00e9lulas madres&#8221;<\/strong>; y tendr\u00e1 como investigadores a los estudiantes del Colegio Universitario Antonio Rendic.<\/p>\n<p>La directora del PAR EXPLORA Antofagasta, Gladys Hayashida, manifest\u00f3 que &#8220;estamos muy contentos que los j\u00f3venes sean parte de la final del II Torneo Interescolar de Debate en Ciencia y Tecnolog\u00eda, ya que han sido jornadas que han permitido que los estudiantes puedan fomentar su capacidad de pensamiento cient\u00edfico, como tambi\u00e9n el trabajo en equipo, la investigaci\u00f3n y otras habilidades blandas.<\/p>\n<p>Adem\u00e1s se han abordado tem\u00e1ticas que son relevantes para la sociedad actual y para el desarrollo de la regi\u00f3n. Agradecemos la participaci\u00f3n de cada uno de los integrantes de los equipos y de sus profesores; tambi\u00e9n a los colegios San Patricio y Netland School que fueron parte de esta actividad&#8221;.<\/p>\n<p>El equipo ganador del II Torneo Interescolar de Debate en Ciencia y Tecnolog\u00eda, pasar\u00e1 a la instancia interregional en donde se convocar\u00e1 a los ganadores regionales, permitiendo as\u00ed generar un encuentro en donde se fortalecer\u00e1n las habilidades de pensamiento cr\u00edtico en estudiantes de educaci\u00f3n media. Adem\u00e1s, se promover\u00e1 el debate como una actividad dial\u00f3gica que permite la construcci\u00f3n cr\u00edtica de conocimiento y como m\u00e9todo efectivo en la ense\u00f1anza de las ciencias y la tecnolog\u00eda.<\/p>\n<p>Escrito por Claudia C\u00e1ceres.<\/p>\n<p>Cr\u00e9dito fotograf\u00eda: Rodrigo Maluenda&nbsp;<\/p><\/p>\n","protected":false},"excerpt":{"rendered":"<p>Este viernes 16 de octubre ser\u00e1 la final del II Torneo Interescolar de Debate en Ciencia y Tecnolog\u00eda, actividad organizada por el PAR EXPLORA Antofagasta, el Centro de Investigaci\u00f3n Cient\u00edfico Tecnol\u00f3gico para la Miner\u00eda (CICITEM) y Aguas Antofagasta. La actividad comenzar\u00e1 las 8:30 hrs. en el auditorio Horacio Mel\u00e9ndez del Campus Angamos de la Universidad [&hellip;]<\/p>\n","protected":false},"author":2,"featured_media":15677,"comment_status":"closed","ping_status":"open","sticky":false,"template":"","format":"standard","meta":{"_acf_changed":false,"_exactmetrics_skip_tracking":false,"_exactmetrics_sitenote_active":false,"_exactmetrics_sitenote_note":"","_exactmetrics_sitenote_category":0,"footnotes":"","_links_to":"","_links_to_target":""},"categories":[4],"tags":[],"class_list":["post-32213","post","type-post","status-publish","format-standard","has-post-thumbnail","hentry","category-noticias"],"acf":[],"yoast_head":"<!-- This site is optimized with the Yoast SEO plugin v26.9 - https:\/\/yoast.com\/product\/yoast-seo-wordpress\/ -->\n<title>Este viernes es la final del II Torneo Interescolar de Debate en Ciencia y Tecnolog\u00eda - Antofagasta<\/title>\n<meta name=\"robots\" content=\"index, follow, max-snippet:-1, max-image-preview:large, max-video-preview:-1\" \/>\n<link rel=\"canonical\" href=\"https:\/\/explora.cl\/antofagasta\/este-viernes-es-la-final-del-ii-torneo-interescolar-de-debate-en-ciencia-y-tecnologia\/\" class=\"yoast-seo-meta-tag\" \/>\n<meta property=\"og:locale\" content=\"es_ES\" class=\"yoast-seo-meta-tag\" \/>\n<meta property=\"og:type\" content=\"article\" class=\"yoast-seo-meta-tag\" \/>\n<meta property=\"og:title\" content=\"Este viernes es la final del II Torneo Interescolar de Debate en Ciencia y Tecnolog\u00eda - Antofagasta\" class=\"yoast-seo-meta-tag\" \/>\n<meta property=\"og:description\" content=\"Este viernes 16 de octubre ser\u00e1 la final del II Torneo Interescolar de Debate en Ciencia y Tecnolog\u00eda, actividad organizada por el PAR EXPLORA Antofagasta, el Centro de Investigaci\u00f3n Cient\u00edfico Tecnol\u00f3gico para la Miner\u00eda (CICITEM) y Aguas Antofagasta. La actividad comenzar\u00e1 las 8:30 hrs. en el auditorio Horacio Mel\u00e9ndez del Campus Angamos de la Universidad [&hellip;]\" class=\"yoast-seo-meta-tag\" \/>\n<meta property=\"og:url\" content=\"https:\/\/explora.cl\/antofagasta\/este-viernes-es-la-final-del-ii-torneo-interescolar-de-debate-en-ciencia-y-tecnologia\/\" class=\"yoast-seo-meta-tag\" \/>\n<meta property=\"og:site_name\" content=\"Antofagasta\" class=\"yoast-seo-meta-tag\" \/>\n<meta property=\"article:published_time\" content=\"2015-10-14T18:40:16+00:00\" class=\"yoast-seo-meta-tag\" \/>\n<meta property=\"article:modified_time\" content=\"2019-05-16T03:19:53+00:00\" class=\"yoast-seo-meta-tag\" \/>\n<meta name=\"author\" content=\"webman\" class=\"yoast-seo-meta-tag\" \/>\n<meta name=\"twitter:card\" content=\"summary_large_image\" class=\"yoast-seo-meta-tag\" \/>\n<meta name=\"twitter:label1\" content=\"Escrito por\" class=\"yoast-seo-meta-tag\" \/>\n\t<meta name=\"twitter:data1\" content=\"webman\" class=\"yoast-seo-meta-tag\" \/>\n\t<meta name=\"twitter:label2\" content=\"Tiempo estimado de lectura\" class=\"yoast-seo-meta-tag\" \/>\n\t<meta name=\"twitter:data2\" content=\"2 minutos\" class=\"yoast-seo-meta-tag\" \/>\n<script type=\"application\/ld+json\" class=\"yoast-schema-graph\">{\"@context\":\"https:\/\/schema.org\",\"@graph\":[{\"@type\":\"Article\",\"@id\":\"https:\/\/explora.cl\/antofagasta\/este-viernes-es-la-final-del-ii-torneo-interescolar-de-debate-en-ciencia-y-tecnologia\/#article\",\"isPartOf\":{\"@id\":\"https:\/\/explora.cl\/antofagasta\/este-viernes-es-la-final-del-ii-torneo-interescolar-de-debate-en-ciencia-y-tecnologia\/\"},\"author\":{\"name\":\"webman\",\"@id\":\"https:\/\/explora.cl\/antofagasta\/#\/schema\/person\/cb8349c13ea2d324080adf8480d7ba5d\"},\"headline\":\"Este viernes es la final del II Torneo Interescolar de Debate en Ciencia y Tecnolog\u00eda\",\"datePublished\":\"2015-10-14T18:40:16+00:00\",\"dateModified\":\"2019-05-16T03:19:53+00:00\",\"mainEntityOfPage\":{\"@id\":\"https:\/\/explora.cl\/antofagasta\/este-viernes-es-la-final-del-ii-torneo-interescolar-de-debate-en-ciencia-y-tecnologia\/\"},\"wordCount\":434,\"image\":{\"@id\":\"https:\/\/explora.cl\/antofagasta\/este-viernes-es-la-final-del-ii-torneo-interescolar-de-debate-en-ciencia-y-tecnologia\/#primaryimage\"},\"thumbnailUrl\":\"\",\"articleSection\":[\"Noticias\"],\"inLanguage\":\"es-CL\"},{\"@type\":\"WebPage\",\"@id\":\"https:\/\/explora.cl\/antofagasta\/este-viernes-es-la-final-del-ii-torneo-interescolar-de-debate-en-ciencia-y-tecnologia\/\",\"url\":\"https:\/\/explora.cl\/antofagasta\/este-viernes-es-la-final-del-ii-torneo-interescolar-de-debate-en-ciencia-y-tecnologia\/\",\"name\":\"Este viernes es la final del II Torneo Interescolar de Debate en Ciencia y Tecnolog\u00eda - Antofagasta\",\"isPartOf\":{\"@id\":\"https:\/\/explora.cl\/antofagasta\/#website\"},\"primaryImageOfPage\":{\"@id\":\"https:\/\/explora.cl\/antofagasta\/este-viernes-es-la-final-del-ii-torneo-interescolar-de-debate-en-ciencia-y-tecnologia\/#primaryimage\"},\"image\":{\"@id\":\"https:\/\/explora.cl\/antofagasta\/este-viernes-es-la-final-del-ii-torneo-interescolar-de-debate-en-ciencia-y-tecnologia\/#primaryimage\"},\"thumbnailUrl\":\"\",\"datePublished\":\"2015-10-14T18:40:16+00:00\",\"dateModified\":\"2019-05-16T03:19:53+00:00\",\"author\":{\"@id\":\"https:\/\/explora.cl\/antofagasta\/#\/schema\/person\/cb8349c13ea2d324080adf8480d7ba5d\"},\"breadcrumb\":{\"@id\":\"https:\/\/explora.cl\/antofagasta\/este-viernes-es-la-final-del-ii-torneo-interescolar-de-debate-en-ciencia-y-tecnologia\/#breadcrumb\"},\"inLanguage\":\"es-CL\",\"potentialAction\":[{\"@type\":\"ReadAction\",\"target\":[\"https:\/\/explora.cl\/antofagasta\/este-viernes-es-la-final-del-ii-torneo-interescolar-de-debate-en-ciencia-y-tecnologia\/\"]}]},{\"@type\":\"ImageObject\",\"inLanguage\":\"es-CL\",\"@id\":\"https:\/\/explora.cl\/antofagasta\/este-viernes-es-la-final-del-ii-torneo-interescolar-de-debate-en-ciencia-y-tecnologia\/#primaryimage\",\"url\":\"\",\"contentUrl\":\"\"},{\"@type\":\"BreadcrumbList\",\"@id\":\"https:\/\/explora.cl\/antofagasta\/este-viernes-es-la-final-del-ii-torneo-interescolar-de-debate-en-ciencia-y-tecnologia\/#breadcrumb\",\"itemListElement\":[{\"@type\":\"ListItem\",\"position\":1,\"name\":\"Portada\",\"item\":\"https:\/\/explora.cl\/antofagasta\/\"},{\"@type\":\"ListItem\",\"position\":2,\"name\":\"Este viernes es la final del II Torneo Interescolar de Debate en Ciencia y Tecnolog\u00eda\"}]},{\"@type\":\"WebSite\",\"@id\":\"https:\/\/explora.cl\/antofagasta\/#website\",\"url\":\"https:\/\/explora.cl\/antofagasta\/\",\"name\":\"Antofagasta\",\"description\":\"Otro sitio m\u00e1s de explora.cl\",\"potentialAction\":[{\"@type\":\"SearchAction\",\"target\":{\"@type\":\"EntryPoint\",\"urlTemplate\":\"https:\/\/explora.cl\/antofagasta\/?s={search_term_string}\"},\"query-input\":{\"@type\":\"PropertyValueSpecification\",\"valueRequired\":true,\"valueName\":\"search_term_string\"}}],\"inLanguage\":\"es-CL\"},{\"@type\":\"Person\",\"@id\":\"https:\/\/explora.cl\/antofagasta\/#\/schema\/person\/cb8349c13ea2d324080adf8480d7ba5d\",\"name\":\"webman\",\"image\":{\"@type\":\"ImageObject\",\"inLanguage\":\"es-CL\",\"@id\":\"https:\/\/explora.cl\/antofagasta\/#\/schema\/person\/image\/\",\"url\":\"https:\/\/secure.gravatar.com\/avatar\/eeff3c82f2c02f7177d13663b7e6f890e9a6a0647ce9bb29cae02dcb094c7312?s=96&d=mm&r=g\",\"contentUrl\":\"https:\/\/secure.gravatar.com\/avatar\/eeff3c82f2c02f7177d13663b7e6f890e9a6a0647ce9bb29cae02dcb094c7312?s=96&d=mm&r=g\",\"caption\":\"webman\"},\"url\":\"https:\/\/explora.cl\/antofagasta\/author\/webman\/\"}]}<\/script>\n<!-- \/ Yoast SEO plugin. -->","yoast_head_json":{"title":"Este viernes es la final del II Torneo Interescolar de Debate en Ciencia y Tecnolog\u00eda - Antofagasta","robots":{"index":"index","follow":"follow","max-snippet":"max-snippet:-1","max-image-preview":"max-image-preview:large","max-video-preview":"max-video-preview:-1"},"canonical":"https:\/\/explora.cl\/antofagasta\/este-viernes-es-la-final-del-ii-torneo-interescolar-de-debate-en-ciencia-y-tecnologia\/","og_locale":"es_ES","og_type":"article","og_title":"Este viernes es la final del II Torneo Interescolar de Debate en Ciencia y Tecnolog\u00eda - Antofagasta","og_description":"Este viernes 16 de octubre ser\u00e1 la final del II Torneo Interescolar de Debate en Ciencia y Tecnolog\u00eda, actividad organizada por el PAR EXPLORA Antofagasta, el Centro de Investigaci\u00f3n Cient\u00edfico Tecnol\u00f3gico para la Miner\u00eda (CICITEM) y Aguas Antofagasta. La actividad comenzar\u00e1 las 8:30 hrs. en el auditorio Horacio Mel\u00e9ndez del Campus Angamos de la Universidad [&hellip;]","og_url":"https:\/\/explora.cl\/antofagasta\/este-viernes-es-la-final-del-ii-torneo-interescolar-de-debate-en-ciencia-y-tecnologia\/","og_site_name":"Antofagasta","article_published_time":"2015-10-14T18:40:16+00:00","article_modified_time":"2019-05-16T03:19:53+00:00","author":"webman","twitter_card":"summary_large_image","twitter_misc":{"Escrito por":"webman","Tiempo estimado de lectura":"2 minutos"},"schema":{"@context":"https:\/\/schema.org","@graph":[{"@type":"Article","@id":"https:\/\/explora.cl\/antofagasta\/este-viernes-es-la-final-del-ii-torneo-interescolar-de-debate-en-ciencia-y-tecnologia\/#article","isPartOf":{"@id":"https:\/\/explora.cl\/antofagasta\/este-viernes-es-la-final-del-ii-torneo-interescolar-de-debate-en-ciencia-y-tecnologia\/"},"author":{"name":"webman","@id":"https:\/\/explora.cl\/antofagasta\/#\/schema\/person\/cb8349c13ea2d324080adf8480d7ba5d"},"headline":"Este viernes es la final del II Torneo Interescolar de Debate en Ciencia y Tecnolog\u00eda","datePublished":"2015-10-14T18:40:16+00:00","dateModified":"2019-05-16T03:19:53+00:00","mainEntityOfPage":{"@id":"https:\/\/explora.cl\/antofagasta\/este-viernes-es-la-final-del-ii-torneo-interescolar-de-debate-en-ciencia-y-tecnologia\/"},"wordCount":434,"image":{"@id":"https:\/\/explora.cl\/antofagasta\/este-viernes-es-la-final-del-ii-torneo-interescolar-de-debate-en-ciencia-y-tecnologia\/#primaryimage"},"thumbnailUrl":"","articleSection":["Noticias"],"inLanguage":"es-CL"},{"@type":"WebPage","@id":"https:\/\/explora.cl\/antofagasta\/este-viernes-es-la-final-del-ii-torneo-interescolar-de-debate-en-ciencia-y-tecnologia\/","url":"https:\/\/explora.cl\/antofagasta\/este-viernes-es-la-final-del-ii-torneo-interescolar-de-debate-en-ciencia-y-tecnologia\/","name":"Este viernes es la final del II Torneo Interescolar de Debate en Ciencia y Tecnolog\u00eda - Antofagasta","isPartOf":{"@id":"https:\/\/explora.cl\/antofagasta\/#website"},"primaryImageOfPage":{"@id":"https:\/\/explora.cl\/antofagasta\/este-viernes-es-la-final-del-ii-torneo-interescolar-de-debate-en-ciencia-y-tecnologia\/#primaryimage"},"image":{"@id":"https:\/\/explora.cl\/antofagasta\/este-viernes-es-la-final-del-ii-torneo-interescolar-de-debate-en-ciencia-y-tecnologia\/#primaryimage"},"thumbnailUrl":"","datePublished":"2015-10-14T18:40:16+00:00","dateModified":"2019-05-16T03:19:53+00:00","author":{"@id":"https:\/\/explora.cl\/antofagasta\/#\/schema\/person\/cb8349c13ea2d324080adf8480d7ba5d"},"breadcrumb":{"@id":"https:\/\/explora.cl\/antofagasta\/este-viernes-es-la-final-del-ii-torneo-interescolar-de-debate-en-ciencia-y-tecnologia\/#breadcrumb"},"inLanguage":"es-CL","potentialAction":[{"@type":"ReadAction","target":["https:\/\/explora.cl\/antofagasta\/este-viernes-es-la-final-del-ii-torneo-interescolar-de-debate-en-ciencia-y-tecnologia\/"]}]},{"@type":"ImageObject","inLanguage":"es-CL","@id":"https:\/\/explora.cl\/antofagasta\/este-viernes-es-la-final-del-ii-torneo-interescolar-de-debate-en-ciencia-y-tecnologia\/#primaryimage","url":"","contentUrl":""},{"@type":"BreadcrumbList","@id":"https:\/\/explora.cl\/antofagasta\/este-viernes-es-la-final-del-ii-torneo-interescolar-de-debate-en-ciencia-y-tecnologia\/#breadcrumb","itemListElement":[{"@type":"ListItem","position":1,"name":"Portada","item":"https:\/\/explora.cl\/antofagasta\/"},{"@type":"ListItem","position":2,"name":"Este viernes es la final del II Torneo Interescolar de Debate en Ciencia y Tecnolog\u00eda"}]},{"@type":"WebSite","@id":"https:\/\/explora.cl\/antofagasta\/#website","url":"https:\/\/explora.cl\/antofagasta\/","name":"Antofagasta","description":"Otro sitio m\u00e1s de explora.cl","potentialAction":[{"@type":"SearchAction","target":{"@type":"EntryPoint","urlTemplate":"https:\/\/explora.cl\/antofagasta\/?s={search_term_string}"},"query-input":{"@type":"PropertyValueSpecification","valueRequired":true,"valueName":"search_term_string"}}],"inLanguage":"es-CL"},{"@type":"Person","@id":"https:\/\/explora.cl\/antofagasta\/#\/schema\/person\/cb8349c13ea2d324080adf8480d7ba5d","name":"webman","image":{"@type":"ImageObject","inLanguage":"es-CL","@id":"https:\/\/explora.cl\/antofagasta\/#\/schema\/person\/image\/","url":"https:\/\/secure.gravatar.com\/avatar\/eeff3c82f2c02f7177d13663b7e6f890e9a6a0647ce9bb29cae02dcb094c7312?s=96&d=mm&r=g","contentUrl":"https:\/\/secure.gravatar.com\/avatar\/eeff3c82f2c02f7177d13663b7e6f890e9a6a0647ce9bb29cae02dcb094c7312?s=96&d=mm&r=g","caption":"webman"},"url":"https:\/\/explora.cl\/antofagasta\/author\/webman\/"}]}},"_links":{"self":[{"href":"https:\/\/explora.cl\/antofagasta\/wp-json\/wp\/v2\/posts\/32213","targetHints":{"allow":["GET"]}}],"collection":[{"href":"https:\/\/explora.cl\/antofagasta\/wp-json\/wp\/v2\/posts"}],"about":[{"href":"https:\/\/explora.cl\/antofagasta\/wp-json\/wp\/v2\/types\/post"}],"author":[{"embeddable":true,"href":"https:\/\/explora.cl\/antofagasta\/wp-json\/wp\/v2\/users\/2"}],"replies":[{"embeddable":true,"href":"https:\/\/explora.cl\/antofagasta\/wp-json\/wp\/v2\/comments?post=32213"}],"version-history":[{"count":1,"href":"https:\/\/explora.cl\/antofagasta\/wp-json\/wp\/v2\/posts\/32213\/revisions"}],"predecessor-version":[{"id":38685,"href":"https:\/\/explora.cl\/antofagasta\/wp-json\/wp\/v2\/posts\/32213\/revisions\/38685"}],"wp:featuredmedia":[{"embeddable":true,"href":"https:\/\/explora.cl\/antofagasta\/wp-json\/"}],"wp:attachment":[{"href":"https:\/\/explora.cl\/antofagasta\/wp-json\/wp\/v2\/media?parent=32213"}],"wp:term":[{"taxonomy":"category","embeddable":true,"href":"https:\/\/explora.cl\/antofagasta\/wp-json\/wp\/v2\/categories?post=32213"},{"taxonomy":"post_tag","embeddable":true,"href":"https:\/\/explora.cl\/antofagasta\/wp-json\/wp\/v2\/tags?post=32213"}],"curies":[{"name":"wp","href":"https:\/\/api.w.org\/{rel}","templated":true}]}}