{"id":32197,"date":"2015-11-11T15:31:48","date_gmt":"2015-11-11T15:31:48","guid":{"rendered":"https:\/\/explora.cl\/antofagasta\/blog\/2015\/11\/11\/estudiantes-de-la-region-de-antofagasta-presentaron-en-punta-arenas-trabajos-cientificos-sobre-la-antartica\/"},"modified":"2019-05-16T03:19:50","modified_gmt":"2019-05-16T03:19:50","slug":"estudiantes-de-la-region-de-antofagasta-presentaron-en-punta-arenas-trabajos-cientificos-sobre-la-antartica","status":"publish","type":"post","link":"https:\/\/explora.cl\/antofagasta\/estudiantes-de-la-region-de-antofagasta-presentaron-en-punta-arenas-trabajos-cientificos-sobre-la-antartica\/","title":{"rendered":"Estudiantes de la Regi\u00f3n de Antofagasta presentaron en Punta Arenas trabajos cient\u00edficos sobre la Ant\u00e1rtica"},"content":{"rendered":"<p>Los estudiantes Valentina Ubillo y Sebasti\u00e1n Astudillo del Colegio Ingl\u00e9s San Jos\u00e9 de Antofagasta, y Alexis Mu\u00f1oz y Constanza Torrej\u00f3n del Liceo Radomiro Tomic Romero de Calama, participaron de la <strong>XII Feria Ant\u00e1rtica Escolar (FAE),<\/strong> encuentro de ciencia realizado en Punta Arenas en que j\u00f3venes de todo el pa\u00eds presentaron investigaciones sobre el Continente Blanco. <\/p>\n<p>Los representantes de la Regi\u00f3n de Antofagasta, dieron a conocer las investigaciones <strong>&#8220;Estudio preliminar de la sismicidad de la Ant\u00e1rtida&#8221;<\/strong> (Liceo Radomiro Tomic Romero) y<strong> &#8220;Efectos de la radiaci\u00f3n UV sobre el plancton ant\u00e1rtico&#8221;<\/strong> (Colegio Ingl\u00e9s San Jos\u00e9), las que fueron desarrolladas junto sus respectivos profesores, Jos\u00e9 Rojo y Norma Cruz.<\/p>\n<p>El trabajo de Calama fue de tipo bibliogr\u00e1fico y trat\u00f3 sobre la sismicidad que presenta la Ant\u00e1rtida en comparaci\u00f3n con los movimientos tel\u00faricos del norte de Chile, por lo que los estudiantes analizaron cu\u00e1les ser\u00edan los efectos en hielo ant\u00e1rtico si se produjeran mayores sismos en cuanto a intensidad y en cuanto a cantidad. Mientras que el de Antofagasta trataba sobre los efectos de la radiaci\u00f3n UV sobre el plancton ant\u00e1rtico, ya que estudios indican que el exceso de \u00e9ste &#8211; provocados por el debilitamiento de la capa de Ozono &#8211; es capaz de afectar negativamente la actividad, el desarrollo y la supervivencia de los seres vivos.<\/p>\n<p>Las investigaciones de los j\u00f3venes fueron parte de un total de 28 trabajos, los que se presentaron en modalidad stand. \u00c9stos pasaron por una evaluaci\u00f3n realizada por un jurado cient\u00edfico y uno ciudadano, el que estuvo conformado por profesionales de diferentes instituciones p\u00fablicas y privadas, quienes dieron puntaje por la calidad divulgativa de los proyectos para un p\u00fablico no experto.<\/p>\n<p>El encargado de congresos y ferias del PAR EXPLORA Antofagasta, Sebasti\u00e1n Gallardo, explic\u00f3 que &#8220;como proyecto nos encargamos de promover la participaci\u00f3n de los estudiantes de la zona norte en la Feria Ant\u00e1rtica Escolar, encuentro del que se pueden desprender dos elementos fundamentales. El primero es que la Ant\u00e1rtica le pertenece a todos los chilenos y que est\u00e1 disponible para cada regi\u00f3n, por muy alejada que este, y lo segundo es que los trabajos realizados en nuestras regiones nortinas tienen toda la fortaleza y calidad de un trabajo cient\u00edfico concreto. Fueron seleccionados justamente por eso, porque los j\u00f3venes y profesores de la regi\u00f3n pueden desarrollar actividades potentes para demostrar que la ciencia ant\u00e1rtica es posible hacerla desde el desierto y las costas. Esperamos que los estudiantes se motiven a participar en una nueva versi\u00f3n&#8221;.<\/p>\n<p><strong>Experiencia de los estudiantes<\/strong><\/p>\n<p>Si bien los participantes de la Regi\u00f3n de Antofagasta no obtuvieron un lugar en la FAE, comentaron que la s\u00f3lo la experiencia de haber participado en el encuentro juvenil signific\u00f3 un triunfo para ellos. As\u00ed lo manifest\u00f3 la estudiante del Colegio Ingl\u00e9s San Jos\u00e9, Valentina Ubillo, quien dijo que &#8220;fue una oportunidad \u00fanica. M\u00e1s que ir a ganar, rescato el haber disfrutado y conocido a tanta gente que comparte los mismos gustos cient\u00edficos, quienes se hac\u00edan el tiempo de responder preguntas asociadas al tema. Era primera vez que particip\u00e1bamos con mi compa\u00f1ero Sebasti\u00e1n, por lo que haber quedado seleccionados ya era un premio para nosotros. El aprendizaje que nos llevamos es enorme, uno va aprendiendo desde que comienza a realizar el trabajo&#8221;.<\/p>\n<p>Por su parte la escolar del Liceo Radomiro Tomic Romero, Constanza Torrej\u00f3n, expres\u00f3 que &#8220;fue una nueva y gran experiencia, tambi\u00e9n un sue\u00f1o de poder viajar al sur de Chile ya que yo solamente conoc\u00eda hasta la cuarta regi\u00f3n. Me sirvi\u00f3 para superar mis metas y darme cuenta que puedo llegar m\u00e1s all\u00e1 de mis l\u00edmites propuestos. Gracias a esta experiencia aprend\u00ed que a trav\u00e9s de los estudios se puede salir adelante independiente de la situaci\u00f3n en la que uno viva o tenga&#8221;.<\/p>\n<p>Escrito por Claudia C\u00e1ceres.<\/p><\/p>\n","protected":false},"excerpt":{"rendered":"<p>Los estudiantes Valentina Ubillo y Sebasti\u00e1n Astudillo del Colegio Ingl\u00e9s San Jos\u00e9 de Antofagasta, y Alexis Mu\u00f1oz y Constanza Torrej\u00f3n del Liceo Radomiro Tomic Romero de Calama, participaron de la XII Feria Ant\u00e1rtica Escolar (FAE), encuentro de ciencia realizado en Punta Arenas en que j\u00f3venes de todo el pa\u00eds presentaron investigaciones sobre el Continente Blanco. [&hellip;]<\/p>\n","protected":false},"author":2,"featured_media":0,"comment_status":"closed","ping_status":"open","sticky":false,"template":"","format":"standard","meta":{"_acf_changed":false,"_exactmetrics_skip_tracking":false,"_exactmetrics_sitenote_active":false,"_exactmetrics_sitenote_note":"","_exactmetrics_sitenote_category":0,"footnotes":"","_links_to":"","_links_to_target":""},"categories":[4],"tags":[194],"class_list":["post-32197","post","type-post","status-publish","format-standard","hentry","category-noticias","tag-fae"],"acf":[],"yoast_head":"<!-- This site is optimized with the Yoast SEO plugin v26.9 - https:\/\/yoast.com\/product\/yoast-seo-wordpress\/ -->\n<title>Estudiantes de la Regi\u00f3n de Antofagasta presentaron en Punta Arenas trabajos cient\u00edficos sobre la Ant\u00e1rtica - Antofagasta<\/title>\n<meta name=\"robots\" content=\"index, follow, max-snippet:-1, max-image-preview:large, max-video-preview:-1\" \/>\n<link rel=\"canonical\" href=\"https:\/\/explora.cl\/antofagasta\/estudiantes-de-la-region-de-antofagasta-presentaron-en-punta-arenas-trabajos-cientificos-sobre-la-antartica\/\" class=\"yoast-seo-meta-tag\" \/>\n<meta property=\"og:locale\" content=\"es_ES\" class=\"yoast-seo-meta-tag\" \/>\n<meta property=\"og:type\" content=\"article\" class=\"yoast-seo-meta-tag\" \/>\n<meta property=\"og:title\" content=\"Estudiantes de la Regi\u00f3n de Antofagasta presentaron en Punta Arenas trabajos cient\u00edficos sobre la Ant\u00e1rtica - Antofagasta\" class=\"yoast-seo-meta-tag\" \/>\n<meta property=\"og:description\" content=\"Los estudiantes Valentina Ubillo y Sebasti\u00e1n Astudillo del Colegio Ingl\u00e9s San Jos\u00e9 de Antofagasta, y Alexis Mu\u00f1oz y Constanza Torrej\u00f3n del Liceo Radomiro Tomic Romero de Calama, participaron de la XII Feria Ant\u00e1rtica Escolar (FAE), encuentro de ciencia realizado en Punta Arenas en que j\u00f3venes de todo el pa\u00eds presentaron investigaciones sobre el Continente Blanco. [&hellip;]\" class=\"yoast-seo-meta-tag\" \/>\n<meta property=\"og:url\" content=\"https:\/\/explora.cl\/antofagasta\/estudiantes-de-la-region-de-antofagasta-presentaron-en-punta-arenas-trabajos-cientificos-sobre-la-antartica\/\" class=\"yoast-seo-meta-tag\" \/>\n<meta property=\"og:site_name\" content=\"Antofagasta\" class=\"yoast-seo-meta-tag\" \/>\n<meta property=\"article:published_time\" content=\"2015-11-11T15:31:48+00:00\" class=\"yoast-seo-meta-tag\" \/>\n<meta property=\"article:modified_time\" content=\"2019-05-16T03:19:50+00:00\" class=\"yoast-seo-meta-tag\" \/>\n<meta name=\"author\" content=\"webman\" class=\"yoast-seo-meta-tag\" \/>\n<meta name=\"twitter:card\" content=\"summary_large_image\" class=\"yoast-seo-meta-tag\" \/>\n<meta name=\"twitter:label1\" content=\"Escrito por\" class=\"yoast-seo-meta-tag\" \/>\n\t<meta name=\"twitter:data1\" content=\"webman\" class=\"yoast-seo-meta-tag\" \/>\n\t<meta name=\"twitter:label2\" content=\"Tiempo estimado de lectura\" class=\"yoast-seo-meta-tag\" \/>\n\t<meta name=\"twitter:data2\" content=\"3 minutos\" class=\"yoast-seo-meta-tag\" \/>\n<script type=\"application\/ld+json\" class=\"yoast-schema-graph\">{\"@context\":\"https:\/\/schema.org\",\"@graph\":[{\"@type\":\"Article\",\"@id\":\"https:\/\/explora.cl\/antofagasta\/estudiantes-de-la-region-de-antofagasta-presentaron-en-punta-arenas-trabajos-cientificos-sobre-la-antartica\/#article\",\"isPartOf\":{\"@id\":\"https:\/\/explora.cl\/antofagasta\/estudiantes-de-la-region-de-antofagasta-presentaron-en-punta-arenas-trabajos-cientificos-sobre-la-antartica\/\"},\"author\":{\"name\":\"webman\",\"@id\":\"https:\/\/explora.cl\/antofagasta\/#\/schema\/person\/cb8349c13ea2d324080adf8480d7ba5d\"},\"headline\":\"Estudiantes de la Regi\u00f3n de Antofagasta presentaron en Punta Arenas trabajos cient\u00edficos sobre la Ant\u00e1rtica\",\"datePublished\":\"2015-11-11T15:31:48+00:00\",\"dateModified\":\"2019-05-16T03:19:50+00:00\",\"mainEntityOfPage\":{\"@id\":\"https:\/\/explora.cl\/antofagasta\/estudiantes-de-la-region-de-antofagasta-presentaron-en-punta-arenas-trabajos-cientificos-sobre-la-antartica\/\"},\"wordCount\":692,\"keywords\":[\"FAE\"],\"articleSection\":[\"Noticias\"],\"inLanguage\":\"es-CL\"},{\"@type\":\"WebPage\",\"@id\":\"https:\/\/explora.cl\/antofagasta\/estudiantes-de-la-region-de-antofagasta-presentaron-en-punta-arenas-trabajos-cientificos-sobre-la-antartica\/\",\"url\":\"https:\/\/explora.cl\/antofagasta\/estudiantes-de-la-region-de-antofagasta-presentaron-en-punta-arenas-trabajos-cientificos-sobre-la-antartica\/\",\"name\":\"Estudiantes de la Regi\u00f3n de Antofagasta presentaron en Punta Arenas trabajos cient\u00edficos sobre la Ant\u00e1rtica - Antofagasta\",\"isPartOf\":{\"@id\":\"https:\/\/explora.cl\/antofagasta\/#website\"},\"datePublished\":\"2015-11-11T15:31:48+00:00\",\"dateModified\":\"2019-05-16T03:19:50+00:00\",\"author\":{\"@id\":\"https:\/\/explora.cl\/antofagasta\/#\/schema\/person\/cb8349c13ea2d324080adf8480d7ba5d\"},\"breadcrumb\":{\"@id\":\"https:\/\/explora.cl\/antofagasta\/estudiantes-de-la-region-de-antofagasta-presentaron-en-punta-arenas-trabajos-cientificos-sobre-la-antartica\/#breadcrumb\"},\"inLanguage\":\"es-CL\",\"potentialAction\":[{\"@type\":\"ReadAction\",\"target\":[\"https:\/\/explora.cl\/antofagasta\/estudiantes-de-la-region-de-antofagasta-presentaron-en-punta-arenas-trabajos-cientificos-sobre-la-antartica\/\"]}]},{\"@type\":\"BreadcrumbList\",\"@id\":\"https:\/\/explora.cl\/antofagasta\/estudiantes-de-la-region-de-antofagasta-presentaron-en-punta-arenas-trabajos-cientificos-sobre-la-antartica\/#breadcrumb\",\"itemListElement\":[{\"@type\":\"ListItem\",\"position\":1,\"name\":\"Portada\",\"item\":\"https:\/\/explora.cl\/antofagasta\/\"},{\"@type\":\"ListItem\",\"position\":2,\"name\":\"Estudiantes de la Regi\u00f3n de Antofagasta presentaron en Punta Arenas trabajos cient\u00edficos sobre la Ant\u00e1rtica\"}]},{\"@type\":\"WebSite\",\"@id\":\"https:\/\/explora.cl\/antofagasta\/#website\",\"url\":\"https:\/\/explora.cl\/antofagasta\/\",\"name\":\"Antofagasta\",\"description\":\"Otro sitio m\u00e1s de explora.cl\",\"potentialAction\":[{\"@type\":\"SearchAction\",\"target\":{\"@type\":\"EntryPoint\",\"urlTemplate\":\"https:\/\/explora.cl\/antofagasta\/?s={search_term_string}\"},\"query-input\":{\"@type\":\"PropertyValueSpecification\",\"valueRequired\":true,\"valueName\":\"search_term_string\"}}],\"inLanguage\":\"es-CL\"},{\"@type\":\"Person\",\"@id\":\"https:\/\/explora.cl\/antofagasta\/#\/schema\/person\/cb8349c13ea2d324080adf8480d7ba5d\",\"name\":\"webman\",\"image\":{\"@type\":\"ImageObject\",\"inLanguage\":\"es-CL\",\"@id\":\"https:\/\/explora.cl\/antofagasta\/#\/schema\/person\/image\/\",\"url\":\"https:\/\/secure.gravatar.com\/avatar\/eeff3c82f2c02f7177d13663b7e6f890e9a6a0647ce9bb29cae02dcb094c7312?s=96&d=mm&r=g\",\"contentUrl\":\"https:\/\/secure.gravatar.com\/avatar\/eeff3c82f2c02f7177d13663b7e6f890e9a6a0647ce9bb29cae02dcb094c7312?s=96&d=mm&r=g\",\"caption\":\"webman\"},\"url\":\"https:\/\/explora.cl\/antofagasta\/author\/webman\/\"}]}<\/script>\n<!-- \/ Yoast SEO plugin. -->","yoast_head_json":{"title":"Estudiantes de la Regi\u00f3n de Antofagasta presentaron en Punta Arenas trabajos cient\u00edficos sobre la Ant\u00e1rtica - Antofagasta","robots":{"index":"index","follow":"follow","max-snippet":"max-snippet:-1","max-image-preview":"max-image-preview:large","max-video-preview":"max-video-preview:-1"},"canonical":"https:\/\/explora.cl\/antofagasta\/estudiantes-de-la-region-de-antofagasta-presentaron-en-punta-arenas-trabajos-cientificos-sobre-la-antartica\/","og_locale":"es_ES","og_type":"article","og_title":"Estudiantes de la Regi\u00f3n de Antofagasta presentaron en Punta Arenas trabajos cient\u00edficos sobre la Ant\u00e1rtica - Antofagasta","og_description":"Los estudiantes Valentina Ubillo y Sebasti\u00e1n Astudillo del Colegio Ingl\u00e9s San Jos\u00e9 de Antofagasta, y Alexis Mu\u00f1oz y Constanza Torrej\u00f3n del Liceo Radomiro Tomic Romero de Calama, participaron de la XII Feria Ant\u00e1rtica Escolar (FAE), encuentro de ciencia realizado en Punta Arenas en que j\u00f3venes de todo el pa\u00eds presentaron investigaciones sobre el Continente Blanco. [&hellip;]","og_url":"https:\/\/explora.cl\/antofagasta\/estudiantes-de-la-region-de-antofagasta-presentaron-en-punta-arenas-trabajos-cientificos-sobre-la-antartica\/","og_site_name":"Antofagasta","article_published_time":"2015-11-11T15:31:48+00:00","article_modified_time":"2019-05-16T03:19:50+00:00","author":"webman","twitter_card":"summary_large_image","twitter_misc":{"Escrito por":"webman","Tiempo estimado de lectura":"3 minutos"},"schema":{"@context":"https:\/\/schema.org","@graph":[{"@type":"Article","@id":"https:\/\/explora.cl\/antofagasta\/estudiantes-de-la-region-de-antofagasta-presentaron-en-punta-arenas-trabajos-cientificos-sobre-la-antartica\/#article","isPartOf":{"@id":"https:\/\/explora.cl\/antofagasta\/estudiantes-de-la-region-de-antofagasta-presentaron-en-punta-arenas-trabajos-cientificos-sobre-la-antartica\/"},"author":{"name":"webman","@id":"https:\/\/explora.cl\/antofagasta\/#\/schema\/person\/cb8349c13ea2d324080adf8480d7ba5d"},"headline":"Estudiantes de la Regi\u00f3n de Antofagasta presentaron en Punta Arenas trabajos cient\u00edficos sobre la Ant\u00e1rtica","datePublished":"2015-11-11T15:31:48+00:00","dateModified":"2019-05-16T03:19:50+00:00","mainEntityOfPage":{"@id":"https:\/\/explora.cl\/antofagasta\/estudiantes-de-la-region-de-antofagasta-presentaron-en-punta-arenas-trabajos-cientificos-sobre-la-antartica\/"},"wordCount":692,"keywords":["FAE"],"articleSection":["Noticias"],"inLanguage":"es-CL"},{"@type":"WebPage","@id":"https:\/\/explora.cl\/antofagasta\/estudiantes-de-la-region-de-antofagasta-presentaron-en-punta-arenas-trabajos-cientificos-sobre-la-antartica\/","url":"https:\/\/explora.cl\/antofagasta\/estudiantes-de-la-region-de-antofagasta-presentaron-en-punta-arenas-trabajos-cientificos-sobre-la-antartica\/","name":"Estudiantes de la Regi\u00f3n de Antofagasta presentaron en Punta Arenas trabajos cient\u00edficos sobre la Ant\u00e1rtica - Antofagasta","isPartOf":{"@id":"https:\/\/explora.cl\/antofagasta\/#website"},"datePublished":"2015-11-11T15:31:48+00:00","dateModified":"2019-05-16T03:19:50+00:00","author":{"@id":"https:\/\/explora.cl\/antofagasta\/#\/schema\/person\/cb8349c13ea2d324080adf8480d7ba5d"},"breadcrumb":{"@id":"https:\/\/explora.cl\/antofagasta\/estudiantes-de-la-region-de-antofagasta-presentaron-en-punta-arenas-trabajos-cientificos-sobre-la-antartica\/#breadcrumb"},"inLanguage":"es-CL","potentialAction":[{"@type":"ReadAction","target":["https:\/\/explora.cl\/antofagasta\/estudiantes-de-la-region-de-antofagasta-presentaron-en-punta-arenas-trabajos-cientificos-sobre-la-antartica\/"]}]},{"@type":"BreadcrumbList","@id":"https:\/\/explora.cl\/antofagasta\/estudiantes-de-la-region-de-antofagasta-presentaron-en-punta-arenas-trabajos-cientificos-sobre-la-antartica\/#breadcrumb","itemListElement":[{"@type":"ListItem","position":1,"name":"Portada","item":"https:\/\/explora.cl\/antofagasta\/"},{"@type":"ListItem","position":2,"name":"Estudiantes de la Regi\u00f3n de Antofagasta presentaron en Punta Arenas trabajos cient\u00edficos sobre la Ant\u00e1rtica"}]},{"@type":"WebSite","@id":"https:\/\/explora.cl\/antofagasta\/#website","url":"https:\/\/explora.cl\/antofagasta\/","name":"Antofagasta","description":"Otro sitio m\u00e1s de explora.cl","potentialAction":[{"@type":"SearchAction","target":{"@type":"EntryPoint","urlTemplate":"https:\/\/explora.cl\/antofagasta\/?s={search_term_string}"},"query-input":{"@type":"PropertyValueSpecification","valueRequired":true,"valueName":"search_term_string"}}],"inLanguage":"es-CL"},{"@type":"Person","@id":"https:\/\/explora.cl\/antofagasta\/#\/schema\/person\/cb8349c13ea2d324080adf8480d7ba5d","name":"webman","image":{"@type":"ImageObject","inLanguage":"es-CL","@id":"https:\/\/explora.cl\/antofagasta\/#\/schema\/person\/image\/","url":"https:\/\/secure.gravatar.com\/avatar\/eeff3c82f2c02f7177d13663b7e6f890e9a6a0647ce9bb29cae02dcb094c7312?s=96&d=mm&r=g","contentUrl":"https:\/\/secure.gravatar.com\/avatar\/eeff3c82f2c02f7177d13663b7e6f890e9a6a0647ce9bb29cae02dcb094c7312?s=96&d=mm&r=g","caption":"webman"},"url":"https:\/\/explora.cl\/antofagasta\/author\/webman\/"}]}},"_links":{"self":[{"href":"https:\/\/explora.cl\/antofagasta\/wp-json\/wp\/v2\/posts\/32197","targetHints":{"allow":["GET"]}}],"collection":[{"href":"https:\/\/explora.cl\/antofagasta\/wp-json\/wp\/v2\/posts"}],"about":[{"href":"https:\/\/explora.cl\/antofagasta\/wp-json\/wp\/v2\/types\/post"}],"author":[{"embeddable":true,"href":"https:\/\/explora.cl\/antofagasta\/wp-json\/wp\/v2\/users\/2"}],"replies":[{"embeddable":true,"href":"https:\/\/explora.cl\/antofagasta\/wp-json\/wp\/v2\/comments?post=32197"}],"version-history":[{"count":1,"href":"https:\/\/explora.cl\/antofagasta\/wp-json\/wp\/v2\/posts\/32197\/revisions"}],"predecessor-version":[{"id":38677,"href":"https:\/\/explora.cl\/antofagasta\/wp-json\/wp\/v2\/posts\/32197\/revisions\/38677"}],"wp:attachment":[{"href":"https:\/\/explora.cl\/antofagasta\/wp-json\/wp\/v2\/media?parent=32197"}],"wp:term":[{"taxonomy":"category","embeddable":true,"href":"https:\/\/explora.cl\/antofagasta\/wp-json\/wp\/v2\/categories?post=32197"},{"taxonomy":"post_tag","embeddable":true,"href":"https:\/\/explora.cl\/antofagasta\/wp-json\/wp\/v2\/tags?post=32197"}],"curies":[{"name":"wp","href":"https:\/\/api.w.org\/{rel}","templated":true}]}}